{"id":317836,"date":"2025-08-14T05:05:17","date_gmt":"2025-08-14T05:05:17","guid":{"rendered":"https:\/\/www.europesays.com\/fr\/317836\/"},"modified":"2025-08-14T05:05:17","modified_gmt":"2025-08-14T05:05:17","slug":"selestat-compter-connaitre-et-proteger-les-especes-animales-grace-aux-associations-naturalistes","status":"publish","type":"post","link":"https:\/\/www.europesays.com\/fr\/317836\/","title":{"rendered":"S\u00e9lestat. Compter, conna\u00eetre et prot\u00e9ger les esp\u00e8ces animales gr\u00e2ce aux associations naturalistes"},"content":{"rendered":"<p>Dans la r\u00e9serve de l\u2019Illwald, ce n\u2019est pas une ou deux esp\u00e8ces de chauve-souris qu\u2019on peut observer au coucher du soleil, mais plut\u00f4t\u2026 17\u00a0! \u00ab\u00a0Qui vivent l\u00e0 ou sont de passage\u00a0\u00bb, affirme Ambre Heintz, technicienne environnement \u00e0 la Ville de S\u00e9lestat. Et \u00e7a, on le sait gr\u00e2ce aux comptages.<\/p>\n<p>Cet inventaire de chauve-souris, c\u2019est le Gepma (Groupe d\u2019\u00e9tude et de protection des mammif\u00e8res d\u2019Alsace) qui l\u2019a men\u00e9. \u00ab\u00a0On avait fait des captures temporaires et des analyses acoustiques pour identifier des g\u00eetes&#8230;<\/p>\n","protected":false},"excerpt":{"rendered":"Dans la r\u00e9serve de l\u2019Illwald, ce n\u2019est pas une ou deux esp\u00e8ces de chauve-souris qu\u2019on peut observer au&hellip;\n","protected":false},"author":2,"featured_media":317837,"comment_status":"","ping_status":"","sticky":false,"template":"","format":"standard","meta":{"footnotes":""},"categories":[2820],"tags":[1111,11,3143,436,1777,674,107,1011,27,775,3035,12,25,3142,3141,640],"class_list":{"0":"post-317836","1":"post","2":"type-post","3":"status-publish","4":"format-standard","5":"has-post-thumbnail","7":"category-strasbourg","8":"tag-actu","9":"tag-actualites","10":"tag-edition-selestat-erstein","11":"tag-environnement","12":"tag-eu","13":"tag-europe","14":"tag-fil-info","15":"tag-fr","16":"tag-france","17":"tag-grand-est","18":"tag-la-matinale-strasbourg","19":"tag-news","20":"tag-republique-francaise","21":"tag-secteur-de-selestat","22":"tag-selestat","23":"tag-strasbourg"},"share_on_mastodon":{"url":"https:\/\/pubeurope.com\/@fr\/115025380987283988","error":""},"_links":{"self":[{"href":"https:\/\/www.europesays.com\/fr\/wp-json\/wp\/v2\/posts\/317836","targetHints":{"allow":["GET"]}}],"collection":[{"href":"https:\/\/www.europesays.com\/fr\/wp-json\/wp\/v2\/posts"}],"about":[{"href":"https:\/\/www.europesays.com\/fr\/wp-json\/wp\/v2\/types\/post"}],"author":[{"embeddable":true,"href":"https:\/\/www.europesays.com\/fr\/wp-json\/wp\/v2\/users\/2"}],"replies":[{"embeddable":true,"href":"https:\/\/www.europesays.com\/fr\/wp-json\/wp\/v2\/comments?post=317836"}],"version-history":[{"count":0,"href":"https:\/\/www.europesays.com\/fr\/wp-json\/wp\/v2\/posts\/317836\/revisions"}],"wp:featuredmedia":[{"embeddable":true,"href":"https:\/\/www.europesays.com\/fr\/wp-json\/wp\/v2\/media\/317837"}],"wp:attachment":[{"href":"https:\/\/www.europesays.com\/fr\/wp-json\/wp\/v2\/media?parent=317836"}],"wp:term":[{"taxonomy":"category","embeddable":true,"href":"https:\/\/www.europesays.com\/fr\/wp-json\/wp\/v2\/categories?post=317836"},{"taxonomy":"post_tag","embeddable":true,"href":"https:\/\/www.europesays.com\/fr\/wp-json\/wp\/v2\/tags?post=317836"}],"curies":[{"name":"wp","href":"https:\/\/api.w.org\/{rel}","templated":true}]}}