{"id":317838,"date":"2025-08-14T05:06:12","date_gmt":"2025-08-14T05:06:12","guid":{"rendered":"https:\/\/www.europesays.com\/fr\/317838\/"},"modified":"2025-08-14T05:06:12","modified_gmt":"2025-08-14T05:06:12","slug":"voici-8-activites-a-faire-a-strasbourg-et-aux-alentours","status":"publish","type":"post","link":"https:\/\/www.europesays.com\/fr\/317838\/","title":{"rendered":"voici 8 activit\u00e9s \u00e0 faire \u00e0 Strasbourg et aux alentours"},"content":{"rendered":"<p>            Par<br \/>\n        <strong><br \/>\n            <a href=\"https:\/\/actu.fr\/auteur\/ivan-capecchi\" title=\"Consulter tous les articles de Ivan CAPECCHI\" rel=\"nofollow noopener\" target=\"_blank\">Ivan CAPECCHI<\/a><br \/>\n        <\/strong><\/p>\n<p>        Publi\u00e9 le<\/p>\n<p>            14 ao\u00fbt 2025 \u00e0 7h02        <\/p>\n<p>Du vendredi\u00a015 au dimanche 17\u00a0ao\u00fbt 2025, Strasbourg et ses alentours proposeront un floril\u00e8ge d\u2019<a href=\"https:\/\/actu.fr\/tag\/animations\" rel=\"nofollow noopener\" target=\"_blank\">animations<\/a>, pour tous les go\u00fbts et tous les budgets. Voici notre s\u00e9lection.<\/p>\n<p>Illuminations de la cath\u00e9drale<\/p>\n<p class=\" wall-content\">Jusqu\u2019au 31\u00a0ao\u00fbt, la <strong>place du Ch\u00e2teau<\/strong> s\u2019anime chaque soir avec le <a href=\"https:\/\/actu.fr\/grand-est\/strasbourg_67482\/strasbourg-le-grand-spectacle-de-l-ete-2025-devoile-ce-sera-une-foret-immersive-au-pied-de-la-cathedrale_62697061.html\" rel=\"nofollow noopener\" target=\"_blank\">grand spectacle de l\u2019\u00e9t\u00e9<\/a> qui prend la forme cette ann\u00e9e d\u2019une <strong>for\u00eat po\u00e9tique et immersive<\/strong>.<\/p>\n<p class=\" wall-content\">La fa\u00e7ade occidentale (c\u00f4t\u00e9 rosace) de la <a href=\"https:\/\/actu.fr\/tag\/cathedrale-de-strasbourg\" rel=\"nofollow noopener\" target=\"_blank\">cath\u00e9drale de Strasbourg<\/a> est elle <strong>illumin\u00e9e \u00e0 partir de 22h30<\/strong>.<\/p>\n<p class=\" wall-content\">Le 15\u00a0ao\u00fbt \u00e0 21h, la soir\u00e9e sera ponctu\u00e9e d\u2019un<strong> concert du groupe Odass<\/strong>.<\/p>\n<p class=\" wall-content\">Gratuit.<\/p>\n<p>Cin\u00e9ma en plein air<\/p>\n<p class=\" wall-content\">Le vendredi 15\u00a0ao\u00fbt, le <a href=\"https:\/\/actu.fr\/grand-est\/strasbourg_67482\/ce-celebre-parc-de-strasbourg-fete-ses-20-ans-bientot-voici-les-animations-prevues_61581865.html\" rel=\"nofollow noopener\" target=\"_blank\">Jardin des Deux-Rives<\/a> accueillera une <strong>projection gratuite du classique d\u2019Alfred Hitchcock<\/strong>, L\u2019Homme qui en savait trop.<\/p>\n<p class=\" wall-content\">D\u00e9but de s\u00e9ance \u00e0 la tomb\u00e9e de la nuit.<\/p>\n<p class=\" wall-content\">Gratuit.<\/p>\n<p>F\u00eate du mariage de l\u2019ami Fritz \u00e0 Marlenheim<\/p>\n<p class=\" wall-content\">Les 14 et 15\u00a0ao\u00fbt, <strong>Marlenheim<\/strong> replonge dans le XIXe\u00a0si\u00e8cle pour c\u00e9l\u00e9brer la c\u00e9l\u00e8bre nouvelle d\u2019Erckmann-Chatrian, \u00e0 l\u2019occasion de la <strong>F\u00eate du mariage de l\u2019ami Fritz<\/strong>.<\/p>\n<p class=\" wall-content\">D\u00e9fil\u00e9s costum\u00e9s, spectacles de rue et animations folkloriques animent ce rendez-vous gratuit.<\/p>\n<p>Docks d\u2019\u00e9t\u00e9 \u00e0 Strasbourg<\/p>\n<p class=\" wall-content\">La presqu\u2019\u00eele Malraux se transforme en <strong>plage urbaine<\/strong> avec transats, p\u00e9dalos et ateliers ludiques. Un cadre parfait pour profiter du soleil sans quitter la ville.<\/p>\n<p class=\" wall-content\">Gratuit.<\/p>\n<p>Au Gr\u00e8s du Jazz \u00e0 La Petite-Pierre<\/p>\n<p class=\" wall-content\">Le<strong> festival de jazz<\/strong> se tient du 9 au 17\u00a0ao\u00fbt dans le cadre enchanteur des <strong>Vosges du Nord<\/strong> (on vous conseille vivement de passer une partie de la journ\u00e9e \u00e0 <a href=\"https:\/\/actu.fr\/grand-est\/la-petite-pierre_67371\/week-end-de-l-ascension-prenez-un-bol-d-air-frais-en-visitant-ce-village-alsacien-en-pleine-nature_59619799.html\" rel=\"nofollow noopener\" target=\"_blank\">visiter le village de La Petite-Pierre<\/a>, qui vaut vraiment le d\u00e9tour).<\/p>\n<p class=\" wall-content\">Le 15\u00a0ao\u00fbt, plusieurs <strong>concerts<\/strong> sont programm\u00e9s (programme complet sur le site officiel).<\/p>\n<p class=\" wall-content\">Payant. <a href=\"https:\/\/www.festival-augresdujazz.com\/\" rel=\"nofollow noopener\" target=\"_blank\">Plus d\u2019infos ici<\/a>.<\/p>\n<p>Festival Spirit in Black \u00e0 Colmar<\/p>\n<p class=\" wall-content\">Du 15 au 17\u00a0ao\u00fbt, les amateurs de <strong>m\u00e9tal<\/strong> ont rendez-vous \u00e0 <strong>Colmar<\/strong> et <strong>Guebwiller<\/strong> pour trois jours de <strong>concerts<\/strong>, <strong>food trucks<\/strong> et<strong> bi\u00e8res.<\/strong><\/p>\n<p class=\" wall-content\">Pass journ\u00e9e\u2009: 20\u00a0\u20ac. <a href=\"https:\/\/grillen.colmar.fr\/programmation\/festival-spirit-in-black-night-visions-day-1\" rel=\"nofollow noopener\" target=\"_blank\">Billetterie ici<\/a>.<\/p>\n<p>F\u00eate du Stubbehansel \u00e0 Benfeld<\/p>\n<p class=\" wall-content\">Du 15 au 17\u00a0ao\u00fbt, cette f\u00eate populaire m\u00eale <strong>concerts<\/strong>, <strong>march\u00e9 artisanal<\/strong> et <strong>animations familiales<\/strong>.<\/p>\n<p class=\" wall-content\">Entr\u00e9e libre.<\/p>\n<p>F\u00e9eries nocturnes au parc de Wesserling<\/p>\n<p class=\" wall-content\">Du 31\u00a0juillet au 30\u00a0ao\u00fbt, chaque jeudi, vendredi et samedi soir, <strong>les jardins du parc de Wesserling se parent de lumi\u00e8res et accueillent des spectacles de feu<\/strong>.<\/p>\n<p class=\" wall-content\">Payant. R\u00e9servation en ligne conseill\u00e9e mais pas obligatoire. <a href=\"https:\/\/www.parc-wesserling.fr\/evenements\/feeries-nocturnes\/\" rel=\"nofollow noopener\" target=\"_blank\">Plus d\u2019infos ici<\/a>.<\/p>\n<p class=\" wall-content\">Suivez toute l\u2019actualit\u00e9 de vos villes et m\u00e9dias favoris en vous inscrivant \u00e0 <a href=\"https:\/\/moncompte.actu.fr\" title=\"D\u00e9couvez Mon Actu\" rel=\"nofollow noopener\" data-trk=\"{&quot;cta&quot;:{&quot;action&quot;:&quot;https:\\\/\\\/moncompte.actu.fr&quot;,&quot;category&quot;:&quot;mon compte&quot;,&quot;from&quot;:&quot;article footer&quot;,&quot;name&quot;:&quot;Mon actu&quot;,&quot;type&quot;:&quot;cta&quot;}}\" target=\"_blank\">Mon Actu<\/a>.<\/p>\n","protected":false},"excerpt":{"rendered":"Par Ivan CAPECCHI Publi\u00e9 le 14 ao\u00fbt 2025 \u00e0 7h02 Du vendredi\u00a015 au dimanche 17\u00a0ao\u00fbt 2025, Strasbourg et&hellip;\n","protected":false},"author":2,"featured_media":317839,"comment_status":"","ping_status":"","sticky":false,"template":"","format":"standard","meta":{"footnotes":""},"categories":[2820],"tags":[1111,11,1777,674,1011,27,775,1652,12,25,640],"class_list":{"0":"post-317838","1":"post","2":"type-post","3":"status-publish","4":"format-standard","5":"has-post-thumbnail","7":"category-strasbourg","8":"tag-actu","9":"tag-actualites","10":"tag-eu","11":"tag-europe","12":"tag-fr","13":"tag-france","14":"tag-grand-est","15":"tag-loisirs-culture","16":"tag-news","17":"tag-republique-francaise","18":"tag-strasbourg"},"share_on_mastodon":{"url":"https:\/\/pubeurope.com\/@fr\/115025384800142475","error":""},"_links":{"self":[{"href":"https:\/\/www.europesays.com\/fr\/wp-json\/wp\/v2\/posts\/317838","targetHints":{"allow":["GET"]}}],"collection":[{"href":"https:\/\/www.europesays.com\/fr\/wp-json\/wp\/v2\/posts"}],"about":[{"href":"https:\/\/www.europesays.com\/fr\/wp-json\/wp\/v2\/types\/post"}],"author":[{"embeddable":true,"href":"https:\/\/www.europesays.com\/fr\/wp-json\/wp\/v2\/users\/2"}],"replies":[{"embeddable":true,"href":"https:\/\/www.europesays.com\/fr\/wp-json\/wp\/v2\/comments?post=317838"}],"version-history":[{"count":0,"href":"https:\/\/www.europesays.com\/fr\/wp-json\/wp\/v2\/posts\/317838\/revisions"}],"wp:featuredmedia":[{"embeddable":true,"href":"https:\/\/www.europesays.com\/fr\/wp-json\/wp\/v2\/media\/317839"}],"wp:attachment":[{"href":"https:\/\/www.europesays.com\/fr\/wp-json\/wp\/v2\/media?parent=317838"}],"wp:term":[{"taxonomy":"category","embeddable":true,"href":"https:\/\/www.europesays.com\/fr\/wp-json\/wp\/v2\/categories?post=317838"},{"taxonomy":"post_tag","embeddable":true,"href":"https:\/\/www.europesays.com\/fr\/wp-json\/wp\/v2\/tags?post=317838"}],"curies":[{"name":"wp","href":"https:\/\/api.w.org\/{rel}","templated":true}]}}