{"id":317840,"date":"2025-08-14T05:07:10","date_gmt":"2025-08-14T05:07:10","guid":{"rendered":"https:\/\/www.europesays.com\/fr\/317840\/"},"modified":"2025-08-14T05:07:10","modified_gmt":"2025-08-14T05:07:10","slug":"les-prix-les-plus-bas-de-nice-des-terrains-de-sport-sur-le-toit-200-places-de-parking-le-super-u-de-caucade-tres-attendu-dans-le-quartier-a-ouvert","status":"publish","type":"post","link":"https:\/\/www.europesays.com\/fr\/317840\/","title":{"rendered":"\u00ab\u00a0Les prix les plus bas de Nice\u00a0\u00bb, des terrains de sport sur le toit, 200 places de parking&#8230; Le Super U de Caucade, tr\u00e8s attendu dans le quartier, a ouvert"},"content":{"rendered":"<p>L\u2019odeur de peinture fra\u00eeche \u00e9manait encore du nouveau Super U de Caucade. Ce mercredi 13 ao\u00fbt 2025, \u00e0 l\u2019emplacement de l\u2019ancien stade des Eucalyptus, il a ouvert ses portes pour accueillir ses premiers clients. Toute la matin\u00e9e, les rayons et l\u2019ensemble des caisses (12, dont 4 libre-service) ont vu passer du monde, comme si le magasin avait toujours \u00e9t\u00e9 ouvert.<\/p>\n<p>Des hauteurs de Caucade, Jocelyne descend \u00e0 pied avec son chariot de courses. \u00ab\u00a0Il est l\u00e0, tout nouveau, tout beau\u00a0\u00bb, s\u2019exclame-t-elle, accompagn\u00e9e de sa fille. Les gens analysent, scrutent la structure. Le long de la fa\u00e7ade, le laveur de vitres termine son travail.<\/p>\n<p>Ce nouveau magasin de 2.200m\u00b2 remplace le U Express de Sainte-Marguerite, apr\u00e8s plus de 20 ans de service. \u00c0 la place y sera construit un magasin de bricolage Weldom d\u2019ici mars 2026. \u00ab\u00a0On \u00e9tait limit\u00e9s par la place, avec de grosses difficult\u00e9s de stationnement. Les gens des collines passaient chez nous, mais ne s\u2019arr\u00eataient pas\u00a0\u00bb, analyse Cl\u00e9ment Bourassin.<\/p>\n<p>Alors voil\u00e0 le magasin d\u00e9plac\u00e9 \u00e0 quelques centaines de m\u00e8tres, avec un parking sous-terrain de 200 places, accessible de 8h30\u00e0 20h, aux clients comme aux non-clients.<\/p>\n<p><strong>\u00ab\u00a0On continuera \u00e0 reconna\u00eetre les clients fid\u00e8les\u00a0\u00bb<\/strong><\/p>\n<p>De quoi bouleverser un peu les habitu\u00e9s. \u00ab\u00a0C\u2019est plus loin de chez moi, il faut que je marche plus\u00a0\u00bb, regrette Gis\u00e8le. \u00ab\u00a0Je trouvais tout au U Express. L\u00e0, on va mettre plus de temps pour faire les courses\u00a0\u00bb, estime Didier.<\/p>\n<p>\u00ab\u00a0Ce sera s\u00fbrement moins convivial et humain. Le personnel de l\u2019ancien U reconnaissait sa client\u00e8le. \u00c7a risque de changer\u00a0\u00bb, s\u2019inqui\u00e8te Faustine, voisine du nouvel \u00e9tablissement. Sur les r\u00e9seaux sociaux, ils sont nombreux \u00e0 avoir salu\u00e9 la gentillesse du personnel de l\u2019ancien magasin.<\/p>\n<p>\u00ab\u00a0Tous les collaborateurs du U Express ont \u00e9t\u00e9 transf\u00e9r\u00e9s ici, donc ils continueront \u00e0 reconna\u00eetre les clients fid\u00e8les. C\u2019est la m\u00eame entreprise, avec la m\u00eame culture de proximit\u00e9\u00a0\u00bb, rassure Cl\u00e9ment Bourassin.<\/p>\n<p>Dans les rayons, toujours des produits issus de producteurs maralpins, notamment pour les fruits et l\u00e9gumes, le fromage, le poisson, les p\u00e2tes et les produits \u00e0 base d\u2019olives.<\/p>\n<p>En termes de service, le magasin propose aussi du Drive, des lockers pour les colis (Vinted et La Poste pour l\u2019instant, avec l\u2019arriv\u00e9e prochaine d\u2019Amazon et Mondial Relay), ainsi qu\u2019une boulangerie-p\u00e2tisserie.<\/p>\n<p><strong>\u00ab\u00a0Les prix les plus bas de Nice\u00a0\u00bb<\/strong><\/p>\n<p>Beaucoup se sont r\u00e9jouis en amont de cette ouverture. \u00ab\u00a0En esp\u00e9rant que les prix baissent, parce que c\u2019\u00e9tait vraiment pas donn\u00e9\u00a0\u00bb, estimait un internaute sur Facebook concernant l\u2019ancien magasin U.<\/p>\n<p>R\u00e9sultat: les clients constatent bel et bien une baisse. \u00ab\u00a0Une cr\u00e8me visage que j\u2019achetais est bien moins ch\u00e8re\u00a0\u00bb, se r\u00e9jouit Sylvie. \u00ab\u00a0Oui, j\u2019ai bien l\u2019impression que les prix ont baiss\u00e9\u00a0\u00bb, constate Gis\u00e8le en scrutant les \u00e9tiquettes. D\u2019apr\u00e8s Cl\u00e9ment Bourassin, les prix sont plus bas de 20% par rapport au U Express. \u00ab\u00a0On est le supermarch\u00e9 le moins cher de Nice\u00a0\u00bb, vante fi\u00e8rement le directeur.<\/p>\n<p>Et comme la surface a \u00e9t\u00e9 presque tripl\u00e9e, l\u2019offre est \u00e9galement plus cons\u00e9quente. Au point que certains clients r\u00e9fl\u00e9chissent \u00e0 venir y faire leurs courses plus r\u00e9guli\u00e8rement.<\/p>\n<p>\u00ab\u00a0Le U Express \u00e9tait du d\u00e9pannage et je faisais mes grosses courses ailleurs. D\u00e9sormais, il est possible que je vienne pour tout\u00a0\u00bb, affirme Christine. Ce qui r\u00e9jouit le directeur, esp\u00e9rant ainsi devenir plus qu\u2019un magasin d\u2019appoint. Install\u00e9 tout proche du lyc\u00e9e Les Eucalyptus, il compte aussi attirer une jeune client\u00e8le.<\/p>\n<p><strong>Des terrains de sport et des panneaux solaires sur le toit<\/strong><\/p>\n<p>\u00c0 l\u2019emplacement du magasin flambant neuf, dont la construction a d\u00e9but\u00e9 en f\u00e9vrier 2024, il y avait auparavant un terrain de sport.<\/p>\n<p>Alors pour remplacer ce complexe qui devenait vieillissant et v\u00e9tuste, un espace d\u00e9di\u00e9 aux activit\u00e9s physiques (1) a \u00e9t\u00e9 construit\u2026 sur le toit du magasin! Am\u00e9nag\u00e9 par la Ville de Nice qui en est propri\u00e9taire, il propose un terrain de basket et de handball, ainsi qu\u2019une piste d\u2019athl\u00e9tisme avec 100 places en gradin, des vestiaires et des locaux pour l\u2019ASBTP, association omnisports de Nice.<\/p>\n<p>Au-dessus du terrain de basket, des panneaux photovolta\u00efques permettent de produire 15% de la consommation du magasin. Seul b\u00e9mol: la structure de 16m\u00e8tres de haut, qui g\u00e2che la vue de certains voisins.<\/p>\n<p>Cette ouverture a permis de cr\u00e9er 60 emplois: de 50 salari\u00e9s au U Express, l\u2019enseigne passe \u00e0 110 employ\u00e9s, esp\u00e9rant ensuite embaucher plus, en fonction de la fr\u00e9quentation.<\/p>\n<p>L\u2019inauguration officielle aura lieu le 27 ao\u00fbt, avec des bons d\u2019achat, des r\u00e9ductions, des d\u00e9gustations et des animations pr\u00e9vues.<\/p>\n<p>1. Ouverture \u00e0 la pratique libre du lundi au vendredi de 17h \u00e0 21h, et les samedi et dimanche de 9h \u00e0 18h.<\/p>\n<p>              <img ci-src=\"https:\/\/www.nicematin.com\/vie-locale\/protec\/DATA_ART_16072666-OPnCdC1u.jpg?vh=73b787&amp;ci_seal=43ee1e2411\" alt=\"\"\/><br \/>\n        Le nouveau terrain de basket et de handball, propri\u00e9t\u00e9 de la Ville de Nice &#8211; Photo Justine Meddah <\/p>\n<p>              <img ci-src=\"https:\/\/www.nicematin.com\/vie-locale\/protec\/DATA_ART_16072627-VdPtT1y4.jpg?vh=844e80&amp;ci_seal=081851e476\" alt=\"\"\/><br \/>\n        La piste d\u2019athl\u00e9tisme, avec vue sur mer, propri\u00e9t\u00e9 de la Ville de Nice &#8211; Photo Justine Meddah <\/p>\n<p>              <img ci-src=\"https:\/\/www.nicematin.com\/vie-locale\/protec\/DATA_ART_16072624-lN0MTggl.jpg?vh=1f8dfa&amp;ci_seal=b83e74bd5a\" alt=\"\"\/><br \/>\n        Les rayons du magasin \u00e9taient d\u00e9j\u00e0 arpent\u00e9s par les premiers clients d\u00e8s le d\u00e9but de matin\u00e9e &#8211; Photo Justine Meddah <\/p>\n","protected":false},"excerpt":{"rendered":"L\u2019odeur de peinture fra\u00eeche \u00e9manait encore du nouveau Super U de Caucade. Ce mercredi 13 ao\u00fbt 2025, \u00e0&hellip;\n","protected":false},"author":2,"featured_media":317841,"comment_status":"","ping_status":"","sticky":false,"template":"","format":"standard","meta":{"footnotes":""},"categories":[2819],"tags":[1111,11,215,1777,674,1011,27,12,2401,882,25,3366],"class_list":{"0":"post-317840","1":"post","2":"type-post","3":"status-publish","4":"format-standard","5":"has-post-thumbnail","7":"category-nice","8":"tag-actu","9":"tag-actualites","10":"tag-commerce","11":"tag-eu","12":"tag-europe","13":"tag-fr","14":"tag-france","15":"tag-news","16":"tag-nice","17":"tag-provence-alpes-cote-dazur","18":"tag-republique-francaise","19":"tag-vie-locale"},"share_on_mastodon":{"url":"https:\/\/pubeurope.com\/@fr\/115025388772252421","error":""},"_links":{"self":[{"href":"https:\/\/www.europesays.com\/fr\/wp-json\/wp\/v2\/posts\/317840","targetHints":{"allow":["GET"]}}],"collection":[{"href":"https:\/\/www.europesays.com\/fr\/wp-json\/wp\/v2\/posts"}],"about":[{"href":"https:\/\/www.europesays.com\/fr\/wp-json\/wp\/v2\/types\/post"}],"author":[{"embeddable":true,"href":"https:\/\/www.europesays.com\/fr\/wp-json\/wp\/v2\/users\/2"}],"replies":[{"embeddable":true,"href":"https:\/\/www.europesays.com\/fr\/wp-json\/wp\/v2\/comments?post=317840"}],"version-history":[{"count":0,"href":"https:\/\/www.europesays.com\/fr\/wp-json\/wp\/v2\/posts\/317840\/revisions"}],"wp:featuredmedia":[{"embeddable":true,"href":"https:\/\/www.europesays.com\/fr\/wp-json\/wp\/v2\/media\/317841"}],"wp:attachment":[{"href":"https:\/\/www.europesays.com\/fr\/wp-json\/wp\/v2\/media?parent=317840"}],"wp:term":[{"taxonomy":"category","embeddable":true,"href":"https:\/\/www.europesays.com\/fr\/wp-json\/wp\/v2\/categories?post=317840"},{"taxonomy":"post_tag","embeddable":true,"href":"https:\/\/www.europesays.com\/fr\/wp-json\/wp\/v2\/tags?post=317840"}],"curies":[{"name":"wp","href":"https:\/\/api.w.org\/{rel}","templated":true}]}}