{"id":317842,"date":"2025-08-14T05:08:09","date_gmt":"2025-08-14T05:08:09","guid":{"rendered":"https:\/\/www.europesays.com\/fr\/317842\/"},"modified":"2025-08-14T05:08:09","modified_gmt":"2025-08-14T05:08:09","slug":"orages-canicule-et-rafales-de-vent-selon-les-previsions","status":"publish","type":"post","link":"https:\/\/www.europesays.com\/fr\/317842\/","title":{"rendered":"orages, canicule et rafales de vent selon les pr\u00e9visions"},"content":{"rendered":"<p>            Par<br \/>\n        <strong><br \/>\n            <a href=\"https:\/\/actu.fr\/auteur\/ugo-maillard\" title=\"Consulter tous les articles de Ugo Maillard\" target=\"_blank\" rel=\"noopener\">Ugo Maillard<\/a><br \/>\n        <\/strong><\/p>\n<p>        Publi\u00e9 le<\/p>\n<p>            14 ao\u00fbt 2025 \u00e0 6h12        <\/p>\n<p>Jusque-l\u00e0 \u00e9pargn\u00e9e par les intemp\u00e9ries, la ville de <a href=\"https:\/\/actu.fr\/nice\/\" target=\"_blank\" rel=\"noopener\">Nice<\/a> va \u00eatre <strong>frapp\u00e9e par des orages<\/strong> ce jeudi 14\u00a0ao\u00fbt 2025. \u00c0 plus grande \u00e9chelle, le d\u00e9partement des <a href=\"https:\/\/actu.fr\/provence-alpes-cote-d-azur\/alpes-maritimes_06\" target=\"_blank\" rel=\"noopener\">Alpes-Maritimes<\/a> est plac\u00e9 en vigilance jaune aux <strong>orages de 12h \u00e0 21h<\/strong>.<\/p>\n<p class=\" wall-content\">Selon les donn\u00e9es de <a href=\"https:\/\/actu.fr\/tag\/meteo-france\" target=\"_blank\" rel=\"noopener\">M\u00e9t\u00e9o France<\/a>, la foudre ne devrait pas \u00eatre accompagn\u00e9e par des <a href=\"https:\/\/actu.fr\/tag\/pluie\" target=\"_blank\" rel=\"noopener\">averses<\/a>, \u00e0 Nice.<\/p>\n<p class=\" wall-content\">On fait le point sur les conditions m\u00e9t\u00e9orologiques des prochaines heures.<\/p>\n<p>Des orages dans l\u2019apr\u00e8s-midi<\/p>\n<p class=\" wall-content\">Les informations communiqu\u00e9es par le service officiel de la m\u00e9t\u00e9orologie et de la climatologie en France font \u00e9tat d\u2019<strong>orages entre 15h et 17h<\/strong> \u00e0 Nice.<\/p>\n<p class=\" wall-content\">Pour ce qui est du reste de la journ\u00e9e de jeudi, le soleil devrait \u00eatre pr\u00e9sent dans le ciel ni\u00e7ois avec quelques nuages localement.<\/p>\n<p>Des vents violents vont balayer la ville<\/p>\n<p>Selon les pr\u00e9visions de M\u00e9t\u00e9o France, des rafales de vent pouvant atteindre les 95 km\/h dans les rues de Nice.<\/p>\n<p class=\" wall-content\">C\u00f4t\u00e9 temp\u00e9rature, la maximale du jour sera de<strong> 32\u00b0C.<\/strong><\/p>\n<p>Des orages sur tout le d\u00e9partement<\/p>\n<p class=\" wall-content\">Pour cette journ\u00e9e du mardi 14\u00a0ao\u00fbt, le d\u00e9partement des Alpes-Maritimes est encore plac\u00e9 en vigilance orange canicule. Le mercure pourrait grimper jusqu\u2019\u00e0 37\u00b0C \u00e0 Saint-Martin-du-Var.<\/p>\n<p class=\" wall-content\">Les <a href=\"https:\/\/actu.fr\/tag\/orages\" target=\"_blank\" rel=\"noopener\">orages<\/a> sont annonc\u00e9s sur l\u2019int\u00e9gralit\u00e9 du territoire maralpin. Du c\u00f4t\u00e9 de Puget-Th\u00e9nier, de la <strong>gr\u00eale<\/strong> est m\u00eame attendue dans l\u2019apr\u00e8s-midi.<\/p>\n<p class=\" wall-content\">Suivez toute l\u2019actualit\u00e9 de vos villes et m\u00e9dias favoris en vous inscrivant \u00e0 <a href=\"https:\/\/moncompte.actu.fr\" title=\"D\u00e9couvez Mon Actu\" rel=\"nofollow noopener\" data-trk=\"{&quot;cta&quot;:{&quot;action&quot;:&quot;https:\\\/\\\/moncompte.actu.fr&quot;,&quot;category&quot;:&quot;mon compte&quot;,&quot;from&quot;:&quot;article footer&quot;,&quot;name&quot;:&quot;Mon actu&quot;,&quot;type&quot;:&quot;cta&quot;}}\" target=\"_blank\">Mon Actu<\/a>.<\/p>\n","protected":false},"excerpt":{"rendered":"Par Ugo Maillard Publi\u00e9 le 14 ao\u00fbt 2025 \u00e0 6h12 Jusque-l\u00e0 \u00e9pargn\u00e9e par les intemp\u00e9ries, la ville de&hellip;\n","protected":false},"author":2,"featured_media":28441,"comment_status":"","ping_status":"","sticky":false,"template":"","format":"standard","meta":{"footnotes":""},"categories":[2819],"tags":[1111,11,1777,674,1011,27,2487,2357,12,2401,4594,4459,882,25],"class_list":{"0":"post-317842","1":"post","2":"type-post","3":"status-publish","4":"format-standard","5":"has-post-thumbnail","7":"category-nice","8":"tag-actu","9":"tag-actualites","10":"tag-eu","11":"tag-europe","12":"tag-fr","13":"tag-france","14":"tag-meteo","15":"tag-meteo-france","16":"tag-news","17":"tag-nice","18":"tag-orages","19":"tag-pluie","20":"tag-provence-alpes-cote-dazur","21":"tag-republique-francaise"},"share_on_mastodon":{"url":"https:\/\/pubeurope.com\/@fr\/115025392715396021","error":""},"_links":{"self":[{"href":"https:\/\/www.europesays.com\/fr\/wp-json\/wp\/v2\/posts\/317842","targetHints":{"allow":["GET"]}}],"collection":[{"href":"https:\/\/www.europesays.com\/fr\/wp-json\/wp\/v2\/posts"}],"about":[{"href":"https:\/\/www.europesays.com\/fr\/wp-json\/wp\/v2\/types\/post"}],"author":[{"embeddable":true,"href":"https:\/\/www.europesays.com\/fr\/wp-json\/wp\/v2\/users\/2"}],"replies":[{"embeddable":true,"href":"https:\/\/www.europesays.com\/fr\/wp-json\/wp\/v2\/comments?post=317842"}],"version-history":[{"count":0,"href":"https:\/\/www.europesays.com\/fr\/wp-json\/wp\/v2\/posts\/317842\/revisions"}],"wp:featuredmedia":[{"embeddable":true,"href":"https:\/\/www.europesays.com\/fr\/wp-json\/wp\/v2\/media\/28441"}],"wp:attachment":[{"href":"https:\/\/www.europesays.com\/fr\/wp-json\/wp\/v2\/media?parent=317842"}],"wp:term":[{"taxonomy":"category","embeddable":true,"href":"https:\/\/www.europesays.com\/fr\/wp-json\/wp\/v2\/categories?post=317842"},{"taxonomy":"post_tag","embeddable":true,"href":"https:\/\/www.europesays.com\/fr\/wp-json\/wp\/v2\/tags?post=317842"}],"curies":[{"name":"wp","href":"https:\/\/api.w.org\/{rel}","templated":true}]}}