{"id":317843,"date":"2025-08-14T05:09:15","date_gmt":"2025-08-14T05:09:15","guid":{"rendered":"https:\/\/www.europesays.com\/fr\/317843\/"},"modified":"2025-08-14T05:09:15","modified_gmt":"2025-08-14T05:09:15","slug":"volotea-ouvre-une-nouvelle-ligne-vers-cette-capitale-europeenne","status":"publish","type":"post","link":"https:\/\/www.europesays.com\/fr\/317843\/","title":{"rendered":"Volotea ouvre une nouvelle ligne vers cette capitale europ\u00e9enne"},"content":{"rendered":"<p>            Par<br \/>\n        <strong><br \/>\n            <a href=\"https:\/\/actu.fr\/auteur\/clemence-pays02-actu-fr\" title=\"Consulter tous les articles de Cl\u00e9mence Pays\" target=\"_blank\" rel=\"noopener\">Cl\u00e9mence Pays<\/a><br \/>\n        <\/strong><\/p>\n<p>        Publi\u00e9 le<\/p>\n<p>            14 ao\u00fbt 2025 \u00e0 6h32        <\/p>\n<p>C\u2019est une premi\u00e8re pour <a href=\"https:\/\/actu.fr\/tag\/volotea\" target=\"_blank\" rel=\"noopener\">Volotea<\/a> \u00e0 Nantes. Mercredi 13\u00a0ao\u00fbt 2025, la compagnie a\u00e9rienne espagnole a annonc\u00e9 <strong>ouvrir une nouvelle ligne<\/strong> depuis l\u2019<a href=\"https:\/\/actu.fr\/tag\/nantes-atlantique-aeroport\" target=\"_blank\" rel=\"noopener\">a\u00e9roport Nantes Atlantique<\/a>, \u00e0 destination de <strong>Bruxelles-Charleroi.<\/strong><\/p>\n<p class=\" wall-content\">Avec cette route a\u00e9rienne suppl\u00e9mentaire, Volotea agrandit son r\u00e9seau nantais avec <strong>12 pays desservis<\/strong> depuis la cit\u00e9 des ducs de Bretagne.<\/p>\n<blockquote class=\"ac-article-quote wall-content\">\n<p>Nous sommes ravis de proposer une nouvelle liaison a\u00e9rienne entre Nantes et Bruxelles-Charleroi, marquant notre premi\u00e8re connexion vers la Belgique depuis la r\u00e9gion nantaise. [&#8230;] Cette ouverture illustre notre volont\u00e9 de renforcer l\u2019ancrage de Volotea \u00e0 Nantes, de consolider notre position de compagnie a\u00e9rienne de r\u00e9f\u00e9rence sur le territoire, et d\u2019accompagner le d\u00e9veloppement de nouvelles connexions vers les plus belles villes europ\u00e9ennes.<\/p>\n<p>    <strong>Gilles Gosselin<\/strong><br \/>\n        Directeur France de Volotea    <\/p><\/blockquote>\n<p>Ouverture de la ligne en 2026<\/p>\n<p class=\" wall-content\">\u00c0 partir du <strong>jeudi 12\u00a0f\u00e9vrier 2026,<\/strong> les Nantaises et Nantais pourront s\u2019envoler vers la capitale de la Belgique deux fois par semaine\u2009: les <strong>jeudis<\/strong> et <strong>dimanches.<\/strong><\/p>\n<p class=\" wall-content\">\u00ab\u2009Cette nouveaut\u00e9, <strong>disponible \u00e0 l\u2019achat d\u00e8s aujourd\u2019hui <\/strong>[13\u00a0ao\u00fbt, N.D.L.R.], porte l\u2019offre de Volotea \u00e0 48 destinations dans 12 pays au d\u00e9part de Nantes\u2009\u00bb, souligne la compagnie a\u00e9rienne.<\/p>\n<p class=\" wall-content\">Suivez toute l\u2019actualit\u00e9 de vos villes et m\u00e9dias favoris en vous inscrivant \u00e0 <a href=\"https:\/\/moncompte.actu.fr\" title=\"D\u00e9couvez Mon Actu\" rel=\"nofollow noopener\" data-trk=\"{&quot;cta&quot;:{&quot;action&quot;:&quot;https:\\\/\\\/moncompte.actu.fr&quot;,&quot;category&quot;:&quot;mon compte&quot;,&quot;from&quot;:&quot;article footer&quot;,&quot;name&quot;:&quot;Mon actu&quot;,&quot;type&quot;:&quot;cta&quot;}}\" target=\"_blank\">Mon Actu<\/a>.<\/p>\n","protected":false},"excerpt":{"rendered":"Par Cl\u00e9mence Pays Publi\u00e9 le 14 ao\u00fbt 2025 \u00e0 6h32 C\u2019est une premi\u00e8re pour Volotea \u00e0 Nantes. Mercredi&hellip;\n","protected":false},"author":2,"featured_media":317844,"comment_status":"","ping_status":"","sticky":false,"template":"","format":"standard","meta":{"footnotes":""},"categories":[2818],"tags":[1111,11,754,33,1777,674,1011,27,766,755,12,2636,25,11756],"class_list":{"0":"post-317843","1":"post","2":"type-post","3":"status-publish","4":"format-standard","5":"has-post-thumbnail","7":"category-nantes","8":"tag-actu","9":"tag-actualites","10":"tag-aeroport-de-nantes","11":"tag-economie","12":"tag-eu","13":"tag-europe","14":"tag-fr","15":"tag-france","16":"tag-nantes","17":"tag-nantes-atlantique-aeroport","18":"tag-news","19":"tag-pays-de-la-loire","20":"tag-republique-francaise","21":"tag-volotea"},"share_on_mastodon":{"url":"https:\/\/pubeurope.com\/@fr\/115025396563660879","error":""},"_links":{"self":[{"href":"https:\/\/www.europesays.com\/fr\/wp-json\/wp\/v2\/posts\/317843","targetHints":{"allow":["GET"]}}],"collection":[{"href":"https:\/\/www.europesays.com\/fr\/wp-json\/wp\/v2\/posts"}],"about":[{"href":"https:\/\/www.europesays.com\/fr\/wp-json\/wp\/v2\/types\/post"}],"author":[{"embeddable":true,"href":"https:\/\/www.europesays.com\/fr\/wp-json\/wp\/v2\/users\/2"}],"replies":[{"embeddable":true,"href":"https:\/\/www.europesays.com\/fr\/wp-json\/wp\/v2\/comments?post=317843"}],"version-history":[{"count":0,"href":"https:\/\/www.europesays.com\/fr\/wp-json\/wp\/v2\/posts\/317843\/revisions"}],"wp:featuredmedia":[{"embeddable":true,"href":"https:\/\/www.europesays.com\/fr\/wp-json\/wp\/v2\/media\/317844"}],"wp:attachment":[{"href":"https:\/\/www.europesays.com\/fr\/wp-json\/wp\/v2\/media?parent=317843"}],"wp:term":[{"taxonomy":"category","embeddable":true,"href":"https:\/\/www.europesays.com\/fr\/wp-json\/wp\/v2\/categories?post=317843"},{"taxonomy":"post_tag","embeddable":true,"href":"https:\/\/www.europesays.com\/fr\/wp-json\/wp\/v2\/tags?post=317843"}],"curies":[{"name":"wp","href":"https:\/\/api.w.org\/{rel}","templated":true}]}}