{"id":317850,"date":"2025-08-14T05:13:11","date_gmt":"2025-08-14T05:13:11","guid":{"rendered":"https:\/\/www.europesays.com\/fr\/317850\/"},"modified":"2025-08-14T05:13:11","modified_gmt":"2025-08-14T05:13:11","slug":"toulouse-quel-est-ce-grand-projet-ecologique-pour-chauffer-tout-un-quartier-a-toulouse-dici-2030","status":"publish","type":"post","link":"https:\/\/www.europesays.com\/fr\/317850\/","title":{"rendered":"Toulouse. Quel est ce grand projet \u00e9cologique pour chauffer tout un quartier \u00e0 Toulouse d&rsquo;ici 2030\u00a0?"},"content":{"rendered":"<p>            Par<br \/>\n        <strong><br \/>\n            <a href=\"https:\/\/actu.fr\/auteur\/enzo-legros\" title=\"Consulter tous les articles de Enzo Legros\" target=\"_blank\" rel=\"noopener\">Enzo Legros<\/a><br \/>\n        <\/strong><\/p>\n<p>        Publi\u00e9 le<\/p>\n<p>            14 ao\u00fbt 2025 \u00e0 7h08        <\/p>\n<p>C\u2019est un projet en plus dans un quartier en perp\u00e9tuel mouvement <a href=\"https:\/\/actu.fr\/toulouse\/\" target=\"_blank\" rel=\"noopener\">\u00e0 Toulouse.<\/a> Apr\u00e8s avoir vu la construction de<strong> nouveaux logements<\/strong> et la v\u00e9g\u00e9talisation des espaces publics, la zone du <a href=\"https:\/\/actu.fr\/occitanie\/toulouse_31555\/toulouse-la-premiere-grosse-operation-de-ce-nouveau-quartier-inauguree-pres-de-1000-personnes-y-travaillent_62691554.html\" target=\"_blank\" rel=\"noopener\">Grand Matabiau quais d\u2019Oc<\/a> est au c\u0153ur d\u2019un programme urbain ambitieux. En cr\u00e9ant un vaste r\u00e9seau de chaleur, Toulouse M\u00e9tropole souhaite <strong>chauffer les \u00e9quipements publics et r\u00e9sidences priv\u00e9es<\/strong> du secteur de la gare Matabiau jusqu\u2019au quartier de la Roseraie, \u00e0 partir d\u2019\u00e9nergies renouvelables. Le lancement du projet se pr\u00e9cise, une concertation publique est ouverte pour r\u00e9colter les avis des riverains. Voici ce qu\u2019il faut savoir.<\/p>\n<p>Un site de production de chaleur \u00e0 l\u2019\u00e9tude<\/p>\n<p class=\" wall-content\">Depuis le 30\u00a0juin et jusqu\u2019au 1er\u00a0octobre 2025, la pr\u00e9fecture de Haute-Garonne <a href=\"https:\/\/www.haute-garonne.gouv.fr\/Publications\/Declarations-d-intention-enquetes-publiques-et-avis-de-l-autorite-environnementale\/Installations-classees-pour-la-protection-de-l-environnement\/Consultation-du-public-Toulouse-Energies-Renouvelables-Projet-Toulouse-Grand-Matabiau-Quais-d-Oc\" target=\"_blank\" rel=\"noopener\">consulte en ligne les riverains sur ce projet d\u2019ampleur<\/a>, dirig\u00e9 par le groupe Engie.<\/p>\n<p>    <img   decoding=\"async\" loading=\"lazy\" src=\"https:\/\/www.europesays.com\/fr\/wp-content\/uploads\/2025\/08\/1000048173-960x640.jpg\" alt=\"Une concertation a lieu jusqu'au 1er octobre pour donner son avis sur le projet de chaufferie dans l'\u00e9coquartier Grand Matabiau.\" width=\"960\" height=\"640\"\/><br \/>\n    Une concertation a lieu jusqu\u2019au 1er\u00a0octobre pour donner son avis sur le projet de chaufferie dans l\u2019\u00e9coquartier Grand Matabiau. (\u00a9Enzo Legros \/ Actu Toulouse)<\/p>\n<p class=\" wall-content\">Il concerne le lancement des travaux pour la cr\u00e9ation d\u2019un r\u00e9seau de chaleur de <strong>16 kilom\u00e8tres<\/strong>. Le chauffage sera aliment\u00e9 par un site de production, utilisant diverses sources d\u2019\u00e9nergies renouvelables.<\/p>\n<p class=\" wall-content\">Ce b\u00e2timent se situera avenue de l\u2019Atlanta, tout proche du <a href=\"https:\/\/actu.fr\/tag\/peripherique-de-toulouse\" target=\"_blank\" rel=\"noopener\">p\u00e9riph\u00e9rique de Toulouse<\/a>. Il se d\u00e9ploiera sur 1 837m\u00b2 de surface, avec deux chemin\u00e9es de 28\u00a0m\u00e8tres de hauteur. Plusieurs parties composeront la base de production.<\/p>\n<p>    <a href=\"https:\/\/www.google.com\/maps\/embed?pb=!1m18!1m12!1m3!1d17311.738323576265!2d1.4148898482881915!3d43.61591285036977!2m3!1f0!2f0!3f0!3m2!1i1024!2i768!4f13.1!3m3!1m2!1s0x12aea331d8efcf3d%3A0x884764c2f4dbbf89!2sAv.%20d%27Atlanta%2C%2031200%20Toulouse!5e0!3m2!1sfr!2sfr!4v1755095886441!5m2!1sfr!2sfr\" title=\"Ouvrie le lien\" target=\"_blank\" rel=\"noopener\">Cliquez ici pour visualiser le contenu<\/a><\/p>\n<p>Trois syst\u00e8mes de chauffage en un<\/p>\n<p class=\" wall-content\">Un premier p\u00f4le contiendra une centrale g\u00e9othermique d\u2019une puissance de 9,14 M\u00e9gawatt (MW) avec pompes \u00e0 chaleur. Il s\u2019ajoutera \u00e0 un autre syst\u00e8me g\u00e9othermique qui ira puiser de l\u2019eau chauff\u00e9e naturellement entre <strong>50 et 60\u00b0C<\/strong> dans une nappe profonde. Un peu plus de la moiti\u00e9 de l\u2019eau utilis\u00e9e sera r\u00e9inject\u00e9 dans la nappe une fois utilis\u00e9e.<\/p>\n<p class=\" wall-content\">\u00c0 c\u00f4t\u00e9, une chaufferie biomasse d\u2019une puissance de 8,44 MW sera construite sur le site Atlanta. Elle est pr\u00e9vue pour la combustion de \u00ab\u2009plaquettes foresti\u00e8res non calibr\u00e9es humides\u2009\u00bb, indique l\u2019\u00e9tude d\u2019impact du projet. Enfin, la conception d\u2019une chaufferie au gaz est \u00e9galement dans les tuyaux, pour une puissance de 17 MW.<\/p>\n<p>4\u2009952\u00a0tonnes de bois br\u00fbl\u00e9s par an<\/p>\n<p class=\" wall-content\">Le syst\u00e8me de chauffage avec biomasse sera aliment\u00e9 3 \u00e0 4\u00a0fois par semaine, avec <strong>du bois<\/strong> venant d\u2019une zone comprise dans <strong>un rayon de 100 kilom\u00e8tres<\/strong> autour de Toulouse. Selon les pr\u00e9visions, il faudra 4\u2009952\u00a0tonnes de bois chaque ann\u00e9e pour faire tourner la chaufferie.<\/p>\n<p class=\" wall-content\">Pour ce qui est de la consommation \u00e9lectrique du site de production, elle sera assur\u00e9e par <a href=\"https:\/\/actu.fr\/tag\/photovoltaique\" target=\"_blank\" rel=\"noopener\">un parc de panneaux photovolta\u00efques<\/a> install\u00e9 au sol et en toiture du b\u00e2timent.<\/p>\n<p>Du chauffage pour les r\u00e9sidences essentiellement, avec \u00ab\u2009un prix comp\u00e9titif\u2009\u00bb<\/p>\n<p class=\" wall-content\">Une tr\u00e8s grande partie de la chaleur produite ou pr\u00e9lev\u00e9e dans le sol sera envoy\u00e9e dans le r\u00e9seau de chaleur, qui dessert les \u00e9difices de l\u2019\u00e9coquartier du Grand Matabiau. Selon le projet,<strong> 70\u2009% des b\u00e2timents chauff\u00e9s seront des r\u00e9sidences<\/strong> d\u2019habitat. En 2030, le r\u00e9seau de chaleur devrait couvrir une consommation totale estim\u00e9e \u00e0 55,3 GW\/h par an.<\/p>\n<p class=\" wall-content\">Toulouse M\u00e9tropole expliquait vouloir \u00e9conomiser au moins <strong>\u00ab\u200910\u2009000\u00a0tonnes de CO2\u2009\u00bb<\/strong> chaque ann\u00e9e avec ce projet, <strong>soit l\u2019impact carbone de 6\u2009000 voitures<\/strong>.<\/p>\n<p class=\" wall-content\">L\u2019autre int\u00e9r\u00eat qu\u2019elle met en avant : la possibilit\u00e9 de fixer \u00ab\u2009un prix de la chaleur comp\u00e9titif et stable dans la dur\u00e9e\u2009\u00bb, avec \u00ab\u200996\u2009% d\u2019\u00e9nergies locales et renouvelables\u2009\u00bb.<\/p>\n<p>L\u2019autorit\u00e9 environnementale valide le projet<\/p>\n<p class=\" wall-content\">\u00c0 la demande de la pr\u00e9fecture de <a href=\"https:\/\/actu.fr\/occitanie\/haute-garonne_31\" target=\"_blank\" rel=\"noopener\">Haute-Garonne<\/a>, l\u2019Autorit\u00e9 environnementale (AE) a \u00e9tudi\u00e9 le projet pr\u00e9vu pour 2030, pour rendre un avis sur les \u00e9ventuels impacts \u00e9cologiques que pourrait causer la future installation.<\/p>\n<p class=\" wall-content\">Elle soul\u00e8ve quelques points sur lesquels la M\u00e9tropole devrait se pencher, comme le niveau de la nappe dans laquelle le r\u00e9seau puisera de l\u2019eau chaude. Cette source \u00ab\u2009contribue \u00e0 l\u2019alimentation en eau potable de plusieurs communes des Landes, du Gers, des Pyr\u00e9n\u00e9es-Atlantiques et de communes \u00e0 l\u2019est de Toulouse\u2009\u00bb, rappelle-t-elle.<\/p>\n<p class=\" wall-content\">Mais en r\u00e9sum\u00e9, l\u2019Autorit\u00e9 environnementale donne <strong>un avis tr\u00e8s positif<\/strong> sur l\u2019empreinte carbone du projet.<\/p>\n<p>Pas de danger pour les riverains malgr\u00e9 plusieurs p\u00e9titions<\/p>\n<p class=\" wall-content\">Ces derni\u00e8res ann\u00e9es, <a href=\"https:\/\/www.change.org\/p\/jean-luc-moudenc-maire-de-toulouse-non-au-projet-centrale-biomasse-polluante-%C3%A0-la-place-du-skatepark-et-bikepark-maourines\/u\/30959084\" target=\"_blank\" rel=\"noopener\">plusieurs p\u00e9titions<\/a> ont \u00e9t\u00e9 lanc\u00e9es pour d\u00e9noncer les possibles nuisances que pouvait causer l\u2019arriv\u00e9e des chaufferies dans l\u2019\u00e9coquartier du Grand Matabiau. D\u2019apr\u00e8s l\u2019Autorit\u00e9 environnementale, <strong>il n\u2019y a rien \u00e0 craindre. \u00ab<\/strong>\u2009L\u2019habitation la plus proche est situ\u00e9e \u00e0 275\u00a0m\u00e8tres\u2009\u00bb, note-t-elle.<\/p>\n<p class=\" wall-content\">Le <a href=\"https:\/\/actu.fr\/occitanie\/toulouse_31555\/quelles-sont-les-plus-grandes-sources-de-bruit-a-toulouse-des-habitants-repondent_62994222.html\" target=\"_blank\" rel=\"noopener\">bruit<\/a> caus\u00e9 par les travaux d\u2019installation des chaufferies sera bien \u00ab\u2009important\u2009\u00bb, mais des mesures sont pr\u00e9vues pour le limiter, comme <strong>un mur anti-bruit<\/strong> autour de la zone de forage. Une fois termin\u00e9, le syst\u00e8me \u00e9mettra des nuisances \u00ab\u2009faibles \u00e0 n\u00e9gligeables\u2009\u00bb, estime l\u2019AE. M\u00eame constat pour <a href=\"https:\/\/actu.fr\/planete\/pollution\/carte-quelles-sont-les-zones-de-haute-garonne-ou-l-air-est-le-plus-pollue_62982667.html\" target=\"_blank\" rel=\"noopener\">la pollution de l\u2019air<\/a>.<\/p>\n<p class=\" wall-content\">L\u2019autorit\u00e9 environnementale \u00ab\u2009souligne le travail r\u00e9alis\u00e9 pour \u00e9tablir le bilan global des \u00e9missions de gaz \u00e0 effet de serre du projet\u2009\u00bb, et confirme que le r\u00e9seau de chaleur <strong>divisera par 11 la pollution<\/strong> qu\u2019aurait caus\u00e9e son absence.<\/p>\n<p class=\" wall-content\">Suivez toute l\u2019actualit\u00e9 de vos villes et m\u00e9dias favoris en vous inscrivant \u00e0 <a href=\"https:\/\/moncompte.actu.fr\" title=\"D\u00e9couvez Mon Actu\" rel=\"nofollow noopener\" data-trk=\"{&quot;cta&quot;:{&quot;action&quot;:&quot;https:\\\/\\\/moncompte.actu.fr&quot;,&quot;category&quot;:&quot;mon compte&quot;,&quot;from&quot;:&quot;article footer&quot;,&quot;name&quot;:&quot;Mon actu&quot;,&quot;type&quot;:&quot;cta&quot;}}\" target=\"_blank\">Mon Actu<\/a>.<\/p>\n","protected":false},"excerpt":{"rendered":"Par Enzo Legros Publi\u00e9 le 14 ao\u00fbt 2025 \u00e0 7h08 C\u2019est un projet en plus dans un quartier&hellip;\n","protected":false},"author":2,"featured_media":317851,"comment_status":"","ping_status":"","sticky":false,"template":"","format":"standard","meta":{"footnotes":""},"categories":[2816],"tags":[1111,11,1777,674,1011,27,12,2680,1800,25,104,2312],"class_list":{"0":"post-317850","1":"post","2":"type-post","3":"status-publish","4":"format-standard","5":"has-post-thumbnail","7":"category-toulouse","8":"tag-actu","9":"tag-actualites","10":"tag-eu","11":"tag-europe","12":"tag-fr","13":"tag-france","14":"tag-news","15":"tag-occitanie","16":"tag-pollution","17":"tag-republique-francaise","18":"tag-societe","19":"tag-toulouse"},"share_on_mastodon":{"url":"https:\/\/pubeurope.com\/@fr\/115025412502210789","error":""},"_links":{"self":[{"href":"https:\/\/www.europesays.com\/fr\/wp-json\/wp\/v2\/posts\/317850","targetHints":{"allow":["GET"]}}],"collection":[{"href":"https:\/\/www.europesays.com\/fr\/wp-json\/wp\/v2\/posts"}],"about":[{"href":"https:\/\/www.europesays.com\/fr\/wp-json\/wp\/v2\/types\/post"}],"author":[{"embeddable":true,"href":"https:\/\/www.europesays.com\/fr\/wp-json\/wp\/v2\/users\/2"}],"replies":[{"embeddable":true,"href":"https:\/\/www.europesays.com\/fr\/wp-json\/wp\/v2\/comments?post=317850"}],"version-history":[{"count":0,"href":"https:\/\/www.europesays.com\/fr\/wp-json\/wp\/v2\/posts\/317850\/revisions"}],"wp:featuredmedia":[{"embeddable":true,"href":"https:\/\/www.europesays.com\/fr\/wp-json\/wp\/v2\/media\/317851"}],"wp:attachment":[{"href":"https:\/\/www.europesays.com\/fr\/wp-json\/wp\/v2\/media?parent=317850"}],"wp:term":[{"taxonomy":"category","embeddable":true,"href":"https:\/\/www.europesays.com\/fr\/wp-json\/wp\/v2\/categories?post=317850"},{"taxonomy":"post_tag","embeddable":true,"href":"https:\/\/www.europesays.com\/fr\/wp-json\/wp\/v2\/tags?post=317850"}],"curies":[{"name":"wp","href":"https:\/\/api.w.org\/{rel}","templated":true}]}}