{"id":317854,"date":"2025-08-14T05:15:10","date_gmt":"2025-08-14T05:15:10","guid":{"rendered":"https:\/\/www.europesays.com\/fr\/317854\/"},"modified":"2025-08-14T05:15:10","modified_gmt":"2025-08-14T05:15:10","slug":"de-longs-mois-de-travaux-a-prevoir","status":"publish","type":"post","link":"https:\/\/www.europesays.com\/fr\/317854\/","title":{"rendered":"de longs mois de travaux \u00e0 pr\u00e9voir"},"content":{"rendered":"<p>            Par<br \/>\n        <strong><br \/>\n            <a href=\"https:\/\/actu.fr\/auteur\/hervine-mahaud\" title=\"Consulter tous les articles de Hervine Mahaud\" target=\"_blank\" rel=\"noopener\">Hervine Mahaud<\/a><br \/>\n        <\/strong><\/p>\n<p>        Publi\u00e9 le<\/p>\n<p>            14 ao\u00fbt 2025 \u00e0 6h30        <\/p>\n<p>\u00c0 partir de septembre 2025, <b>la rue Lalau, \u00e0 Marquette-lez-Lille<\/b>, va conna\u00eetre un <b>important chantier de r\u00e9am\u00e9nagement<\/b>. La M\u00e9tropole Europ\u00e9enne de Lille (MEL) pr\u00e9voit <b>dix mois de travaux pour s\u00e9curiser la circulation<\/b>, d\u00e9velopper les mobilit\u00e9s douces et <b>v\u00e9g\u00e9taliser<\/b> l\u2019espace public.<\/p>\n<p>Plus de s\u00e9curit\u00e9 et de verdure<\/p>\n<p class=\" wall-content\">Inscrite au Programme Pluriannuel d\u2019Investissement de la MEL, cette r\u00e9novation vise \u00e0 transformer cette voie strat\u00e9gique. Le projet inclut la <b>cr\u00e9ation d\u2019am\u00e9nagements cyclables continus<\/b>, la <b>r\u00e9organisation du stationnement<\/b> pour plus de clart\u00e9, <b>l\u2019int\u00e9gration de zones v\u00e9g\u00e9talis\u00e9es et d\u2019\u00eelots centraux<\/b> pour marquer l\u2019entr\u00e9e de ville depuis <a href=\"https:\/\/actu.fr\/hauts-de-france\/marcq-en-baroeul_59378\" target=\"_blank\" rel=\"noopener\">Marcq-en-Bar\u0153ul<\/a>.<\/p>\n<p class=\" wall-content\">Les arr\u00eats de bus \u00a0\u00bb Pont Blanc \u00a0\u00bb seront d\u00e9plac\u00e9s pour contourner des contraintes techniques li\u00e9es \u00e0 un poste transformateur. La r\u00e9fection compl\u00e8te des trottoirs, bordures et du rev\u00eatement de chauss\u00e9e est \u00e9galement pr\u00e9vue.<\/p>\n<p>Un chantier en trois phases<\/p>\n<p class=\" wall-content\">Le chantier sera d\u00e9coup\u00e9 en trois phases de trois \u00e0 quatre mois chacune. Pendant toute la dur\u00e9e des travaux, la circulation se fera en sens unique, de la rue de Lille vers la rue Jules-Guesde. Le stationnement sera interdit sur les zones en intervention, et des d\u00e9viations seront mises en place.<\/p>\n<p class=\" wall-content\">Ce projet, financ\u00e9 \u00e0 hauteur de 1,65 million d\u2019euros par la MEL, s\u2019inscrit dans une d\u00e9marche de mobilit\u00e9 durable et d\u2019am\u00e9lioration du cadre de vie.<\/p>\n<p class=\" wall-content\">Suivez toute l\u2019actualit\u00e9 de vos villes et m\u00e9dias favoris en vous inscrivant \u00e0 <a href=\"https:\/\/moncompte.actu.fr\" title=\"D\u00e9couvez Mon Actu\" rel=\"nofollow noopener\" data-trk=\"{&quot;cta&quot;:{&quot;action&quot;:&quot;https:\\\/\\\/moncompte.actu.fr&quot;,&quot;category&quot;:&quot;mon compte&quot;,&quot;from&quot;:&quot;article footer&quot;,&quot;name&quot;:&quot;Mon actu&quot;,&quot;type&quot;:&quot;cta&quot;}}\" target=\"_blank\">Mon Actu<\/a>.<\/p>\n<ul class=\"ac-article-tag wall-content\">\n<li><a href=\"https:\/\/actu.fr\/tag\/metropole-europeenne-de-lille\" data-trk=\"{&quot;cta&quot;:{&quot;action&quot;:&quot;M\\u00e9tropole Europ\\u00e9enne de Lille&quot;,&quot;category&quot;:&quot;tag&quot;,&quot;from&quot;:&quot;article footer&quot;,&quot;name&quot;:&quot;M\\u00e9tropole Europ\\u00e9enne de Lille&quot;,&quot;type&quot;:&quot;cta&quot;}}\" target=\"_blank\" rel=\"noopener\">#M\u00e9tropole Europ\u00e9enne de Lille<\/a><\/li>\n<li><a href=\"https:\/\/actu.fr\/tag\/travaux\" data-trk=\"{&quot;cta&quot;:{&quot;action&quot;:&quot;Travaux&quot;,&quot;category&quot;:&quot;tag&quot;,&quot;from&quot;:&quot;article footer&quot;,&quot;name&quot;:&quot;Travaux&quot;,&quot;type&quot;:&quot;cta&quot;}}\" target=\"_blank\" rel=\"noopener\">#Travaux<\/a><\/li>\n<\/ul>\n","protected":false},"excerpt":{"rendered":"Par Hervine Mahaud Publi\u00e9 le 14 ao\u00fbt 2025 \u00e0 6h30 \u00c0 partir de septembre 2025, la rue Lalau,&hellip;\n","protected":false},"author":2,"featured_media":317855,"comment_status":"","ping_status":"","sticky":false,"template":"","format":"standard","meta":{"footnotes":""},"categories":[2815],"tags":[1111,11,1777,674,1011,27,811,1307,4863,12,25,104,2086],"class_list":{"0":"post-317854","1":"post","2":"type-post","3":"status-publish","4":"format-standard","5":"has-post-thumbnail","7":"category-lille","8":"tag-actu","9":"tag-actualites","10":"tag-eu","11":"tag-europe","12":"tag-fr","13":"tag-france","14":"tag-hauts-de-france","15":"tag-lille","16":"tag-metropole-europeenne-de-lille","17":"tag-news","18":"tag-republique-francaise","19":"tag-societe","20":"tag-travaux"},"share_on_mastodon":{"url":"https:\/\/pubeurope.com\/@fr\/115025420441162515","error":""},"_links":{"self":[{"href":"https:\/\/www.europesays.com\/fr\/wp-json\/wp\/v2\/posts\/317854","targetHints":{"allow":["GET"]}}],"collection":[{"href":"https:\/\/www.europesays.com\/fr\/wp-json\/wp\/v2\/posts"}],"about":[{"href":"https:\/\/www.europesays.com\/fr\/wp-json\/wp\/v2\/types\/post"}],"author":[{"embeddable":true,"href":"https:\/\/www.europesays.com\/fr\/wp-json\/wp\/v2\/users\/2"}],"replies":[{"embeddable":true,"href":"https:\/\/www.europesays.com\/fr\/wp-json\/wp\/v2\/comments?post=317854"}],"version-history":[{"count":0,"href":"https:\/\/www.europesays.com\/fr\/wp-json\/wp\/v2\/posts\/317854\/revisions"}],"wp:featuredmedia":[{"embeddable":true,"href":"https:\/\/www.europesays.com\/fr\/wp-json\/wp\/v2\/media\/317855"}],"wp:attachment":[{"href":"https:\/\/www.europesays.com\/fr\/wp-json\/wp\/v2\/media?parent=317854"}],"wp:term":[{"taxonomy":"category","embeddable":true,"href":"https:\/\/www.europesays.com\/fr\/wp-json\/wp\/v2\/categories?post=317854"},{"taxonomy":"post_tag","embeddable":true,"href":"https:\/\/www.europesays.com\/fr\/wp-json\/wp\/v2\/tags?post=317854"}],"curies":[{"name":"wp","href":"https:\/\/api.w.org\/{rel}","templated":true}]}}