{"id":317858,"date":"2025-08-14T05:17:13","date_gmt":"2025-08-14T05:17:13","guid":{"rendered":"https:\/\/www.europesays.com\/fr\/317858\/"},"modified":"2025-08-14T05:17:13","modified_gmt":"2025-08-14T05:17:13","slug":"une-femme-et-ses-3-enfants-legerement-blesses","status":"publish","type":"post","link":"https:\/\/www.europesays.com\/fr\/317858\/","title":{"rendered":"une femme et ses 3 enfants l\u00e9g\u00e8rement bless\u00e9s"},"content":{"rendered":"<p>Une voiture bleue retourn\u00e9e en plein milieu de la route, l&rsquo;avant de la carrosserie ab\u00eem\u00e9 apr\u00e8s ce qui semble \u00eatre un choc&#8230; l&rsquo;image est impressionnante. Les marins-pompiers de <a href=\"https:\/\/www.laprovence.com\/bouches-du-rhone\/marseille-13055\" target=\"_blank\" rel=\"noopener\">Marseille <\/a>ont \u00e9t\u00e9 appel\u00e9s ce mercredi 13\u00a0ao\u00fbt pour intervenir sur cet accident qui s&rsquo;est d\u00e9roul\u00e9 Chemin Joseph Aiguier, dans le 9-\u00e8me arrondissement.\u00a0<\/p>\n<p>Dans ce v\u00e9hicule se trouvait une m\u00e8re et ses 4 enfants \u00e2g\u00e9s de 4, 8, et 11 ans. Toutes les victimes sont l\u00e9g\u00e8rement bless\u00e9es, et ont \u00e9t\u00e9 transf\u00e9r\u00e9es \u00e0<a href=\"https:\/\/www.laprovence.com\/article\/region\/6493972036394514\/marseille-letat-civil-sinstalle-a-lhopital-saint-joseph-pour-faciliter-les-demarches-des-parents\" target=\"_blank\" rel=\"noopener\"> l&rsquo;h\u00f4pital Saint Joseph<\/a>, dans le 8-\u00e8me arrondissement de Marseille.\u00a0<\/p>\n<p>La cause de l&rsquo;accident encore inconnue<\/p>\n<p>Les circonstances de l&rsquo;accident ne sont pas encore connues, les marins-pompiers confirment cependant que ce n&rsquo;est pas li\u00e9 \u00e0 une collision avec un autre v\u00e9hicule.<\/p>\n<p>Une \u00e9quipe de 10 marins pompiers \u00e9tait sur place, l&rsquo;intervention est d\u00e9sormais termin\u00e9e.\u00a0<\/p>\n","protected":false},"excerpt":{"rendered":"Une voiture bleue retourn\u00e9e en plein milieu de la route, l&rsquo;avant de la carrosserie ab\u00eem\u00e9 apr\u00e8s ce qui&hellip;\n","protected":false},"author":2,"featured_media":317859,"comment_status":"","ping_status":"","sticky":false,"template":"","format":"standard","meta":{"footnotes":""},"categories":[2814],"tags":[17,119,1111,11,1102,1777,674,274,8928,1011,27,884,12,882,25,15784,96,12109,4752],"class_list":{"0":"post-317858","1":"post","2":"type-post","3":"status-publish","4":"format-standard","5":"has-post-thumbnail","7":"category-marseille","8":"tag-17","9":"tag-accident","10":"tag-actu","11":"tag-actualites","12":"tag-breakingnews","13":"tag-eu","14":"tag-europe","15":"tag-faits-divers-justice","16":"tag-finit","17":"tag-fr","18":"tag-france","19":"tag-marseille","20":"tag-news","21":"tag-provence-alpes-cote-dazur","22":"tag-republique-francaise","23":"tag-retourne","24":"tag-une","25":"tag-vehicule","26":"tag-voiture"},"share_on_mastodon":{"url":"https:\/\/pubeurope.com\/@fr\/115025428157972285","error":""},"_links":{"self":[{"href":"https:\/\/www.europesays.com\/fr\/wp-json\/wp\/v2\/posts\/317858","targetHints":{"allow":["GET"]}}],"collection":[{"href":"https:\/\/www.europesays.com\/fr\/wp-json\/wp\/v2\/posts"}],"about":[{"href":"https:\/\/www.europesays.com\/fr\/wp-json\/wp\/v2\/types\/post"}],"author":[{"embeddable":true,"href":"https:\/\/www.europesays.com\/fr\/wp-json\/wp\/v2\/users\/2"}],"replies":[{"embeddable":true,"href":"https:\/\/www.europesays.com\/fr\/wp-json\/wp\/v2\/comments?post=317858"}],"version-history":[{"count":0,"href":"https:\/\/www.europesays.com\/fr\/wp-json\/wp\/v2\/posts\/317858\/revisions"}],"wp:featuredmedia":[{"embeddable":true,"href":"https:\/\/www.europesays.com\/fr\/wp-json\/wp\/v2\/media\/317859"}],"wp:attachment":[{"href":"https:\/\/www.europesays.com\/fr\/wp-json\/wp\/v2\/media?parent=317858"}],"wp:term":[{"taxonomy":"category","embeddable":true,"href":"https:\/\/www.europesays.com\/fr\/wp-json\/wp\/v2\/categories?post=317858"},{"taxonomy":"post_tag","embeddable":true,"href":"https:\/\/www.europesays.com\/fr\/wp-json\/wp\/v2\/tags?post=317858"}],"curies":[{"name":"wp","href":"https:\/\/api.w.org\/{rel}","templated":true}]}}