{"id":317860,"date":"2025-08-14T05:18:10","date_gmt":"2025-08-14T05:18:10","guid":{"rendered":"https:\/\/www.europesays.com\/fr\/317860\/"},"modified":"2025-08-14T05:18:10","modified_gmt":"2025-08-14T05:18:10","slug":"a-marseille-un-heritage-nautique-plein-doptimisme","status":"publish","type":"post","link":"https:\/\/www.europesays.com\/fr\/317860\/","title":{"rendered":"\u00c0 Marseille, un h\u00e9ritage nautique plein d&rsquo;optimisme"},"content":{"rendered":"<p>LES JO, UN AN APR\u00c8S : \u00c0 Marseille, un h\u00e9ritage nautique plein d&rsquo;optimismeSur le m\u00eame sujet<a href=\"https:\/\/rmc.bfmtv.com\/actualites\/societe\/video-les-jo-un-an-apres-a-marseille-un-heritage-nautique-plein-d-optimisme_VN-202508140098.html\" title=\"LES JO, UN AN APR\u00c8S : \u00c0 Marseille, un h\u00e9ritage nautique plein d&#039;optimisme\" rel=\"nofollow noopener\" target=\"_blank\"><img width=\"16\" height=\"9\" class=\"lozad\"  alt=\"LES JO, UN AN APR\u00c8S : \u00c0 Marseille, un h\u00e9ritage nautique plein d'optimisme\"\/>en lectureLES JO, UN AN APR\u00c8S : \u00c0 Marseille, un h\u00e9ritage nautique plein d&rsquo;optimisme<\/a><a href=\"https:\/\/rmc.bfmtv.com\/actualites\/societe\/video-fromages-contamines-des-cas-partout-en-france-sauf-dans-les-pays-de-la-loire_VN-202508140097.html\" title=\"Fromages contamin\u00e9s : des cas partout en France, sauf dans les Pays de la Loire\" rel=\"nofollow noopener\" target=\"_blank\"><img width=\"16\" height=\"9\" class=\"lozad\"  alt=\"Fromages contamin\u00e9s : des cas partout en France, sauf dans les Pays de la Loire\"\/>1:08Fromages contamin\u00e9s : des cas partout en France, sauf dans les Pays de la Loire<\/a><a href=\"https:\/\/rmc.bfmtv.com\/actualites\/societe\/video-canicule-et-isolement-des-jeunes-benevoles-offrent-un-peu-de-chaleur-humaine-aux-seniors_VN-202508140093.html\" title=\"Canicule et isolement : des jeunes b\u00e9n\u00e9voles offrent un peu de chaleur humaine aux seniors\" rel=\"nofollow noopener\" target=\"_blank\"><img width=\"16\" height=\"9\" class=\"lozad\"  alt=\"Canicule et isolement : des jeunes b\u00e9n\u00e9voles offrent un peu de chaleur humaine aux seniors\"\/>1:35Canicule et isolement : des jeunes b\u00e9n\u00e9voles offrent un peu de chaleur humaine aux seniors<\/a><a href=\"https:\/\/rmc.bfmtv.com\/actualites\/societe\/video-le-psg-remporte-la-supercoupe-d-europe-ousmane-dembele-est-le-leader-de-la-fin-de-match-observe-jean-louis-tourre-redacteur-en-chef-rmc-sport_VN-202508140088.html\" title=\"Le PSG remporte la Supercoupe d&#039;Europe : Ousmane Demb\u00e9l\u00e9 &quot;est le leader de la fin de match&quot;, observe\u00a0Jean-Louis Tourre, r\u00e9dacteur en chef RMC Sport\" rel=\"nofollow noopener\" target=\"_blank\"><img width=\"16\" height=\"9\" class=\"lozad\"  alt=\"Le PSG remporte la Supercoupe d'Europe : Ousmane Demb\u00e9l\u00e9 &quot;est le leader de la fin de match&quot;, observe\u00a0Jean-Louis Tourre, r\u00e9dacteur en chef RMC Sport\"\/>1:00Le PSG remporte la Supercoupe d&rsquo;Europe : Ousmane Demb\u00e9l\u00e9 \u00ab\u00a0est le leader de la fin de match\u00a0\u00bb, observe\u00a0Jean-Louis Tourre, r\u00e9dacteur en chef RMC Sport<\/a><a href=\"https:\/\/rmc.bfmtv.com\/actualites\/societe\/video-listeriose-des-fromages-chavegrand-deja-rappeles-en-juin_VN-202508140086.html\" title=\"List\u00e9riose : des fromages Chavegrand d\u00e9j\u00e0 rappel\u00e9s en juin\" rel=\"nofollow noopener\" target=\"_blank\"><img width=\"16\" height=\"9\" class=\"lozad\"  alt=\"List\u00e9riose : des fromages Chavegrand d\u00e9j\u00e0 rappel\u00e9s en juin\"\/>1:31List\u00e9riose : des fromages Chavegrand d\u00e9j\u00e0 rappel\u00e9s en juin<\/a><a href=\"https:\/\/rmc.bfmtv.com\/actualites\/societe\/video-dans-tout-ce-qui-est-rythme-passes-qualite-de-sortie-de-balle-tout-ce-qui-a-fait-la-force-du-psg-en-ldc-l-annee-derniere-ce-n-etait-pas-au-rendez-vous-l-analyse-de-jean-louis-tourre-redacteur-en-chef-rmc-sport_VN-202508140081.html\" title=\"&quot;Dans tout ce qui est rythme, passes, qualit\u00e9 de sortie de balle, tout ce qui a fait la force du PSG en LDC l&#039;ann\u00e9e derni\u00e8re, ce n&#039;\u00e9tait pas au rendez-vous&quot; : l&#039;analyse de Jean-Louis Tourre, r\u00e9dacteur en chef RMC Sport\" rel=\"nofollow noopener\" target=\"_blank\"><img width=\"16\" height=\"9\" class=\"lozad\"  alt=\"&quot;Dans tout ce qui est rythme, passes, qualit\u00e9 de sortie de balle, tout ce qui a fait la force du PSG en LDC l'ann\u00e9e derni\u00e8re, ce n'\u00e9tait pas au rendez-vous&quot; : l'analyse de Jean-Louis Tourre, r\u00e9dacteur en chef RMC Sport\"\/>1:24&Prime;Dans tout ce qui est rythme, passes, qualit\u00e9 de sortie de balle, tout ce qui a fait la force du PSG en LDC l&rsquo;ann\u00e9e derni\u00e8re, ce n&rsquo;\u00e9tait pas au rendez-vous\u00a0\u00bb : l&rsquo;analyse de Jean-Louis Tourre, r\u00e9dacteur en chef RMC Sport<\/a><a href=\"https:\/\/rmc.bfmtv.com\/actualites\/societe\/video-aude-les-viticulteurs-sinistres-attendent-des-reponses-urgentes-de-l-etat_VN-202508140078.html\" title=\"Aude : les viticulteurs sinistr\u00e9s attendent des r\u00e9ponses urgentes de l\u2019\u00c9tat\" rel=\"nofollow noopener\" target=\"_blank\"><img width=\"16\" height=\"9\" class=\"lozad\"  alt=\"Aude : les viticulteurs sinistr\u00e9s attendent des r\u00e9ponses urgentes de l\u2019\u00c9tat\"\/>1:06Aude : les viticulteurs sinistr\u00e9s attendent des r\u00e9ponses urgentes de l\u2019\u00c9tat<\/a><a href=\"https:\/\/rmc.bfmtv.com\/actualites\/societe\/video-surtourisme-a-paris-vers-un-risque-d-embolies-selon-la-mairie_VN-202508140076.html\" title=\"Surtourisme \u00e0 Paris : vers un risque d\u2019 &quot;embolies&quot; selon la mairie\" rel=\"nofollow noopener\" target=\"_blank\"><img width=\"16\" height=\"9\" class=\"lozad\"  alt=\"Surtourisme \u00e0 Paris : vers un risque d\u2019 &quot;embolies&quot; selon la mairie\"\/>1:34Surtourisme \u00e0 Paris : vers un risque d\u2019 \u00ab\u00a0embolies\u00a0\u00bb selon la mairie<\/a><a href=\"https:\/\/rmc.bfmtv.com\/actualites\/societe\/video-precarite-etudiante-le-cout-de-la-vie-augmente-de-4-2-alerte-l-unef_VN-202508140069.html\" title=\"Pr\u00e9carit\u00e9 \u00e9tudiante : &quot;Le co\u00fbt de la vie augmente de 4,2%&quot; alerte l\u2019UNEF\" rel=\"nofollow noopener\" target=\"_blank\"><img width=\"16\" height=\"9\" class=\"lozad\"  alt=\"Pr\u00e9carit\u00e9 \u00e9tudiante : &quot;Le co\u00fbt de la vie augmente de 4,2%&quot; alerte l\u2019UNEF\"\/>1:40Pr\u00e9carit\u00e9 \u00e9tudiante : \u00ab\u00a0Le co\u00fbt de la vie augmente de 4,2%\u00a0\u00bb alerte l\u2019UNEF<\/a><a href=\"https:\/\/rmc.bfmtv.com\/actualites\/societe\/video-marseille-la-couronne-de-notre-dame-de-la-garde-decrochee-pour-renovation_VN-202508140063.html\" title=\"Marseille : la couronne de Notre-Dame-de-la-Garde d\u00e9croch\u00e9e pour r\u00e9novation\" rel=\"nofollow noopener\" target=\"_blank\"><img width=\"16\" height=\"9\" class=\"lozad\"  alt=\"Marseille : la couronne de Notre-Dame-de-la-Garde d\u00e9croch\u00e9e pour r\u00e9novation\"\/>1:27Marseille : la couronne de Notre-Dame-de-la-Garde d\u00e9croch\u00e9e pour r\u00e9novation<\/a><a href=\"https:\/\/rmc.bfmtv.com\/actualites\/societe\/video-gironde-sauvetage-spectaculaire-d-une-femme-percutee-par-une-vague_VN-202508140059.html\" title=\"Gironde : sauvetage spectaculaire d\u2019une femme percut\u00e9e par une vague\" rel=\"nofollow noopener\" target=\"_blank\"><img width=\"16\" height=\"9\" class=\"lozad\"  alt=\"Gironde : sauvetage spectaculaire d\u2019une femme percut\u00e9e par une vague\"\/>1:28Gironde : sauvetage spectaculaire d\u2019une femme percut\u00e9e par une vague<\/a><a href=\"https:\/\/rmc.bfmtv.com\/actualites\/societe\/video-fromages-rappeles-incomprehension-totale-dans-la-creuse_VN-202508140046.html\" title=\"Fromages rappel\u00e9s : incompr\u00e9hension totale dans la Creuse\" rel=\"nofollow noopener\" target=\"_blank\"><img width=\"16\" height=\"9\" class=\"lozad\"  alt=\"Fromages rappel\u00e9s : incompr\u00e9hension totale dans la Creuse\"\/>0:49Fromages rappel\u00e9s : incompr\u00e9hension totale dans la Creuse<\/a><a href=\"https:\/\/rmc.bfmtv.com\/actualites\/societe\/video-incendie-dans-l-aude-vignes-detruites-viticulteurs-desempares_VN-202508140045.html\" title=\"Incendie dans l&#039;Aude : vignes d\u00e9truites, viticulteurs d\u00e9sempar\u00e9s\" rel=\"nofollow noopener\" target=\"_blank\"><img width=\"16\" height=\"9\" class=\"lozad\"  alt=\"Incendie dans l'Aude : vignes d\u00e9truites, viticulteurs d\u00e9sempar\u00e9s\"\/>1:41Incendie dans l&rsquo;Aude : vignes d\u00e9truites, viticulteurs d\u00e9sempar\u00e9s<\/a><a href=\"https:\/\/rmc.bfmtv.com\/actualites\/societe\/video-canicule-restaurants-il-doit-faire-45-50-c-en-terrasse_VN-202508130429.html\" title=\"Canicule\/Restaurants : &quot;Il doit faire 45-50\u00b0C en terrasse !&quot;\" rel=\"nofollow noopener\" target=\"_blank\"><img width=\"16\" height=\"9\" class=\"lozad\"  alt=\"Canicule\/Restaurants : &quot;Il doit faire 45-50\u00b0C en terrasse !&quot;\"\/>1:02Canicule\/Restaurants : \u00ab\u00a0Il doit faire 45-50\u00b0C en terrasse !\u00a0\u00bb<\/a><a class=\"jumpToVideo\" target=\"_blank\"><img class=\"thumbnailPreview\"\/><\/a><\/p>\n","protected":false},"excerpt":{"rendered":"LES JO, UN AN APR\u00c8S : \u00c0 Marseille, un h\u00e9ritage nautique plein d&rsquo;optimismeSur le m\u00eame sujeten lectureLES JO,&hellip;\n","protected":false},"author":2,"featured_media":317861,"comment_status":"","ping_status":"","sticky":false,"template":"","format":"standard","meta":{"footnotes":""},"categories":[2814],"tags":[1111,11,1777,674,1011,27,884,12,882,25],"class_list":{"0":"post-317860","1":"post","2":"type-post","3":"status-publish","4":"format-standard","5":"has-post-thumbnail","7":"category-marseille","8":"tag-actu","9":"tag-actualites","10":"tag-eu","11":"tag-europe","12":"tag-fr","13":"tag-france","14":"tag-marseille","15":"tag-news","16":"tag-provence-alpes-cote-dazur","17":"tag-republique-francaise"},"share_on_mastodon":{"url":"https:\/\/pubeurope.com\/@fr\/115025431977076838","error":""},"_links":{"self":[{"href":"https:\/\/www.europesays.com\/fr\/wp-json\/wp\/v2\/posts\/317860","targetHints":{"allow":["GET"]}}],"collection":[{"href":"https:\/\/www.europesays.com\/fr\/wp-json\/wp\/v2\/posts"}],"about":[{"href":"https:\/\/www.europesays.com\/fr\/wp-json\/wp\/v2\/types\/post"}],"author":[{"embeddable":true,"href":"https:\/\/www.europesays.com\/fr\/wp-json\/wp\/v2\/users\/2"}],"replies":[{"embeddable":true,"href":"https:\/\/www.europesays.com\/fr\/wp-json\/wp\/v2\/comments?post=317860"}],"version-history":[{"count":0,"href":"https:\/\/www.europesays.com\/fr\/wp-json\/wp\/v2\/posts\/317860\/revisions"}],"wp:featuredmedia":[{"embeddable":true,"href":"https:\/\/www.europesays.com\/fr\/wp-json\/wp\/v2\/media\/317861"}],"wp:attachment":[{"href":"https:\/\/www.europesays.com\/fr\/wp-json\/wp\/v2\/media?parent=317860"}],"wp:term":[{"taxonomy":"category","embeddable":true,"href":"https:\/\/www.europesays.com\/fr\/wp-json\/wp\/v2\/categories?post=317860"},{"taxonomy":"post_tag","embeddable":true,"href":"https:\/\/www.europesays.com\/fr\/wp-json\/wp\/v2\/tags?post=317860"}],"curies":[{"name":"wp","href":"https:\/\/api.w.org\/{rel}","templated":true}]}}