{"id":317866,"date":"2025-08-14T05:21:09","date_gmt":"2025-08-14T05:21:09","guid":{"rendered":"https:\/\/www.europesays.com\/fr\/317866\/"},"modified":"2025-08-14T05:21:09","modified_gmt":"2025-08-14T05:21:09","slug":"ile-de-france-2-cas-autochtones-dinfection-par-le-west-nile-une-premiere","status":"publish","type":"post","link":"https:\/\/www.europesays.com\/fr\/317866\/","title":{"rendered":"\u00cele-de-France: 2 cas autochtones d\u2019infection par le West-Nile, une premi\u00e8re"},"content":{"rendered":"<p><img loading=\"lazy\" decoding=\"async\" alt=\"Shutterstock - Le virus du West-Nile est transmis par un moustique de genre culex.\u00a0\" data-zoom-src=\"https:\/\/www.europesays.com\/fr\/wp-content\/uploads\/2025\/08\/initial-moustique-culex-cas.jpg\" data-zoomable=\"\" height=\"702\" src=\"https:\/\/www.europesays.com\/fr\/wp-content\/uploads\/2025\/08\/initial-moustique-culex-cas.jpg\" width=\"1248\"\/>  <\/p>\n<p class=\"article-desc\">Shutterstock &#8211; Le virus du West-Nile est transmis par un moustique de genre culex.\u00a0 <\/p>\n<p>L&rsquo;Agence r\u00e9gionale de sant\u00e9 (ARS) \u00cele-de-France a confirm\u00e9 l\u2019identification de <strong>deux cas autochtones d\u2019infection <\/strong>par le<strong> virus du Nil occidental <\/strong>chez des r\u00e9sidents de<strong> Seine-Saint-Denis<\/strong>. Ces personnes n\u2019ont pas voyag\u00e9 en zone d\u2019end\u00e9mie dans les semaines pr\u00e9c\u00e9dant l\u2019apparition des sympt\u00f4mes, ce qui exclut une contamination import\u00e9e.\u00a0 <\/p>\n<p>Selon l\u2019agence, le premier cas, signal\u00e9 fin juillet, avait \u00e9galement s\u00e9journ\u00e9 dans le <strong>Jura<\/strong>, d\u00e9partement o\u00f9 la circulation du virus est possible. Le second cas, confirm\u00e9 le 6 ao\u00fbt, n\u2019a pas quitt\u00e9 l\u2019<strong>\u00cele-de-France<\/strong>, pr\u00e9cisant ainsi la localisation de la transmission. <\/p>\n<p> Une premi\u00e8re contamination au virus du Nil occidental en \u00cele-de-France <\/p>\n<p>Il s\u2019agit d\u2019une <strong>premi\u00e8re en \u00cele-de-France<\/strong> o\u00f9 le virus n\u2019avait jamais \u00e9t\u00e9 retrouv\u00e9 lors d\u2019une contamination locale. Le <strong>virus du Nil occidental<\/strong>, transmis principalement par les <strong>moustiques du genre Culex <\/strong>ayant piqu\u00e9 au pr\u00e9alable des oiseaux infect\u00e9s, circule dans l\u2019Hexagone pendant la saison d\u2019activit\u00e9 des moustiques, soit de mai \u00e0 novembre. Contrairement au <strong>moustique tigre<\/strong>, actif en journ\u00e9e, le Culex pique essentiellement en soir\u00e9e et la nuit.<\/p>\n<blockquote class=\"twitter-tweet\" data-uniformized=\"true\">\n<p dir=\"ltr\" lang=\"fr\"><a href=\"https:\/\/twitter.com\/hashtag\/Communiqu%C3%A9?src=hash&amp;ref_src=twsrc%5Etfw\" rel=\"nofollow noopener\" target=\"_blank\">#Communiqu\u00e9<\/a> | Virus du Nil occidental : deux cas autochtones confirm\u00e9s en \u00cele-de-France<\/p>\n<p>L\u2019ARS \u00cele-de-France confirme la d\u00e9tection de deux cas autochtones d\u2019infection par le virus du Nil occidental (West Nile virus) en Seine-Saint-Denis.<\/p>\n<p>Plus d\u2019infos : <a href=\"https:\/\/t.co\/XxPvX5AUXP\" rel=\"nofollow\">https:\/\/t.co\/XxPvX5AUXP<\/a> <a href=\"https:\/\/t.co\/vj1xgETcjb\" rel=\"nofollow\">pic.twitter.com\/vj1xgETcjb<\/a><\/p>\n<p> \u2014 ARS \u00cele-de-France (@ARS_IDF) <a href=\"https:\/\/twitter.com\/ARS_IDF\/status\/1955609882083913842?ref_src=twsrc%5Etfw\" rel=\"nofollow noopener\" target=\"_blank\">August 13, 2025<\/a><\/p><\/blockquote>\n<p>Selon l\u2019ARS, il n\u2019existe pas de passage direct du virus d\u2019une personne \u00e0 l\u2019autre ni via un moustique ayant piqu\u00e9 un humain infect\u00e9. L\u2019infection se manifeste de fa\u00e7on <strong>asymptomatique dans la grande majorit\u00e9 des cas<\/strong> (80 %). Lorsqu\u2019elle est symptomatique, elle provoque g\u00e9n\u00e9ralement un <strong>syndrome pseudogrippal <\/strong>associant fi\u00e8vre, c\u00e9phal\u00e9es, douleurs musculaires et digestives. Moins d\u20191 % des infections peuvent \u00e9voluer vers des atteintes neurologiques (m\u00e9ningite ou enc\u00e9phalite). <\/p>\n<p> Une maladie \u00e0 d\u00e9claration obligatoire <\/p>\n<p>La fi\u00e8vre du Nil occidental est une <strong>maladie \u00e0 d\u00e9claration obligatoire <\/strong>depuis 2021. Les investigations men\u00e9es \u00e0 la suite de l\u2019identification de ces cas incluent notamment l\u2019analyse des d\u00e9placements et des contacts des personnes touch\u00e9es afin de retracer la cha\u00eene de contamination. Ces \u00e9pisodes franciliens interviennent alors que cinq autres cas autochtones ont \u00e9t\u00e9 enregistr\u00e9s dans le Sud, en <strong>Provence-Alpes-C\u00f4te-d&rsquo;Azur<\/strong>.\u00a0 <\/p>\n<p>En outre, les <a href=\"https:\/\/mesinfos.fr\/30320-poulx\/cas-de-chikungunya-a-poulx-les-autorites-alerte-dans-le-gard-227727.html\" rel=\"noopener nofollow\" target=\"_blank\">cas autochtones de chikungunya<\/a> sont surveill\u00e9s \u00e9troitement par les autorit\u00e9s sanitaire, atteignant des niveaux \u00e9lev\u00e9s en m\u00e9tropole cet \u00e9t\u00e9. <\/p>\n<p><script async src=\"https:\/\/platform.twitter.com\/widgets.js\" charset=\"utf-8\"><\/script><\/p>\n","protected":false},"excerpt":{"rendered":"Shutterstock &#8211; Le virus du West-Nile est transmis par un moustique de genre culex.\u00a0 L&rsquo;Agence r\u00e9gionale de sant\u00e9&hellip;\n","protected":false},"author":2,"featured_media":317867,"comment_status":"","ping_status":"","sticky":false,"template":"","format":"standard","meta":{"footnotes":""},"categories":[1592],"tags":[1111,11,1777,674,1011,27,662,2856,12,626,25,45620],"class_list":{"0":"post-317866","1":"post","2":"type-post","3":"status-publish","4":"format-standard","5":"has-post-thumbnail","7":"category-ile-de-france","8":"tag-actu","9":"tag-actualites","10":"tag-eu","11":"tag-europe","12":"tag-fr","13":"tag-france","14":"tag-ile-de-france","15":"tag-moustique-tigre","16":"tag-news","17":"tag-paris","18":"tag-republique-francaise","19":"tag-west-nile"},"share_on_mastodon":{"url":"https:\/\/pubeurope.com\/@fr\/115025443892567615","error":""},"_links":{"self":[{"href":"https:\/\/www.europesays.com\/fr\/wp-json\/wp\/v2\/posts\/317866","targetHints":{"allow":["GET"]}}],"collection":[{"href":"https:\/\/www.europesays.com\/fr\/wp-json\/wp\/v2\/posts"}],"about":[{"href":"https:\/\/www.europesays.com\/fr\/wp-json\/wp\/v2\/types\/post"}],"author":[{"embeddable":true,"href":"https:\/\/www.europesays.com\/fr\/wp-json\/wp\/v2\/users\/2"}],"replies":[{"embeddable":true,"href":"https:\/\/www.europesays.com\/fr\/wp-json\/wp\/v2\/comments?post=317866"}],"version-history":[{"count":0,"href":"https:\/\/www.europesays.com\/fr\/wp-json\/wp\/v2\/posts\/317866\/revisions"}],"wp:featuredmedia":[{"embeddable":true,"href":"https:\/\/www.europesays.com\/fr\/wp-json\/wp\/v2\/media\/317867"}],"wp:attachment":[{"href":"https:\/\/www.europesays.com\/fr\/wp-json\/wp\/v2\/media?parent=317866"}],"wp:term":[{"taxonomy":"category","embeddable":true,"href":"https:\/\/www.europesays.com\/fr\/wp-json\/wp\/v2\/categories?post=317866"},{"taxonomy":"post_tag","embeddable":true,"href":"https:\/\/www.europesays.com\/fr\/wp-json\/wp\/v2\/tags?post=317866"}],"curies":[{"name":"wp","href":"https:\/\/api.w.org\/{rel}","templated":true}]}}