{"id":317868,"date":"2025-08-14T05:22:17","date_gmt":"2025-08-14T05:22:17","guid":{"rendered":"https:\/\/www.europesays.com\/fr\/317868\/"},"modified":"2025-08-14T05:22:17","modified_gmt":"2025-08-14T05:22:17","slug":"virus-du-nil-occidental-deux-cas-autochtones-recenses-en-seine-saint-denis","status":"publish","type":"post","link":"https:\/\/www.europesays.com\/fr\/317868\/","title":{"rendered":"Virus du Nil occidental\u00a0: deux cas autochtones recens\u00e9s en Seine-Saint-Denis"},"content":{"rendered":"<p>L&rsquo;agence r\u00e9gionale de sant\u00e9 d&rsquo;\u00cele-de-France annonce ce mercredi 13 ao\u00fbt la d\u00e9couverte de deux cas autochtones du virus du Nil occidental en Seine-Saint-Denis. Le virus est transmis \u00e0 l&rsquo;homme par le moustique Culex, lui-m\u00eame infect\u00e9 par un oiseau.<\/p>\n<p><a class=\"IciLink ici-link IciArticleLink g-ici-body-regular-1 underline brand svelte-lu7k6w\" href=\"https:\/\/www.francebleu.fr\/infos\/sante-sciences\/virus-du-nil-occidental-un-premier-cas-autochtone-detecte-dans-le-var-1068128\" rel=\"nofollow noopener\" target=\"_blank\">Apr\u00e8s des premiers cas recens\u00e9s dans le Var fin juillet,<\/a>\u00a0<strong>deux nouveaux cas autochtones du virus du Nil occidental<\/strong> ont \u00e9t\u00e9 d\u00e9tect\u00e9s chez des personnes r\u00e9sidant en Seine-Saint-Denis, indique l&rsquo;Agence r\u00e9gionale de sant\u00e9 (ARS) d&rsquo;\u00cele-de-France ce mercredi 13 ao\u00fbt.<\/p>\n<p>Ces personnes n&rsquo;ont pas \u00ab\u00a0voyag\u00e9 en zone d\u2019end\u00e9mie\u00a0\u00bb ces 15 derniers jours, pr\u00e9cise l&rsquo;ARS, c&rsquo;est-\u00e0-dire l\u00e0 o\u00f9 le virus est actif. Le premier cas a \u00e9t\u00e9 \u00ab\u00a0identifi\u00e9 fin juillet\u00a0\u00bb, apr\u00e8s un s\u00e9jour dans le Jura. L&rsquo;autre a \u00e9t\u00e9 confirm\u00e9 le 6 ao\u00fbt et \u00ab\u00a0n\u2019avait pas quitt\u00e9 l\u2019\u00cele-de-France dans les 15 jours pr\u00e9c\u00e9dant l\u2019apparition des sympt\u00f4mes\u00a0\u00bb.<\/p>\n<p>80 % des cas asymptomatiques<\/p>\n<p>Le virus du Nil occidental est transmis par une esp\u00e8ce moustique pr\u00e9cise, le moustique Culex,\u00a0diff\u00e9rent du moustique tigre*,* lui m\u00eame infect\u00e9 par un oiseau porteur du virus.\u00a0 Il n&rsquo;y a \u00ab\u00a0pas de transmission directe entre humains, ni via un moustique ayant piqu\u00e9 une personne infect\u00e9e\u00a0\u00bb, pr\u00e9cise l&rsquo;ARS.<\/p>\n<p>\u00ab\u00a0Dans 80 % des cas, l\u2019infection est asymptomatique\u00a0\u00bb, indique l&rsquo;ARS. Quand les patients pr\u00e9sentent des sympt\u00f4mes, cela ressemble \u00e0\u00a0<strong>un syndrome pseudo-grippal<\/strong> avec \u00ab\u00a0fi\u00e8vre importante accompagn\u00e9e de maux de t\u00eate, douleurs musculaires ou abdominales, naus\u00e9es, diarrh\u00e9es\u00a0\u00bb<\/p>\n<p>Dans \u00ab\u00a0moins de 1 %\u00a0\u00bb des cas, le virus peut provoquer des complications neurologiques comme une m\u00e9ningite ou une enc\u00e9phalite.<\/p>\n<p>Le virus est particuli\u00e8rement virulent en Italie. Le virus du Nil occidental, appel\u00e9 aussi West Nile, a caus\u00e9 17 d\u00e9c\u00e8s, selon les donn\u00e9es du minist\u00e8re italien de la Sant\u00e9, rapport\u00e9es par l&rsquo;ANSA, la plus grande agence de presse italienne.<\/p>\n","protected":false},"excerpt":{"rendered":"L&rsquo;agence r\u00e9gionale de sant\u00e9 d&rsquo;\u00cele-de-France annonce ce mercredi 13 ao\u00fbt la d\u00e9couverte de deux cas autochtones du virus&hellip;\n","protected":false},"author":2,"featured_media":317869,"comment_status":"","ping_status":"","sticky":false,"template":"","format":"standard","meta":{"footnotes":""},"categories":[1592],"tags":[1111,11,1777,674,1011,27,662,12,626,25],"class_list":{"0":"post-317868","1":"post","2":"type-post","3":"status-publish","4":"format-standard","5":"has-post-thumbnail","7":"category-ile-de-france","8":"tag-actu","9":"tag-actualites","10":"tag-eu","11":"tag-europe","12":"tag-fr","13":"tag-france","14":"tag-ile-de-france","15":"tag-news","16":"tag-paris","17":"tag-republique-francaise"},"share_on_mastodon":{"url":"https:\/\/pubeurope.com\/@fr\/115025447867645703","error":""},"_links":{"self":[{"href":"https:\/\/www.europesays.com\/fr\/wp-json\/wp\/v2\/posts\/317868","targetHints":{"allow":["GET"]}}],"collection":[{"href":"https:\/\/www.europesays.com\/fr\/wp-json\/wp\/v2\/posts"}],"about":[{"href":"https:\/\/www.europesays.com\/fr\/wp-json\/wp\/v2\/types\/post"}],"author":[{"embeddable":true,"href":"https:\/\/www.europesays.com\/fr\/wp-json\/wp\/v2\/users\/2"}],"replies":[{"embeddable":true,"href":"https:\/\/www.europesays.com\/fr\/wp-json\/wp\/v2\/comments?post=317868"}],"version-history":[{"count":0,"href":"https:\/\/www.europesays.com\/fr\/wp-json\/wp\/v2\/posts\/317868\/revisions"}],"wp:featuredmedia":[{"embeddable":true,"href":"https:\/\/www.europesays.com\/fr\/wp-json\/wp\/v2\/media\/317869"}],"wp:attachment":[{"href":"https:\/\/www.europesays.com\/fr\/wp-json\/wp\/v2\/media?parent=317868"}],"wp:term":[{"taxonomy":"category","embeddable":true,"href":"https:\/\/www.europesays.com\/fr\/wp-json\/wp\/v2\/categories?post=317868"},{"taxonomy":"post_tag","embeddable":true,"href":"https:\/\/www.europesays.com\/fr\/wp-json\/wp\/v2\/tags?post=317868"}],"curies":[{"name":"wp","href":"https:\/\/api.w.org\/{rel}","templated":true}]}}