{"id":317870,"date":"2025-08-14T05:23:12","date_gmt":"2025-08-14T05:23:12","guid":{"rendered":"https:\/\/www.europesays.com\/fr\/317870\/"},"modified":"2025-08-14T05:23:12","modified_gmt":"2025-08-14T05:23:12","slug":"on-etait-a-bord-dun-tgv-sans-climatisation-en-pleine-canicule","status":"publish","type":"post","link":"https:\/\/www.europesays.com\/fr\/317870\/","title":{"rendered":"on \u00e9tait \u00e0 bord d&rsquo;un TGV sans climatisation en pleine canicule"},"content":{"rendered":"\n<p class=\"c-chapo \">\n  Un trajet Paris-Perpignan mercredi s&rsquo;est transform\u00e9 en \u00e9preuve pour les passagers priv\u00e9s de climatisation dans plusieurs wagons. Entre chaleur \u00e9touffante et files d\u2019attente au wagon-bar, les voyageurs ont subi de plein fouet la canicule dans le train.\n<\/p>\n<p>            lire plus tard<\/p>\n<p id=\"dialog__title\" class=\"dialog__title\">Pour sauvegarder cet article, connectez-vous ou cr\u00e9ez un compte franceinfo<\/p>\n<p class=\"dialog__description\">Sans paiement. Sans abonnement.<\/p>\n<p>        Fermer la fen\u00eatre d\u2019activation des notifications France Info<\/p>\n<p>            cr\u00e9er votre compte<\/p>\n<p>            se connecter<\/p>\n<p>        Fermer la fen\u00eatre de pr\u00e9sentation<\/p>\n<p>    <img loading=\"lazy\" decoding=\"async\" class=\"signature__image lazyload\" width=\"100\" height=\"100\" data- alt=\"\" src=\"https:\/\/www.europesays.com\/fr\/wp-content\/uploads\/2025\/05\/64a7df4c5fe71_placeholder-36b69ec8.png\"\/><\/p>\n<p>    Publi\u00e9 le 14\/08\/2025 06:46<\/p>\n<p>        Temps de lecture : 2min<\/p>\n<p>    <img decoding=\"async\"  alt=\"A bord du TGV Paris-Perpignan de 14h42, mercredi 13\u00a0ao\u00fbt (NICOLAS JOLY \/ RADIO FRANCE)\" width=\"432\" height=\"243\" src=\"https:\/\/www.europesays.com\/fr\/wp-content\/uploads\/2025\/08\/tgv-canicule-img-4458-689d6b794f26f733821291.jpg\" fetchpriority=\"high\"\/><\/p>\n<p>      A bord du TGV Paris-Perpignan de 14h42, mercredi 13\u00a0ao\u00fbt (NICOLAS JOLY \/ RADIO FRANCE)<\/p>\n<p>Quarante degr\u00e8s dehors, 40\u00b0C dedans. Passer des heures enferm\u00e9 dans un train non climatis\u00e9, cela ne fait pas envie en ce moment alors que <a href=\"https:\/\/www.franceinfo.fr\/environnement\/evenements-meteorologiques-extremes\/vagues-de-chaleur-canicules\/carte-bordeaux-angouleme-bergerac-visualisez-les-records-de-chaleur-battus-en-france-cette-semaine_7430242.html\" rel=\"nofollow noopener\" target=\"_blank\">la canicule frappe une bonne partie de la France<\/a>. C&rsquo;est pourtant ce qui est arriv\u00e9 aux passagers du TGV Paris-Perpignan parti \u00e0\u00a014h42 de la gare de Lyon mercredi 13\u00a0ao\u00fbt.<\/p>\n<p>Cette absence de climatisation dans plusieurs wagons et pendant des heures fait prendre une tout autre allure au voyage. M\u00eame assis sans rien faire, on transpire \u00e0 grosses gouttes, alors on cherche un coin de fra\u00eecheur comme Georges\u00a0: \u00ab\u00a0Certains tol\u00e8rent et d&rsquo;autres r\u00e2lent&#8230; Moi je fais un peu des deux. J&rsquo;ai \u00e9t\u00e9 dans le wagon bar pour essayer d&rsquo;avoir un peu frais. Je fais la navette.\u00a0\u00bb<\/p>\n<p>Il n&rsquo;y a plus une place assise dans ce wagon-restaurant o\u00f9 il y a de la climatisation. \u00ab\u00a0Je suis venu ici pour avoir un peu de fra\u00eecheur, explique Marion qui attend debout. Mais l\u00e0, il y a de plus en plus de monde et il fait de plus en plus chaud. Il y a des b\u00e9b\u00e9s, il y a des personnes \u00e2g\u00e9es, un petit gar\u00e7on \u00e0 nos pieds qui a chaud.\u00a0\u00bb<\/p>\n<p>Une voyageuse transporte son chat, haletant, dans une caisse\u00a0: \u00ab\u00a0Je me remercie d&rsquo;avoir eu l&rsquo;id\u00e9e de ne pas prendre mon chien avec moi parce que j&rsquo;aurais eu peur pour sa vie, en fait.\u00a0\u00bb C\u00e9cile descend \u00e0 N\u00eemes dans deux heures. \u00ab\u00a0Dans les wagons, ce n&rsquo;est pas possible, explique-t-elle. J&rsquo;ai cru que j&rsquo;allais tomber dans les pommes. Je brasse de l&rsquo;air chaud avec mon \u00e9ventail, mais au moins c&rsquo;est une impression d&rsquo;air. Je ne comprends pas comment, en pleine alerte canicule, on en est l\u00e0. \u00a0\u00bb\u00a0<\/p>\n<p>Le personnel finit par distribuer des bouteilles d\u2019eau. Sylvie et Serge descendent \u00e0 Valence, la premi\u00e8re gare : \u00ab\u00a0Il y a le fiston qui nous attend, donc \u00e7a devrait aller. Et le v\u00e9hicule devrait \u00eatre climatis\u00e9\u00a0\u00bb, sourient-ils<\/p>\n<p>La SNCF assure qu\u2019il n\u2019y a pas plus de pannes de climatiseurs sur les TGV en p\u00e9riode de fortes chaleurs que le reste de l\u2019ann\u00e9e et qu\u2019elles restent exceptionnelles. Les seules probl\u00e9matiques identifi\u00e9es concernent les rames Intercit\u00e9s vieillissantes, dont une vingtaine ont \u00e9t\u00e9 retir\u00e9es de la circulation, occasionnant quelques perturbations sur le trafic.<\/p>\n<p>Besoin de conseils face \u00e0 la chaleur\u00a0? Le num\u00e9ro vert Canicule info service \u00ab\u00a0pour se prot\u00e9ger et prot\u00e9ger son entourage\u00a0\u00bb est disponible au 0\u00a0800\u00a006\u00a066\u00a066 (appel gratuit entre 9 heures et 19 heures). Ces conseils sont aussi disponibles <a href=\"https:\/\/sante.gouv.fr\/actualites\/presse\/communiques-de-presse\/article\/fortes-chaleurs-activation-du-numero-vert-canicule-info-service-joignable-au-0\" target=\"_blank\" rel=\"noopener nofollow\">sur le site du minist\u00e8re<\/a>. \u00a0 <\/p>\n","protected":false},"excerpt":{"rendered":"Un trajet Paris-Perpignan mercredi s&rsquo;est transform\u00e9 en \u00e9preuve pour les passagers priv\u00e9s de climatisation dans plusieurs wagons. Entre&hellip;\n","protected":false},"author":2,"featured_media":317871,"comment_status":"","ping_status":"","sticky":false,"template":"","format":"standard","meta":{"footnotes":""},"categories":[1888],"tags":[1111,1928,11,1927,1777,674,1011,27,12,1926,626,1925,25],"class_list":{"0":"post-317870","1":"post","2":"type-post","3":"status-publish","4":"format-standard","5":"has-post-thumbnail","7":"category-paris","8":"tag-actu","9":"tag-actu-paris","10":"tag-actualites","11":"tag-actualites-paris","12":"tag-eu","13":"tag-europe","14":"tag-fr","15":"tag-france","16":"tag-news","17":"tag-news-paris","18":"tag-paris","19":"tag-paris-news","20":"tag-republique-francaise"},"share_on_mastodon":{"url":"https:\/\/pubeurope.com\/@fr\/115025451756175045","error":""},"_links":{"self":[{"href":"https:\/\/www.europesays.com\/fr\/wp-json\/wp\/v2\/posts\/317870","targetHints":{"allow":["GET"]}}],"collection":[{"href":"https:\/\/www.europesays.com\/fr\/wp-json\/wp\/v2\/posts"}],"about":[{"href":"https:\/\/www.europesays.com\/fr\/wp-json\/wp\/v2\/types\/post"}],"author":[{"embeddable":true,"href":"https:\/\/www.europesays.com\/fr\/wp-json\/wp\/v2\/users\/2"}],"replies":[{"embeddable":true,"href":"https:\/\/www.europesays.com\/fr\/wp-json\/wp\/v2\/comments?post=317870"}],"version-history":[{"count":0,"href":"https:\/\/www.europesays.com\/fr\/wp-json\/wp\/v2\/posts\/317870\/revisions"}],"wp:featuredmedia":[{"embeddable":true,"href":"https:\/\/www.europesays.com\/fr\/wp-json\/wp\/v2\/media\/317871"}],"wp:attachment":[{"href":"https:\/\/www.europesays.com\/fr\/wp-json\/wp\/v2\/media?parent=317870"}],"wp:term":[{"taxonomy":"category","embeddable":true,"href":"https:\/\/www.europesays.com\/fr\/wp-json\/wp\/v2\/categories?post=317870"},{"taxonomy":"post_tag","embeddable":true,"href":"https:\/\/www.europesays.com\/fr\/wp-json\/wp\/v2\/tags?post=317870"}],"curies":[{"name":"wp","href":"https:\/\/api.w.org\/{rel}","templated":true}]}}