{"id":317872,"date":"2025-08-14T05:24:21","date_gmt":"2025-08-14T05:24:21","guid":{"rendered":"https:\/\/www.europesays.com\/fr\/317872\/"},"modified":"2025-08-14T05:24:21","modified_gmt":"2025-08-14T05:24:21","slug":"deux-complices-presumes-de-mohamed-amra-extrades-du-maroc-vers-la-france","status":"publish","type":"post","link":"https:\/\/www.europesays.com\/fr\/317872\/","title":{"rendered":"Deux complices pr\u00e9sum\u00e9s de Mohamed Amra extrad\u00e9s du Maroc vers la France"},"content":{"rendered":"<p>Les derniers complices pr\u00e9sum\u00e9s de l\u2019ex-ennemi public num\u00e9ro\u00a01 vont atterrir d\u2019ici 18\u00a0heures en France. Selon les informations de Paris Match, Alan G. et Albinou D. sont en cours d\u2019extradition du Maroc, ce mercredi 13\u00a0ao\u00fbt, en fin d\u2019apr\u00e8s-midi.<\/p>\n<p>Pr\u00e9sent\u00e9s comme deux \u00ab\u00a0proches\u00a0\u00bb de Mohamed Amra, alias la Mouche, les deux suspects, \u00e2g\u00e9s de 28 et 38\u00a0ans, sont soup\u00e7onn\u00e9s d\u2019avoir directement pris part \u00e0 l\u2019\u00e9vasion sanglante du narcotrafiquant, le 14\u00a0mai 2024, au p\u00e9age d\u2019Incarville (Eure), \u00ab\u00a0exfiltr\u00e9\u00a0\u00bb par un commando lourdement arm\u00e9.<\/p>\n<p>En fuite apr\u00e8s l\u2019attaque du fourgon cellulaire qui transportait Mohamed Amra, &#8211; qui a co\u00fbt\u00e9 la vie \u00e0 deux agents p\u00e9nitentiaires et caus\u00e9 de graves blessures \u00e0 trois autres surveillants -, Alan G. et Albinou D. ont fait l\u2019objet de notices rouges d\u2019Interpol, avant d\u2019\u00eatre arr\u00eat\u00e9s, le 24\u00a0f\u00e9vrier dernier, alors qu\u2019ils avaient trouv\u00e9 refuge dans le royaume ch\u00e9rifien.<\/p>\n<p>Avant eux, d\u2019autres comparses pr\u00e9sum\u00e9s de la Mouche, en fuite \u00e0 l\u2019\u00e9tranger, avaient \u00e9t\u00e9 reconduits en France apr\u00e8s leur interpellation, comme <a href=\"https:\/\/www.parismatch.com\/actu\/faits-divers\/info-paris-match-le-complice-presume-de-mohamed-amra-en-thailande-en-cours-dextradition-vers-la-france-249869\" rel=\"nofollow noopener\" target=\"_blank\" data-ylk=\"slk:l\u2019avait r\u00e9v\u00e9l\u00e9 Paris Match;elm:context_link;itc:0;sec:content-canvas\" class=\"link \">l\u2019avait r\u00e9v\u00e9l\u00e9 Paris Match<\/a>.<\/p>\n<p>Ce mercredi 13\u00a0ao\u00fbt, en d\u00e9but de soir\u00e9e, les deux hommes, originaires d\u2019Evreux (Eure), vont \u00eatre pr\u00e9sent\u00e9s devant un juge d\u2019instruction de la juridiction nationale de lutte contre la criminalit\u00e9 organis\u00e9e (JUNALCO), en charge de la lutte contre la criminalit\u00e9 de tr\u00e8s grande complexit\u00e9, en vue de leur mise en examen.<\/p>\n<p>Image<\/p>\n<p><img decoding=\"async\" class=\"caas-img caas-lazy has-preview\" alt=\"\" src=\"https:\/\/www.europesays.com\/fr\/wp-content\/uploads\/2025\/08\/112ce9c960ba33da88a5d2331b55ee1f.jpeg\"\/><\/p>\n<p> Deux complices pr\u00e9sum\u00e9s de Mohamed Amra extra&#8230;<br \/><a href=\"https:\/\/www.parismatch.com\/actu\/faits-divers\/info-paris-match-deux-complices-presumes-de-mohamed-amra-extrades-du-maroc-vers-la-france-255562?at_medium=affiliate&amp;at_campaign=Yahoo\" rel=\"nofollow noopener\" target=\"_blank\" data-ylk=\"slk:Lire la suite sur ParisMatch;elm:context_link;itc:0;sec:content-canvas\" class=\"link \">Lire la suite sur ParisMatch<\/a><\/p>\n","protected":false},"excerpt":{"rendered":"Les derniers complices pr\u00e9sum\u00e9s de l\u2019ex-ennemi public num\u00e9ro\u00a01 vont atterrir d\u2019ici 18\u00a0heures en France. Selon les informations de&hellip;\n","protected":false},"author":2,"featured_media":317873,"comment_status":"","ping_status":"","sticky":false,"template":"","format":"standard","meta":{"footnotes":""},"categories":[1888],"tags":[1111,1928,11,1927,45621,12612,1777,674,1011,27,805,12,1926,626,5818,1925,25],"class_list":{"0":"post-317872","1":"post","2":"type-post","3":"status-publish","4":"format-standard","5":"has-post-thumbnail","7":"category-paris","8":"tag-actu","9":"tag-actu-paris","10":"tag-actualites","11":"tag-actualites-paris","12":"tag-alan-g","13":"tag-complices","14":"tag-eu","15":"tag-europe","16":"tag-fr","17":"tag-france","18":"tag-mohamed-amra","19":"tag-news","20":"tag-news-paris","21":"tag-paris","22":"tag-paris-match","23":"tag-paris-news","24":"tag-republique-francaise"},"share_on_mastodon":{"url":"https:\/\/pubeurope.com\/@fr\/115025455622011535","error":""},"_links":{"self":[{"href":"https:\/\/www.europesays.com\/fr\/wp-json\/wp\/v2\/posts\/317872","targetHints":{"allow":["GET"]}}],"collection":[{"href":"https:\/\/www.europesays.com\/fr\/wp-json\/wp\/v2\/posts"}],"about":[{"href":"https:\/\/www.europesays.com\/fr\/wp-json\/wp\/v2\/types\/post"}],"author":[{"embeddable":true,"href":"https:\/\/www.europesays.com\/fr\/wp-json\/wp\/v2\/users\/2"}],"replies":[{"embeddable":true,"href":"https:\/\/www.europesays.com\/fr\/wp-json\/wp\/v2\/comments?post=317872"}],"version-history":[{"count":0,"href":"https:\/\/www.europesays.com\/fr\/wp-json\/wp\/v2\/posts\/317872\/revisions"}],"wp:featuredmedia":[{"embeddable":true,"href":"https:\/\/www.europesays.com\/fr\/wp-json\/wp\/v2\/media\/317873"}],"wp:attachment":[{"href":"https:\/\/www.europesays.com\/fr\/wp-json\/wp\/v2\/media?parent=317872"}],"wp:term":[{"taxonomy":"category","embeddable":true,"href":"https:\/\/www.europesays.com\/fr\/wp-json\/wp\/v2\/categories?post=317872"},{"taxonomy":"post_tag","embeddable":true,"href":"https:\/\/www.europesays.com\/fr\/wp-json\/wp\/v2\/tags?post=317872"}],"curies":[{"name":"wp","href":"https:\/\/api.w.org\/{rel}","templated":true}]}}