{"id":317882,"date":"2025-08-14T05:29:13","date_gmt":"2025-08-14T05:29:13","guid":{"rendered":"https:\/\/www.europesays.com\/fr\/317882\/"},"modified":"2025-08-14T05:29:13","modified_gmt":"2025-08-14T05:29:13","slug":"donald-trump-veut-donner-un-coup-de-fouet-a-lindustrie-spatiale-americaine","status":"publish","type":"post","link":"https:\/\/www.europesays.com\/fr\/317882\/","title":{"rendered":"Donald Trump veut donner un coup de fouet \u00e0 l&rsquo;industrie spatiale am\u00e9ricaine"},"content":{"rendered":"<p class=\"fig-paragraph\">Donald Trump a ordonn\u00e9 mercredi l&rsquo;all\u00e8gement de proc\u00e9dures et de r\u00e9glementations, notamment environnementales, afin de permettre au secteur spatial priv\u00e9 am\u00e9ricain d&rsquo;augmenter de fa\u00e7on \u00abconsid\u00e9rable\u00bb ses lancements, une mesure qui devrait r\u00e9jouir son ancien alli\u00e9\u00a0<a href=\"http:\/\/www.lefigaro.fr\/secteur\/high-tech\/elon-musk-veut-attaquer-apple-pour-favoritisme-envers-chatgpt-20250812\" target=\"_blank\" data-fig-type=\"Article\" rel=\"noopener nofollow\" data-gtm-custom-categorie=\"navigation\" data-gtm-custom-action=\"crossclick\" data-gtm-custom-label=\"Contextuel\" data-gtm-event=\"customEventSPE\" data-fig-domain=\"LEFIGARO\">Elon Musk<\/a>. \u00abLes \u00c9tats-Unis ont pour politique de renforcer leur position dominante dans le domaine spatial en favorisant la concurrence sur le march\u00e9 des lancements\u00bb, fait valoir le pr\u00e9sident am\u00e9ricain dans un nouveau d\u00e9cret.<\/p>\n<p class=\"fig-paragraph\">Pour ce faire, le r\u00e9publicain demande \u00e0 son administration de lever autant que faire se peut les freins administratifs aux activit\u00e9s spatiales commerciales, sur lesquelles il compte pour mener \u00e0 bien plusieurs de ses projets. Parmi ceux-ci\u00a0: l&rsquo;envoi d&rsquo;Hommes sur la Lune et sur la plan\u00e8te Mars ou encore la construction d&rsquo;un bouclier antimissile baptis\u00e9 \u00abD\u00f4me d&rsquo;or\u00bb.<\/p>\n<p>                                    <a class=\"fig-a11y-skip a11y-hidden\" href=\"#fig-a11y-skip-main-inarticle\"><br \/>\n        Passer la publicit\u00e9<br \/>\n    <\/a><\/p>\n<p>SpaceX en leader du march\u00e9<\/p>\n<p class=\"fig-paragraph\">Auparavant r\u00e9serv\u00e9 aux \u00c9tats, le domaine de l&rsquo;espace s&rsquo;est ouvert \u00e0 partir du d\u00e9but des ann\u00e9es 2000 aux acteurs priv\u00e9s, dont l&rsquo;importance n&rsquo;a depuis cess\u00e9 de cro\u00eetre, particuli\u00e8rement aux \u00c9tats-Unis. L&rsquo;entreprise am\u00e9ricaine SpaceX du multimilliardaire Elon Musk domine ainsi d\u00e9sormais le march\u00e9 mondial, avec plus de 130 lancements en 2024. Un nombre qui devrait continuer \u00e0 augmenter, selon les directives donn\u00e9es par le r\u00e9publicain, qui appelle \u00e0 \u00abaugmenter consid\u00e9rablement la cadence des lancements commerciaux et des activit\u00e9s spatiales novatrices\u00bb am\u00e9ricaines \u00abd&rsquo;ici 2030\u00bb.<\/p>\n<p class=\"fig-paragraph\">Ces mesures, attendues, devraient r\u00e9jouir du patron de SpaceX, d\u00e9fenseur comme le pr\u00e9sident d&rsquo;une d\u00e9r\u00e9gulation du secteur, mais avec qui Donald Trump s&rsquo;est r\u00e9cemment brouill\u00e9. Elon Musk, qui d\u00e9veloppe actuellement Starship, la plus grande fus\u00e9e jamais con\u00e7ue pour des voyages vers la Lune et la plan\u00e8te rouge, est un partisan des prises de risque et mise sur le lancement de multiples prototypes pour avancer, quitte \u00e0 ce qu&rsquo;ils explosent.<\/p>\n<p class=\"fig-paragraph\">Une strat\u00e9gie vivement critiqu\u00e9e sur le plan environnemental, et peu appr\u00e9ci\u00e9e des autorit\u00e9s de r\u00e9gulation. \u00abCette d\u00e9cision irresponsable met en danger les populations et la faune sauvage, car les entreprises priv\u00e9es lancent des fus\u00e9es g\u00e9antes qui explosent souvent et causent des ravages dans les zones environnantes\u00bb, d\u00e9nonce Jared Margolis, avocat au Center for Biological Diversity.<\/p>\n","protected":false},"excerpt":{"rendered":"Donald Trump a ordonn\u00e9 mercredi l&rsquo;all\u00e8gement de proc\u00e9dures et de r\u00e9glementations, notamment environnementales, afin de permettre au secteur&hellip;\n","protected":false},"author":2,"featured_media":317883,"comment_status":"","ping_status":"","sticky":false,"template":"","format":"standard","meta":{"footnotes":""},"categories":[1589],"tags":[11,75,386,73,1866,12,1864,1865,1863,308],"class_list":{"0":"post-317882","1":"post","2":"type-post","3":"status-publish","4":"format-standard","5":"has-post-thumbnail","7":"category-etats-unis","8":"tag-actualites","9":"tag-donald-trump","10":"tag-espace","11":"tag-etats-unis","12":"tag-etats-unis-damerique","13":"tag-news","14":"tag-united-states","15":"tag-united-states-of-america","16":"tag-us","17":"tag-usa"},"share_on_mastodon":{"url":"https:\/\/pubeurope.com\/@fr\/115025475284068661","error":""},"_links":{"self":[{"href":"https:\/\/www.europesays.com\/fr\/wp-json\/wp\/v2\/posts\/317882","targetHints":{"allow":["GET"]}}],"collection":[{"href":"https:\/\/www.europesays.com\/fr\/wp-json\/wp\/v2\/posts"}],"about":[{"href":"https:\/\/www.europesays.com\/fr\/wp-json\/wp\/v2\/types\/post"}],"author":[{"embeddable":true,"href":"https:\/\/www.europesays.com\/fr\/wp-json\/wp\/v2\/users\/2"}],"replies":[{"embeddable":true,"href":"https:\/\/www.europesays.com\/fr\/wp-json\/wp\/v2\/comments?post=317882"}],"version-history":[{"count":0,"href":"https:\/\/www.europesays.com\/fr\/wp-json\/wp\/v2\/posts\/317882\/revisions"}],"wp:featuredmedia":[{"embeddable":true,"href":"https:\/\/www.europesays.com\/fr\/wp-json\/wp\/v2\/media\/317883"}],"wp:attachment":[{"href":"https:\/\/www.europesays.com\/fr\/wp-json\/wp\/v2\/media?parent=317882"}],"wp:term":[{"taxonomy":"category","embeddable":true,"href":"https:\/\/www.europesays.com\/fr\/wp-json\/wp\/v2\/categories?post=317882"},{"taxonomy":"post_tag","embeddable":true,"href":"https:\/\/www.europesays.com\/fr\/wp-json\/wp\/v2\/tags?post=317882"}],"curies":[{"name":"wp","href":"https:\/\/api.w.org\/{rel}","templated":true}]}}