{"id":317884,"date":"2025-08-14T05:30:10","date_gmt":"2025-08-14T05:30:10","guid":{"rendered":"https:\/\/www.europesays.com\/fr\/317884\/"},"modified":"2025-08-14T05:30:10","modified_gmt":"2025-08-14T05:30:10","slug":"vu-du-royaume-uni-les-francais-ne-sont-pas-des-tire-au-flanc-juste-dexcellents-vacanciers","status":"publish","type":"post","link":"https:\/\/www.europesays.com\/fr\/317884\/","title":{"rendered":"Vu du Royaume-Uni, les Fran\u00e7ais ne sont pas des tire-au-flanc, juste d\u2019excellents vacanciers"},"content":{"rendered":"<p class=\"PopSlotParagraph qg-tx2 qg-xtra-lh svelte-1r0pyek\">\u00ab\u00a0Non, les Fran\u00e7ais ne sont pas des tire au flanc, juste d&rsquo;excellents vacanciers\u00a0\u00bb \u00e9crit Anthony Peregrine, correspondant \u00e0 Paris du Daily Telegraph,\u00a0suite aux annonces de Fran\u00e7ois Bayrou, deux jours f\u00e9ri\u00e9s supprim\u00e9s, et \u00e0 la col\u00e8re que cela suscite.<br \/>M\u00eame sans le lundi de P\u00e2ques et le 8 mai, on en garderait 9. Ce qui serait toujours plus qu&rsquo;au Royaume Uni.<br \/>L\u00e0 on aurait pu imaginer des moqueries du cot\u00e9 de la Perfide Albion et bien non, loin de tomber dans la vieille rengaine \u00ab\u00a0ces Fran\u00e7ais qui ne veulent pas bosser\u00a0\u00bb&#8230; le journaliste d&rsquo;outre-Manche prend notre d\u00e9fense.<br \/>Dans un article, d\u00e9nich\u00e9 par Courrier International,\u00a0il estime qu&rsquo;au travail, nous faisons peut \u00eatre moins d&rsquo;heures, mais nous sommes plus productifs et surtout, si nous sommes tant attach\u00e9s \u00e0 notre temps libre, c&rsquo;est que nous avons fait de la gestion des loisirs un art avec un sens tr\u00e8s raffin\u00e9 des cong\u00e9s et de la f\u00eate pendant l&rsquo;\u00e9t\u00e9.<br \/>Ici, pas de beuverie \u00e0 la sangria mais des d\u00e9gustations de vin devant un concert de jazz, pas de d\u00e9bauche torse nu en pleine rue mais des soir\u00e9es civilis\u00e9es autour d&rsquo;un plateau de fruits de mer et surtout de la culture, festivals, ch\u00e2teaux, concerts&#8230;<br \/>\u00ab\u00a0Placez le mot culture\u00a0\u00bb, \u00e9crit notre journaliste londonien, et \u00ab\u00a0les Fran\u00e7ais se mettent imm\u00e9diatement dans la file d&rsquo;attente, peu importe le sujet\u00a0\u00bb.<br \/>N&rsquo;en jetez plus. Apr\u00e8s tant d&rsquo;honneur, il va falloir \u00e0 notre tour dire du bien de nos voisins.<br \/>J&rsquo;attends, avec impatience, un article de la presse fran\u00e7aise, par exemple, sur la merveilleuse gastronomie britannique\u00a0!<\/p>\n","protected":false},"excerpt":{"rendered":"\u00ab\u00a0Non, les Fran\u00e7ais ne sont pas des tire au flanc, juste d&rsquo;excellents vacanciers\u00a0\u00bb \u00e9crit Anthony Peregrine, correspondant \u00e0&hellip;\n","protected":false},"author":2,"featured_media":317885,"comment_status":"","ping_status":"","sticky":false,"template":"","format":"standard","meta":{"footnotes":""},"categories":[1588],"tags":[11,1777,674,12,473,1853,1851,1850,1852],"class_list":{"0":"post-317884","1":"post","2":"type-post","3":"status-publish","4":"format-standard","5":"has-post-thumbnail","7":"category-royaume-uni","8":"tag-actualites","9":"tag-eu","10":"tag-europe","11":"tag-news","12":"tag-royaume-uni","13":"tag-royaume-uni-de-grande-bretagne-et-dirlande-du-nord","14":"tag-uk","15":"tag-united-kingdom","16":"tag-united-kingdom-of-great-britain-and-northern-ireland"},"share_on_mastodon":{"url":"https:\/\/pubeurope.com\/@fr\/115025479252365301","error":""},"_links":{"self":[{"href":"https:\/\/www.europesays.com\/fr\/wp-json\/wp\/v2\/posts\/317884","targetHints":{"allow":["GET"]}}],"collection":[{"href":"https:\/\/www.europesays.com\/fr\/wp-json\/wp\/v2\/posts"}],"about":[{"href":"https:\/\/www.europesays.com\/fr\/wp-json\/wp\/v2\/types\/post"}],"author":[{"embeddable":true,"href":"https:\/\/www.europesays.com\/fr\/wp-json\/wp\/v2\/users\/2"}],"replies":[{"embeddable":true,"href":"https:\/\/www.europesays.com\/fr\/wp-json\/wp\/v2\/comments?post=317884"}],"version-history":[{"count":0,"href":"https:\/\/www.europesays.com\/fr\/wp-json\/wp\/v2\/posts\/317884\/revisions"}],"wp:featuredmedia":[{"embeddable":true,"href":"https:\/\/www.europesays.com\/fr\/wp-json\/wp\/v2\/media\/317885"}],"wp:attachment":[{"href":"https:\/\/www.europesays.com\/fr\/wp-json\/wp\/v2\/media?parent=317884"}],"wp:term":[{"taxonomy":"category","embeddable":true,"href":"https:\/\/www.europesays.com\/fr\/wp-json\/wp\/v2\/categories?post=317884"},{"taxonomy":"post_tag","embeddable":true,"href":"https:\/\/www.europesays.com\/fr\/wp-json\/wp\/v2\/tags?post=317884"}],"curies":[{"name":"wp","href":"https:\/\/api.w.org\/{rel}","templated":true}]}}