{"id":317890,"date":"2025-08-14T05:33:11","date_gmt":"2025-08-14T05:33:11","guid":{"rendered":"https:\/\/www.europesays.com\/fr\/317890\/"},"modified":"2025-08-14T05:33:11","modified_gmt":"2025-08-14T05:33:11","slug":"lespagne-demande-laide-de-lue-pour-combattre-les-feux-de-forets","status":"publish","type":"post","link":"https:\/\/www.europesays.com\/fr\/317890\/","title":{"rendered":"L\u2019Espagne demande l\u2019aide de l\u2019UE pour combattre les feux de for\u00eats"},"content":{"rendered":"<p>L\u2019Espagne a fait appel mercredi soir au m\u00e9canisme d\u2019aide au sein de l\u2019Union europ\u00e9enne (UE) pour lutter contre les nombreux incendies qui ravagent le pays et a demand\u00e9 \u00ab\u00a0deux avions Canadair\u00a0\u00bb, a annonc\u00e9 le ministre de l\u2019Int\u00e9rieur, Fernando Grande-Marlaska.<\/p>\n<p>\u00ab\u00a0Nous avons formalis\u00e9 ce soir\u00a0\u00bb (mercredi) la demande \u00e0 l\u2019UE \u00ab\u00a0et nous avons demand\u00e9 un module avec deux avions Canadair\u00a0\u00bb sp\u00e9cialis\u00e9s dans la lutte contre les incendies, a d\u00e9clar\u00e9 le ministre \u00e0 la radio Cadena Ser.<\/p>\n","protected":false},"excerpt":{"rendered":"L\u2019Espagne a fait appel mercredi soir au m\u00e9canisme d\u2019aide au sein de l\u2019Union europ\u00e9enne (UE) pour lutter contre&hellip;\n","protected":false},"author":2,"featured_media":317891,"comment_status":"","ping_status":"","sticky":false,"template":"","format":"standard","meta":{"footnotes":""},"categories":[1586],"tags":[11,1777,674,1779,1011,27,12,25,1778,364],"class_list":{"0":"post-317890","1":"post","2":"type-post","3":"status-publish","4":"format-standard","5":"has-post-thumbnail","7":"category-europe","8":"tag-actualites","9":"tag-eu","10":"tag-europe","11":"tag-european-union","12":"tag-fr","13":"tag-france","14":"tag-news","15":"tag-republique-francaise","16":"tag-ue","17":"tag-union-europeenne"},"share_on_mastodon":{"url":"https:\/\/pubeurope.com\/@fr\/115025491035748039","error":""},"_links":{"self":[{"href":"https:\/\/www.europesays.com\/fr\/wp-json\/wp\/v2\/posts\/317890","targetHints":{"allow":["GET"]}}],"collection":[{"href":"https:\/\/www.europesays.com\/fr\/wp-json\/wp\/v2\/posts"}],"about":[{"href":"https:\/\/www.europesays.com\/fr\/wp-json\/wp\/v2\/types\/post"}],"author":[{"embeddable":true,"href":"https:\/\/www.europesays.com\/fr\/wp-json\/wp\/v2\/users\/2"}],"replies":[{"embeddable":true,"href":"https:\/\/www.europesays.com\/fr\/wp-json\/wp\/v2\/comments?post=317890"}],"version-history":[{"count":0,"href":"https:\/\/www.europesays.com\/fr\/wp-json\/wp\/v2\/posts\/317890\/revisions"}],"wp:featuredmedia":[{"embeddable":true,"href":"https:\/\/www.europesays.com\/fr\/wp-json\/wp\/v2\/media\/317891"}],"wp:attachment":[{"href":"https:\/\/www.europesays.com\/fr\/wp-json\/wp\/v2\/media?parent=317890"}],"wp:term":[{"taxonomy":"category","embeddable":true,"href":"https:\/\/www.europesays.com\/fr\/wp-json\/wp\/v2\/categories?post=317890"},{"taxonomy":"post_tag","embeddable":true,"href":"https:\/\/www.europesays.com\/fr\/wp-json\/wp\/v2\/tags?post=317890"}],"curies":[{"name":"wp","href":"https:\/\/api.w.org\/{rel}","templated":true}]}}