{"id":317898,"date":"2025-08-14T05:39:13","date_gmt":"2025-08-14T05:39:13","guid":{"rendered":"https:\/\/www.europesays.com\/fr\/317898\/"},"modified":"2025-08-14T05:39:13","modified_gmt":"2025-08-14T05:39:13","slug":"julien-tastet-explique-sa-decision-de-quitter-le-stade-francais-pour-castres","status":"publish","type":"post","link":"https:\/\/www.europesays.com\/fr\/317898\/","title":{"rendered":"Julien Tastet explique sa d\u00e9cision de quitter le Stade-Fran\u00e7ais pour Castres"},"content":{"rendered":"<p>Cet \u00e9t\u00e9, Julien Tastet a d\u00e9cid\u00e9 de quitter le Stade-Fran\u00e7ais Paris afin de rejoindre le Castres Olympique en tant qu\u2019entra\u00eeneur des avants.<\/p>\n<p><strong>Interrog\u00e9 via Midi Olympique, le jeune technicien du CO a rappel\u00e9 comment s\u2019est termin\u00e9e sa carri\u00e8re de joueur, en 2020, et comment il a enchain\u00e9 de l\u2019autre c\u00f4t\u00e9 de la barri\u00e8re. Extrait:<\/strong><\/p>\n<p>J\u2019ai arr\u00eat\u00e9 ma carri\u00e8re de joueur \u00e0 Mont-de-Marsan pendant la pand\u00e9mie de Covid, en 2020. J\u2019ai bascul\u00e9 dans la foul\u00e9e en tant qu\u2019entra\u00eeneur au stade montois avec un ancien capitaine du CO qui m\u2019a entra\u00een\u00e9, R\u00e9mi Tales. On a entra\u00een\u00e9 ensemble pendant trois ans, puis lui est parti \u00e0 La Rochelle. J\u2019ai entra\u00een\u00e9 une ann\u00e9e de plus le Stade montois et je suis parti au Stade fran\u00e7ais l\u2019\u00e9t\u00e9 dernier par le biais de Karim Ghezal et Laurent Labit. <\/p>\n<p>Au vu de la saison difficile, je crois que courant novembre, j\u2019avais demand\u00e9 \u00e0 \u00eatre lib\u00e9r\u00e9. Ensuite, j\u2019ai rapidement \u00e9t\u00e9 contact\u00e9 par Matthias Rolland et Xavier Sadourny. Et en d\u00e9cembre, j\u2019ai pris la d\u00e9cision de rejoindre le Castres olympique.<\/p>\n<p><strong>Il explique sa d\u00e9cision de signer \u00e0 Castres. Extrait:<\/strong><\/p>\n<p>Ce choix me permettait tout d\u2019abord de rester dans un des bastions du rugby fran\u00e7ais, un club qui a de l\u2019ambition et une grosse histoire. Je voulais aussi retrouver une structure qui ressemble aux valeurs que j\u2019ai connues \u00e0 Mont-de-Marsan et que j\u2019aime v\u00e9hiculer. Ici, c\u2019est simple, sain, avec un beau pass\u00e9, des valeurs de partage, de proximit\u00e9 avec les supporters, le territoire. J\u2019ai eu de bons \u00e9changes avec le staff du CO, je connaissais d\u00e9j\u00e0 Pierre (Lassus, pr\u00e9parateur physique, N.D.L.R.). Tout cela a contribu\u00e9 \u00e0 me donner envie de rejoindre le club. Je n\u2019ai pas h\u00e9sit\u00e9 longtemps.<\/p>\n<p><strong>Il explique quelle sera sa v\u00e9ritable mission lors de cette saison 2025 \/ 2026. Extrait:<\/strong><\/p>\n<p>J\u2019arrive donc en tant qu\u2019entra\u00eeneur des avants. Mon r\u00f4le sera de chapeauter un peu tout ce qui touche au r\u00f4le des avants sur le terrain. Bien s\u00fbr, Yannick Caballero gardera ses pr\u00e9rogatives sur la touche, notamment le domaine a\u00e9rien. Et Karena Wihongi g\u00e9rera les choses qui touchent \u00e0 la m\u00eal\u00e9e. Mon objectif sera de me focaliser sur le jeu d\u2019avants dans sa globalit\u00e9. Les cellules, les structures apr\u00e8s le 9 par exemple. <\/p>\n<p>J\u2019aurai une attention particuli\u00e8re sur le jeu dans la zone de marque et un \u0153il sur tout ce qui touche aux attitudes au sol concernant la touche, que ce soit les d\u00e9fenses de ballon port\u00e9, les attitudes des lifteurs, des sauteurs. Le but, c\u2019est qu\u2019on arrive \u00e0 collaborer tous les trois avec Yannick et Karena. Je travaillerai aussi beaucoup sur l\u2019individuel, je ferai beaucoup d\u2019\u00e9changes avec les joueurs pour leur permettre de continuer leur d\u00e9veloppement.<\/p>\n<p><strong>Pour conclure, il d\u00e9voile ce qu\u2019il peut apporter \u00e0 cette \u00e9quipe Castraise. Extrait:<\/strong><\/p>\n<p>Disons que sur le jeu d\u2019avant, on va aller chercher beaucoup de d\u00e9tails. Xavier a vraiment d\u00e9velopp\u00e9 ce qu\u2019il voulait mettre dans le syst\u00e8me offensif. Maintenant, c\u2019est dans les structures des avants que nous allons chercher des d\u00e9tails. \u00catre encore plus rigoureux dans les attitudes du porteur de balle, dans les attitudes des soutiens, dans leur timing, dans leur ligne de course pour peser encore plus sur la d\u00e9fense. <\/p>\n<p>Sur l\u2019aspect de la touche, je pense qu\u2019on peut progresser sur les d\u00e9fenses de ballon port\u00e9. \u00c7a a \u00e9t\u00e9 un secteur o\u00f9 le CO a pris pas mal d\u2019essais l\u2019ann\u00e9e derni\u00e8re. Je pense qu\u2019on peut \u00eatre encore plus performant dans ce secteur-l\u00e0. Ensuite, je voudrais continuer un peu ce qui avait \u00e9t\u00e9 fait au fil du dernier exercice, avoir de l\u2019efficacit\u00e9 dans la conqu\u00eate a\u00e9rienne. Parce qu\u2019on sait qu\u2019\u00e0 ce sport, c\u2019est plus facile d\u2019avoir le ballon que de courir apr\u00e8s.<\/p>\n","protected":false},"excerpt":{"rendered":"Cet \u00e9t\u00e9, Julien Tastet a d\u00e9cid\u00e9 de quitter le Stade-Fran\u00e7ais Paris afin de rejoindre le Castres Olympique en&hellip;\n","protected":false},"author":2,"featured_media":317899,"comment_status":"","ping_status":"","sticky":false,"template":"","format":"standard","meta":{"footnotes":""},"categories":[1416],"tags":[1011,27,479,1468,60],"class_list":{"0":"post-317898","1":"post","2":"type-post","3":"status-publish","4":"format-standard","5":"has-post-thumbnail","7":"category-rugby","8":"tag-fr","9":"tag-france","10":"tag-rugby","11":"tag-rugby-football","12":"tag-sports"},"share_on_mastodon":{"url":"https:\/\/pubeurope.com\/@fr\/115025514622040456","error":""},"_links":{"self":[{"href":"https:\/\/www.europesays.com\/fr\/wp-json\/wp\/v2\/posts\/317898","targetHints":{"allow":["GET"]}}],"collection":[{"href":"https:\/\/www.europesays.com\/fr\/wp-json\/wp\/v2\/posts"}],"about":[{"href":"https:\/\/www.europesays.com\/fr\/wp-json\/wp\/v2\/types\/post"}],"author":[{"embeddable":true,"href":"https:\/\/www.europesays.com\/fr\/wp-json\/wp\/v2\/users\/2"}],"replies":[{"embeddable":true,"href":"https:\/\/www.europesays.com\/fr\/wp-json\/wp\/v2\/comments?post=317898"}],"version-history":[{"count":0,"href":"https:\/\/www.europesays.com\/fr\/wp-json\/wp\/v2\/posts\/317898\/revisions"}],"wp:featuredmedia":[{"embeddable":true,"href":"https:\/\/www.europesays.com\/fr\/wp-json\/wp\/v2\/media\/317899"}],"wp:attachment":[{"href":"https:\/\/www.europesays.com\/fr\/wp-json\/wp\/v2\/media?parent=317898"}],"wp:term":[{"taxonomy":"category","embeddable":true,"href":"https:\/\/www.europesays.com\/fr\/wp-json\/wp\/v2\/categories?post=317898"},{"taxonomy":"post_tag","embeddable":true,"href":"https:\/\/www.europesays.com\/fr\/wp-json\/wp\/v2\/tags?post=317898"}],"curies":[{"name":"wp","href":"https:\/\/api.w.org\/{rel}","templated":true}]}}