{"id":317904,"date":"2025-08-14T05:43:17","date_gmt":"2025-08-14T05:43:17","guid":{"rendered":"https:\/\/www.europesays.com\/fr\/317904\/"},"modified":"2025-08-14T05:43:17","modified_gmt":"2025-08-14T05:43:17","slug":"mbappe-lannonce-choc-qui-refait-surface-au-psg","status":"publish","type":"post","link":"https:\/\/www.europesays.com\/fr\/317904\/","title":{"rendered":"Mbapp\u00e9 : L\u2019annonce choc qui refait surface au PSG !"},"content":{"rendered":"<p>                    Arthur Montagne<br \/>\n                        &#8211;<\/p>\n<p>Journaliste<\/p>\n<p>Affam\u00e9 de sport, il a grandi au son des moteurs de Formule 1 et des exploits de Ronaldinho. Aujourd\u2019hui, diplom\u00e9 d&rsquo;un Master de journalisme de sport, il ne rate plus un Grand Prix de F1 ni un match du PSG, ses deux passions et sp\u00e9cialit\u00e9s<\/p>\n<p class=\"heading\">Lors de sa premi\u00e8re saison au PSG, Luis Enrique avait \u00e9t\u00e9 confront\u00e9 au d\u00e9part de Kylian Mbapp\u00e9. Mais rapidement, l\u2019Espagnol avait annonc\u00e9 que son \u00e9quipe serait plus forte sans le Bondynois. Une tendance qui s\u2019est confirm\u00e9e. Et alors que la situation se reproduit avec Gianluigi Donnarumma, les propos de Luis Enrique sur Kylian Mbapp\u00e9 r\u00e9sonne \u00e0 nouveau.<\/p>\n<p>L&rsquo;\u00e9t\u00e9 dernier, le <strong>PSG <\/strong>laissait filer <strong>Kylian Mbapp\u00e9 <\/strong>vers le <strong>Real Madrid <\/strong>sans que cela n&rsquo;affole <strong>Luis Enrique <\/strong>qui a toujours r\u00e9p\u00e9t\u00e9 que son \u00e9quipe serait plus forte la saison suivante. Une promesse qui s&rsquo;est v\u00e9rifi\u00e9e puisque le club de la capitale a r\u00e9alis\u00e9 une saison exceptionnelle avec \u00e0 la cl\u00e9 sa premi\u00e8re <strong>Ligue des champions<\/strong>. Et alors que <strong>Gianluigi Donnarumma <\/strong>va partir cet \u00e9t\u00e9, <strong>Walid<\/strong> <strong>Acherchour <\/strong>estime que cela pourrait se reproduire la saison prochaine.<\/p>\n<p>                                            Donnarumma va quitter le PSG<\/p>\n<p>\u00ab Il y avait surement une prolongation, mais pas \u00e0 la hauteur de ce que voulait Donnarumma. Luis Enrique assume ce choix. On est d&rsquo;accord, ou on n&rsquo;est pas d&rsquo;accord, mais au moins on a un entra\u00eeneur qui a une vision et qui assume. Donnarumma a montr\u00e9 dans son communiqu\u00e9 que Luis Enrique voulait faire un choix sportif. C&rsquo;est le football. Au moins maintenant on sait\u00a0\u00bb, se r\u00e9jouit-il au micro de l\u2019After Foot sur RMC avant de poursuivre.<\/p>\n<p>                                            \u00abIl a dit que cette \u00e9quipe serait meilleure sans Mbapp\u00e9, elle sera sans doute meilleure sans Donnarumma\u00bb<\/p>\n<p>\u00ab Moi ce qui m&rsquo;aga\u00e7ait, c&rsquo;\u00e9tait cette hypocrisie, ce c\u00f4t\u00e9 \u00ab\u00a0prolongation, pas prolongation\u00a0\u00bb. Il y a un choix clair du coach qui a une vision donc on va lui faire confiance. Moi pour le coup, j&rsquo;aurais continu\u00e9 avec Donnarumma, mais je comprends totalement sa vision. Il a dit que cette \u00e9quipe serait meilleure sans Mbapp\u00e9, elle sera sans doute meilleure sans Donnarumma. Suivons Luis Enrique (&#8230;) Tout est bien qui finit bien. Donnarumma est une l\u00e9gende du PSG et il m\u00e9ritera un grand hommage au Parc des Princes. Fin de l&rsquo;histoire, voil\u00e0 c&rsquo;est le football. Un jour, on dira \u00e0 Luis Enrique de s&rsquo;en aller parce que son boulot n&rsquo;aura pas \u00e9t\u00e9 bien fait. C&rsquo;est comme \u00e7a \u00bb, ajoute <strong>Walid Acherchour<\/strong>.<\/p>\n","protected":false},"excerpt":{"rendered":"Arthur Montagne &#8211; Journaliste Affam\u00e9 de sport, il a grandi au son des moteurs de Formule 1 et&hellip;\n","protected":false},"author":2,"featured_media":317905,"comment_status":"","ping_status":"","sticky":false,"template":"","format":"standard","meta":{"footnotes":""},"categories":[1412],"tags":[1451,1452,1453,1454,1455,1011,27,60],"class_list":{"0":"post-317904","1":"post","2":"type-post","3":"status-publish","4":"format-standard","5":"has-post-thumbnail","7":"category-f1","8":"tag-f1","9":"tag-formula-1","10":"tag-formula1","11":"tag-formule-1","12":"tag-formule1","13":"tag-fr","14":"tag-france","15":"tag-sports"},"share_on_mastodon":{"url":"https:\/\/pubeurope.com\/@fr\/115025530332131620","error":""},"_links":{"self":[{"href":"https:\/\/www.europesays.com\/fr\/wp-json\/wp\/v2\/posts\/317904","targetHints":{"allow":["GET"]}}],"collection":[{"href":"https:\/\/www.europesays.com\/fr\/wp-json\/wp\/v2\/posts"}],"about":[{"href":"https:\/\/www.europesays.com\/fr\/wp-json\/wp\/v2\/types\/post"}],"author":[{"embeddable":true,"href":"https:\/\/www.europesays.com\/fr\/wp-json\/wp\/v2\/users\/2"}],"replies":[{"embeddable":true,"href":"https:\/\/www.europesays.com\/fr\/wp-json\/wp\/v2\/comments?post=317904"}],"version-history":[{"count":0,"href":"https:\/\/www.europesays.com\/fr\/wp-json\/wp\/v2\/posts\/317904\/revisions"}],"wp:featuredmedia":[{"embeddable":true,"href":"https:\/\/www.europesays.com\/fr\/wp-json\/wp\/v2\/media\/317905"}],"wp:attachment":[{"href":"https:\/\/www.europesays.com\/fr\/wp-json\/wp\/v2\/media?parent=317904"}],"wp:term":[{"taxonomy":"category","embeddable":true,"href":"https:\/\/www.europesays.com\/fr\/wp-json\/wp\/v2\/categories?post=317904"},{"taxonomy":"post_tag","embeddable":true,"href":"https:\/\/www.europesays.com\/fr\/wp-json\/wp\/v2\/tags?post=317904"}],"curies":[{"name":"wp","href":"https:\/\/api.w.org\/{rel}","templated":true}]}}