{"id":317910,"date":"2025-08-14T05:46:12","date_gmt":"2025-08-14T05:46:12","guid":{"rendered":"https:\/\/www.europesays.com\/fr\/317910\/"},"modified":"2025-08-14T05:46:12","modified_gmt":"2025-08-14T05:46:12","slug":"le-selfie-au-naturel-de-julianne-moore-a-64-ans","status":"publish","type":"post","link":"https:\/\/www.europesays.com\/fr\/317910\/","title":{"rendered":"le selfie au naturel de Julianne Moore \u00e0 64 ans"},"content":{"rendered":"<p>                             Par L.D.<\/p>\n<p>                Le 13 ao\u00fbt 2025 \u00e0 17h08<\/p>\n<p>                                        <img decoding=\"async\" src=\"https:\/\/www.europesays.com\/fr\/wp-content\/uploads\/2025\/08\/cd4037a41ee1f0bf85329ae18602b02df3884579bb0ba0b751e960d6c2a23d1c.jpg\" alt=\"Les confidences de Julianne Moore pour &quot;Madame Figaro&quot;\" class=\"a11y-hidden\"\/><\/p>\n<p>Mardi 12 ao\u00fbt, l\u2019actrice oscaris\u00e9e a partag\u00e9 plusieurs clich\u00e9s pour r\u00e9sumer son mois d\u2019ao\u00fbt sur Instagram. Parmi eux, une photo pleine de naturel.<\/p>\n<p class=\"fig-paragraph\">Pas de maquillage, pas de filtre sur les r\u00e9seaux sociaux. Cet \u00e9t\u00e9,\u00a0<a href=\"http:\/\/madame.lefigaro.fr\/shopping\/tendance-no-make-up-ce-serum-teinte-naturel-a-deja-seduit-des-milliers-d-utilisatrices-20250319\" data-fig-type=\"Article\" rel=\"sponsored noopener\" data-gtm-custom-categorie=\"navigation\" data-gtm-custom-action=\"crossclick\" data-gtm-custom-label=\"Contextuel\" data-gtm-event=\"customEventSPE\" data-fig-domain=\"MADAME\" target=\"_blank\">le teint naturel<\/a>\u00a0prime sur tout le reste. Et\u00a0<a href=\"https:\/\/madame.lefigaro.fr\/tag\/julianne-moore\" target=\"_blank\" data-fig-type=\"Keyword\" rel=\"sponsored noopener\" data-gtm-custom-categorie=\"navigation\" data-gtm-custom-action=\"crossclick\" data-gtm-custom-label=\"Contextuel\" data-gtm-event=\"customEventSPE\" data-fig-domain=\"MADAME\">Julianne Moore<\/a>\u00a0l\u2019a bien compris. Mardi 12 ao\u00fbt, l\u2019actrice de 64 ans a partag\u00e9 sur\u00a0<a href=\"https:\/\/www.instagram.com\/p\/DNQgQvdxzL9\/?utm_source=ig_web_copy_link&amp;igsh=MzRlODBiNWFlZA==\" target=\"_blank\" rel=\"sponsored noopener\" data-gtm-custom-categorie=\"navigation\" data-gtm-custom-action=\"crossclick\" data-gtm-custom-label=\"Contextuel\" data-gtm-event=\"customEventSPE\">son compte Instagram<\/a>\u00a0une s\u00e9rie de photos pour r\u00e9sumer le d\u00e9but de son mois d\u2019ao\u00fbt. Pour ouvrir le carrousel, elle a choisi un selfie d\u2019elle au naturel, sans maquillage, les cheveux mouill\u00e9s, portant simplement un maillot de bain, comme si elle venait de sortir de la piscine.<\/p>\n<p class=\"fig-paragraph\">Le sourire aux l\u00e8vres, elle pose avec la nature en toile de fond, dans un bikini noir qui contraste avec sa peau d\u2019alb\u00e2tre et d\u00e9voile ses nombreuses taches de rousseurs. En plus de son selfie, Julianne Moore a publi\u00e9 la photo d\u2019une salade de tomates, burrata et basilic mais aussi un montage pour souhaiter un joyeux anniversaire \u00e0 sa chienne qui se pr\u00e9nomme Hope. Pour finir, elle a partag\u00e9 un clich\u00e9 du ciel qui se colore en rose lors d\u2019un coucher de soleil.<\/p>\n<p class=\"fig-body-link&#10;    \">\n            \u00c0 lire aussi<br \/>\n        <a class=\"fig-body-link__link\" href=\"http:\/\/madame.lefigaro.fr\/celebrites\/cinema\/julianne-moore-la-vie-est-partout-et-elle-est-la-plus-forte-20250109\" data-fig-type=\"Article\" data-gtm-custom-categorie=\"navigation\" data-gtm-custom-action=\"crossclick\" data-gtm-custom-label=\"Contextuel\" data-gtm-event=\"customEventSPE\" data-fig-domain=\"MADAME\" target=\"_blank\" rel=\"noopener\">Julianne Moore\u00a0: \u00abLa vie est partout et elle est la plus forte\u00bb<\/a>\n<\/p>\n<p>                                    <a class=\"fig-a11y-skip a11y-hidden\" href=\"#fig-a11y-skip-main-inarticle\"><br \/>\n        Passer la publicit\u00e9<br \/>\n    <\/a><\/p>\n<p>Des vacances en famille<\/p>\n<p class=\"fig-paragraph\">Julianne Moore semble profiter d\u2019un peu de temps seule, apr\u00e8s avoir pass\u00e9 des vacances avec sa famille. En effet, d\u00e9but ao\u00fbt, c\u2019est avec son mari, Bart Freundlich, qu\u2019elle a \u00e9pous\u00e9 en 1996, et leurs enfants, Caleb (27 ans) et Liv (23 ans), qu\u2019elle a profit\u00e9 d\u2019un s\u00e9jour en Italie. La m\u00e8re de famille a partag\u00e9 plusieurs photos de ce moment sur son compte Instagram. Notamment, une vid\u00e9o sur laquelle\u00a0<a href=\"http:\/\/madame.lefigaro.fr\/celebrites\/actu-people\/julianne-moore-s-offre-une-rare-apparition-avec-son-grand-fils-caleb-20250605\" data-fig-type=\"Article\" data-gtm-custom-categorie=\"navigation\" data-gtm-custom-action=\"crossclick\" data-gtm-custom-label=\"Contextuel\" data-gtm-event=\"customEventSPE\" data-fig-domain=\"MADAME\" target=\"_blank\" rel=\"noopener\">son fils joue de la guitare et chante sur sc\u00e8ne<\/a>. En effet, l\u2019a\u00een\u00e9 de la famille commence \u00e0 faire carri\u00e8re dans la musique.<\/p>\n<p class=\"fig-paragraph\">Barbe rousse et cheveux courts, le jeune homme ressemble beaucoup \u00e0 sa m\u00e8re. Si dans un premier temps il lui a donn\u00e9 la r\u00e9plique dans Chass\u00e9-crois\u00e9 \u00e0 Manhattan en 2005, r\u00e9alis\u00e9 par son p\u00e8re, ou encore dans Still Alice de Wash Westmoreland et Richard Glatzer, en 2014, c\u2019est finalement vers la musique qu\u2019il a d\u00e9cid\u00e9 de se tourner. Quant \u00e0 Liv, elle se fait plus discr\u00e8te. Mais sa m\u00e8re n\u2019a pas h\u00e9sit\u00e9 \u00e0 publier plusieurs photos d\u2019elle en juin 2024 pour f\u00e9liciter sa fille d\u2019avoir obtenu son dipl\u00f4me universitaire.<\/p>\n<p>                                        <script async src=\"\/\/www.instagram.com\/embed.js\"><\/script><\/p>\n","protected":false},"excerpt":{"rendered":"Par L.D. Le 13 ao\u00fbt 2025 \u00e0 17h08 Mardi 12 ao\u00fbt, l\u2019actrice oscaris\u00e9e a partag\u00e9 plusieurs clich\u00e9s pour&hellip;\n","protected":false},"author":2,"featured_media":317911,"comment_status":"","ping_status":"","sticky":false,"template":"","format":"standard","meta":{"footnotes":""},"categories":[1359],"tags":[58,59,1011,27,22965,973,2189],"class_list":{"0":"post-317910","1":"post","2":"type-post","3":"status-publish","4":"format-standard","5":"has-post-thumbnail","7":"category-people","8":"tag-divertissement","9":"tag-entertainment","10":"tag-fr","11":"tag-france","12":"tag-julianne-moore","13":"tag-people","14":"tag-photos"},"share_on_mastodon":{"url":"https:\/\/pubeurope.com\/@fr\/115025542096443023","error":""},"_links":{"self":[{"href":"https:\/\/www.europesays.com\/fr\/wp-json\/wp\/v2\/posts\/317910","targetHints":{"allow":["GET"]}}],"collection":[{"href":"https:\/\/www.europesays.com\/fr\/wp-json\/wp\/v2\/posts"}],"about":[{"href":"https:\/\/www.europesays.com\/fr\/wp-json\/wp\/v2\/types\/post"}],"author":[{"embeddable":true,"href":"https:\/\/www.europesays.com\/fr\/wp-json\/wp\/v2\/users\/2"}],"replies":[{"embeddable":true,"href":"https:\/\/www.europesays.com\/fr\/wp-json\/wp\/v2\/comments?post=317910"}],"version-history":[{"count":0,"href":"https:\/\/www.europesays.com\/fr\/wp-json\/wp\/v2\/posts\/317910\/revisions"}],"wp:featuredmedia":[{"embeddable":true,"href":"https:\/\/www.europesays.com\/fr\/wp-json\/wp\/v2\/media\/317911"}],"wp:attachment":[{"href":"https:\/\/www.europesays.com\/fr\/wp-json\/wp\/v2\/media?parent=317910"}],"wp:term":[{"taxonomy":"category","embeddable":true,"href":"https:\/\/www.europesays.com\/fr\/wp-json\/wp\/v2\/categories?post=317910"},{"taxonomy":"post_tag","embeddable":true,"href":"https:\/\/www.europesays.com\/fr\/wp-json\/wp\/v2\/tags?post=317910"}],"curies":[{"name":"wp","href":"https:\/\/api.w.org\/{rel}","templated":true}]}}