{"id":317912,"date":"2025-08-14T05:48:14","date_gmt":"2025-08-14T05:48:14","guid":{"rendered":"https:\/\/www.europesays.com\/fr\/317912\/"},"modified":"2025-08-14T05:48:14","modified_gmt":"2025-08-14T05:48:14","slug":"salon-du-livre-de-laramiere-mots-et-bulles-entre-amis","status":"publish","type":"post","link":"https:\/\/www.europesays.com\/fr\/317912\/","title":{"rendered":"Salon du livre de Larami\u00e8re : Mots et bulles entre amis"},"content":{"rendered":"<p>\n                                                                    l&rsquo;essentiel<br \/>\n                                                                \u00e9v\u00e9nement. La commune de Larami\u00e8re accueille pour la 26e ann\u00e9e le Salon du livre et de la BD. Les organisateurs de l\u2019\u00e9v\u00e9nement restent fid\u00e8les \u00e0 l\u2019esprit de convivialit\u00e9 qui le caract\u00e9rise, tout en prenant soin de renouveler les invit\u00e9s.\n                            <\/p>\n<p>D<b>imanche 17 ao\u00fbt, Larami\u00e8re accueille la 26e \u00e9dition du Salon du Livre et de la Bande Dessin\u00e9e, un \u00e9v\u00e9nement incontournable pour les amoureux de la lecture et des arts.<\/b> Cet \u00e9v\u00e9nement gratuit et ouvert \u00e0 tous promet une journ\u00e9e riche en rencontres, d\u00e9couvertes et animations, de 10 heures \u00e0 18 heures.<\/p>\n<p>Cette ann\u00e9e, une quarantaine d\u2019auteurs, sc\u00e9naristes et dessinateurs seront pr\u00e9sents pour \u00e9changer avec le public, petits et grands. Parmi les moments forts, Pierre Carayon, membre de l\u2019Acad\u00e9mie du Languedoc et invit\u00e9 d\u2019honneur, apportera une touche d\u2019\u00e9l\u00e9gance occitane \u00e0 l\u2019\u00e9v\u00e9nement. Le salon sera \u00e9galement parrain\u00e9 par l\u2019acteur Jean-Claude Drouot, figure embl\u00e9matique de l\u2019\u00e9v\u00e9nement.<\/p>\n<p>\u00c0 15 heures, Edmond Puyraud, conf\u00e9rencier sp\u00e9cialis\u00e9 en permaculture, partagera ses connaissances sur les bienfaits de cette pratique pour un jardinage durable et respectueux de l\u2019environnement. \u00c0 17 h 30, une lecture anim\u00e9e par Colette Brognart viendra clore la journ\u00e9e en beaut\u00e9.<\/p>\n<p>En parall\u00e8le du salon, un march\u00e9 artisanal mettra \u00e0 l\u2019honneur les producteurs et artistes locaux. Les visiteurs pourront \u00e9galement profiter de la pr\u00e9sence d\u2019un caricaturiste, Stan Hurr, et d\u2019un calligraphe, Thierry Richard, pour des cr\u00e9ations personnalis\u00e9es tout au long de la journ\u00e9e.<\/p>\n<p>L\u2019affiche de cette 26e \u00e9dition, r\u00e9alis\u00e9e par le talentueux dessinateur ardennais Yann Lovato, est un v\u00e9ritable clin d\u2019\u0153il artistique. \u00ab\u00a0Elle sera d\u2019ailleurs int\u00e9gr\u00e9e dans son prochain album \u00ab\u00a0, pr\u00e9cise Jacky Berruer, pr\u00e9sident de l\u2019association organisatrice.<\/p>\n<p>Jacky Berruer souligne l\u2019esprit de continuit\u00e9 et de renouveau qui anime cette \u00e9dition : \u00ab\u00a0Nous accueillons de nouveaux auteurs tout en restant fid\u00e8les \u00e0 l\u2019esprit du salon, qui est avant tout un moment de partage autour de la passion des livres.\u00a0\u00bb<\/p>\n<p>Avec une \u00e9quipe d\u2019une quinzaine de membres, l\u2019association g\u00e8re l\u2019\u00e9v\u00e9nement de mani\u00e8re quasi autonome, gr\u00e2ce au soutien de la commune, du d\u00e9partement et de la r\u00e9gion et de quelques partenaires \u00ab\u00a0La petite restauration est notre principale source de revenus, mais tout le reste est gratuit pour que chacun puisse en profiter \u00ab\u00a0, ajoute le pr\u00e9sident.<\/p>\n<p>&gt; Salon du Livre et de la BD, dimanche 17 ao\u00fbt de 10 heures \u00e0 18 heures Salle des f\u00eates de Larami\u00e8re. Entr\u00e9e gratuite. Buvette et restauration sur place.<\/p>\n","protected":false},"excerpt":{"rendered":"l&rsquo;essentiel \u00e9v\u00e9nement. La commune de Larami\u00e8re accueille pour la 26e ann\u00e9e le Salon du livre et de la&hellip;\n","protected":false},"author":2,"featured_media":317913,"comment_status":"","ping_status":"","sticky":false,"template":"","format":"standard","meta":{"footnotes":""},"categories":[1357],"tags":[1379,58,59,1011,27,1380],"class_list":{"0":"post-317912","1":"post","2":"type-post","3":"status-publish","4":"format-standard","5":"has-post-thumbnail","7":"category-livres","8":"tag-books","9":"tag-divertissement","10":"tag-entertainment","11":"tag-fr","12":"tag-france","13":"tag-livres"},"share_on_mastodon":{"url":"https:\/\/pubeurope.com\/@fr\/115025550117050272","error":""},"_links":{"self":[{"href":"https:\/\/www.europesays.com\/fr\/wp-json\/wp\/v2\/posts\/317912","targetHints":{"allow":["GET"]}}],"collection":[{"href":"https:\/\/www.europesays.com\/fr\/wp-json\/wp\/v2\/posts"}],"about":[{"href":"https:\/\/www.europesays.com\/fr\/wp-json\/wp\/v2\/types\/post"}],"author":[{"embeddable":true,"href":"https:\/\/www.europesays.com\/fr\/wp-json\/wp\/v2\/users\/2"}],"replies":[{"embeddable":true,"href":"https:\/\/www.europesays.com\/fr\/wp-json\/wp\/v2\/comments?post=317912"}],"version-history":[{"count":0,"href":"https:\/\/www.europesays.com\/fr\/wp-json\/wp\/v2\/posts\/317912\/revisions"}],"wp:featuredmedia":[{"embeddable":true,"href":"https:\/\/www.europesays.com\/fr\/wp-json\/wp\/v2\/media\/317913"}],"wp:attachment":[{"href":"https:\/\/www.europesays.com\/fr\/wp-json\/wp\/v2\/media?parent=317912"}],"wp:term":[{"taxonomy":"category","embeddable":true,"href":"https:\/\/www.europesays.com\/fr\/wp-json\/wp\/v2\/categories?post=317912"},{"taxonomy":"post_tag","embeddable":true,"href":"https:\/\/www.europesays.com\/fr\/wp-json\/wp\/v2\/tags?post=317912"}],"curies":[{"name":"wp","href":"https:\/\/api.w.org\/{rel}","templated":true}]}}