{"id":317914,"date":"2025-08-14T05:49:22","date_gmt":"2025-08-14T05:49:22","guid":{"rendered":"https:\/\/www.europesays.com\/fr\/317914\/"},"modified":"2025-08-14T05:49:22","modified_gmt":"2025-08-14T05:49:22","slug":"pascale-de-la-tour-du-pin-quitte-hanouna-et-revient-la-ou-on-ne-lattendait-pas","status":"publish","type":"post","link":"https:\/\/www.europesays.com\/fr\/317914\/","title":{"rendered":"Pascale de La Tour du Pin quitte Hanouna et revient l\u00e0 o\u00f9 on ne l\u2019attendait pas"},"content":{"rendered":"<p class=\"mb-4 text-lg md:leading-8 break-words\">Apr\u00e8s la fermeture d\u00e9finitive de C8, <a class=\"link \" href=\"https:\/\/www.lepoint.fr\/economie\/dernieres-matinales-emouvantes-pour-patrick-cohen-et-william-leymergie-30-06-2017-2139500_28.php\" rel=\"nofollow noopener\" target=\"_blank\" data-ylk=\"slk:Pascale de La Tour du Pin;elm:context_link;itc:0;sec:content-canvas\">Pascale de La Tour du Pin<\/a> s&rsquo;est retrouv\u00e9e, comme plusieurs membres de la bande de Cyril Hanouna, priv\u00e9e d&rsquo;antenne. La co-animatrice de Pascale, \u00c9ric, Yann et les autres aux c\u00f4t\u00e9s d&rsquo;\u00c9ric Naulleau et Yann Moix a \u00e9galement perdu son rendez-vous sur Europe 1, Europe\u00a01\u00a0Soir Week-End.<\/p>\n<p class=\"mb-4 text-lg md:leading-8 break-words\">Selon PurePeople, Pascale de La Tour du Pin aurait re\u00e7u de nombreuses propositions s\u00e9duisantes de cha\u00eenes de t\u00e9l\u00e9vision et de radio, parmi lesquelles CNews et la nouvelle cha\u00eene T8. Elle a finalement choisi RMC Story, un retour aux sources pour celle qui, depuis 2008, alterne passages et retours au sein du groupe.<\/p>\n<p class=\"mb-4 text-lg md:leading-8 break-words\">Sur les r\u00e9seaux sociaux, la cha\u00eene du groupe BFM-RMC a officialis\u00e9 son arriv\u00e9e et pr\u00e9cis\u00e9 qu&rsquo;elle prendrait les commandes de la tranche \u00ab\u00a05 h\/7 h, Le Morning RMC\u00a0\u00bb aux c\u00f4t\u00e9s du journaliste franco-am\u00e9ricain Matthieu Belliard. Sa matin\u00e9e ne s&rsquo;arr\u00eatera pas l\u00e0\u00a0: elle animera \u00e9galement, de 8\u00a0h\u00a030 \u00e0 9\u00a0heures, Le Morning, le suppl\u00e9ment.<\/p>\n<p>Des matin\u00e9es bien remplies<\/p>\n<p class=\"mb-4 text-lg md:leading-8 break-words\">C&rsquo;est dans son message de remerciement que Pascale de La Tour du Pin a r\u00e9v\u00e9l\u00e9 la date de son arriv\u00e9e\u00a0: le 25\u00a0ao\u00fbt.<\/p>\n<p class=\"mb-4 text-lg md:leading-8 break-words\">Heureuse et enthousiaste de rejoindre <a href=\"https:\/\/twitter.com\/RMCInfo?ref_src=twsrc%5Etfw\" rel=\"nofollow noopener\" target=\"_blank\" data-ylk=\"slk:@RMCInfo;elm:context_link;itc:0;sec:content-canvas\" class=\"link \">@RMCInfo<\/a> <a href=\"https:\/\/twitter.com\/RMCStory?ref_src=twsrc%5Etfw\" rel=\"nofollow noopener\" target=\"_blank\" data-ylk=\"slk:@RMCStory;elm:context_link;itc:0;sec:content-canvas\" class=\"link \">@RMCStory<\/a> le 25 ao\u00fbt avec l&rsquo;excellent <a href=\"https:\/\/twitter.com\/MattBelliard?ref_src=twsrc%5Etfw\" rel=\"nofollow noopener\" target=\"_blank\" data-ylk=\"slk:@MattBelliard;elm:context_link;itc:0;sec:content-canvas\" class=\"link \">@MattBelliard<\/a> pour le 5\/7 et \u00e0 8h30 sur <a href=\"https:\/\/twitter.com\/RMCStory?ref_src=twsrc%5Etfw\" rel=\"nofollow noopener\" target=\"_blank\" data-ylk=\"slk:@RMCStory;elm:context_link;itc:0;sec:content-canvas\" class=\"link \">@RMCStory<\/a>. H\u00e2te d&rsquo;\u00e9changer avec vous en direct \ufffd\ufffd\ufffd\ufffdMerci <a href=\"https:\/\/twitter.com\/rravanas?ref_src=twsrc%5Etfw\" rel=\"nofollow noopener\" target=\"_blank\" data-ylk=\"slk:@rravanas;elm:context_link;itc:0;sec:content-canvas\" class=\"link \">@rravanas<\/a> <a href=\"https:\/\/twitter.com\/KarimNedjari?ref_src=twsrc%5Etfw\" rel=\"nofollow noopener\" target=\"_blank\" data-ylk=\"slk:@KarimNedjari;elm:context_link;itc:0;sec:content-canvas\" class=\"link \">@KarimNedjari<\/a> <a href=\"https:\/\/twitter.com\/renardmanu?ref_src=twsrc%5Etfw\" rel=\"nofollow noopener\" target=\"_blank\" data-ylk=\"slk:@renardmanu;elm:context_link;itc:0;sec:content-canvas\" class=\"link \">@renardmanu<\/a> C&rsquo;est parti !! \ufffd\ufffd <a href=\"https:\/\/t.co\/0Gu3UpLhV8\" rel=\"nofollow noopener\" target=\"_blank\" data-ylk=\"slk:https:\/\/t.co\/0Gu3UpLhV8;elm:context_link;itc:0;sec:content-canvas\" class=\"link \">https:\/\/t.co\/0Gu3UpLhV8<\/a><\/p>\n<p class=\"mb-4 text-lg md:leading-8 break-words\">\u2014 Pascale de La Tour (@PascaledeLaTour) <a href=\"https:\/\/twitter.com\/PascaledeLaTour\/status\/1955323487972667688?ref_src=twsrc%5Etfw\" rel=\"nofollow noopener\" target=\"_blank\" data-ylk=\"slk:August 12, 2025;elm:context_link;itc:0;sec:content-canvas\" class=\"link \">August 12, 2025<\/a><\/p>\n<p class=\"mb-4 text-lg md:leading-8 break-words\">\u00ab\u00a0Heureuse et enthousiaste de rejoindre RMC le 25\u00a0ao\u00fbt a [&#8230;] <a href=\"https:\/\/www.lepoint.fr\/culture\/pascale-de-la-tour-du-pin-quitte-hanouna-et-revient-la-ou-on-ne-l-attendait-pas-13-08-2025-2596300_3.php\" rel=\"nofollow noopener\" target=\"_blank\" data-ylk=\"slk:Lire la suite;elm:context_link;itc:0;sec:content-canvas\" class=\"link \">Lire la suite<\/a><\/p>\n<p><script async src=\"https:\/\/platform.twitter.com\/widgets.js\" charset=\"utf-8\"><\/script><\/p>\n","protected":false},"excerpt":{"rendered":"Apr\u00e8s la fermeture d\u00e9finitive de C8, Pascale de La Tour du Pin s&rsquo;est retrouv\u00e9e, comme plusieurs membres de&hellip;\n","protected":false},"author":2,"featured_media":317915,"comment_status":"","ping_status":"","sticky":false,"template":"","format":"standard","meta":{"footnotes":""},"categories":[1356],"tags":[45623,58,59,1011,27,29916,31154,10319,252,1364,45622],"class_list":{"0":"post-317914","1":"post","2":"type-post","3":"status-publish","4":"format-standard","5":"has-post-thumbnail","7":"category-television","8":"tag-chaines-de-television","9":"tag-divertissement","10":"tag-entertainment","11":"tag-fr","12":"tag-france","13":"tag-message-de-remerciement","14":"tag-pascale-de-la-tour-du-pin","15":"tag-rmc","16":"tag-television","17":"tag-tv","18":"tag-yann-moix"},"share_on_mastodon":{"url":"https:\/\/pubeurope.com\/@fr\/115025553867099829","error":""},"_links":{"self":[{"href":"https:\/\/www.europesays.com\/fr\/wp-json\/wp\/v2\/posts\/317914","targetHints":{"allow":["GET"]}}],"collection":[{"href":"https:\/\/www.europesays.com\/fr\/wp-json\/wp\/v2\/posts"}],"about":[{"href":"https:\/\/www.europesays.com\/fr\/wp-json\/wp\/v2\/types\/post"}],"author":[{"embeddable":true,"href":"https:\/\/www.europesays.com\/fr\/wp-json\/wp\/v2\/users\/2"}],"replies":[{"embeddable":true,"href":"https:\/\/www.europesays.com\/fr\/wp-json\/wp\/v2\/comments?post=317914"}],"version-history":[{"count":0,"href":"https:\/\/www.europesays.com\/fr\/wp-json\/wp\/v2\/posts\/317914\/revisions"}],"wp:featuredmedia":[{"embeddable":true,"href":"https:\/\/www.europesays.com\/fr\/wp-json\/wp\/v2\/media\/317915"}],"wp:attachment":[{"href":"https:\/\/www.europesays.com\/fr\/wp-json\/wp\/v2\/media?parent=317914"}],"wp:term":[{"taxonomy":"category","embeddable":true,"href":"https:\/\/www.europesays.com\/fr\/wp-json\/wp\/v2\/categories?post=317914"},{"taxonomy":"post_tag","embeddable":true,"href":"https:\/\/www.europesays.com\/fr\/wp-json\/wp\/v2\/tags?post=317914"}],"curies":[{"name":"wp","href":"https:\/\/api.w.org\/{rel}","templated":true}]}}