{"id":317916,"date":"2025-08-14T05:50:15","date_gmt":"2025-08-14T05:50:15","guid":{"rendered":"https:\/\/www.europesays.com\/fr\/317916\/"},"modified":"2025-08-14T05:50:15","modified_gmt":"2025-08-14T05:50:15","slug":"laurent-voulzy-officialise-sa-nouvelle-relation-sur-scene-et-recoit-une-belle-declaration-damour-des-bras-qui-nenferment-pas","status":"publish","type":"post","link":"https:\/\/www.europesays.com\/fr\/317916\/","title":{"rendered":"Laurent Voulzy officialise sa nouvelle relation sur sc\u00e8ne et re\u00e7oit une belle d\u00e9claration d&rsquo;amour\u00a0: \u00ab\u00a0Des bras qui n&rsquo;enferment pas\u2026\u00a0\u00bb"},"content":{"rendered":"<p class=\"ap-StoryElement ap-StoryElement--mb ap-StoryText\">Pour ses quarante ans, le Festival de Ramatuelle a mis\u00e9 gros. Tr\u00e8s gros. Du 29 juillet au 12 ao\u00fbt, de nombreux artistes ont pris d&rsquo;assaut la sc\u00e8ne du Th\u00e9\u00e2tre Verdure, notamment l&rsquo;humoriste Philippe Lellouche, l&rsquo;acteur Dany Boon pour son spectacle \u00ab\u00a0Clown n&rsquo;est pas un m\u00e9tier\u00a0\u00bb et l&rsquo;avocat Eric Dupont-Moretti avec un seul en sc\u00e8ne d&rsquo;exception.<\/p>\n<p class=\"ap-StoryElement ap-StoryElement--mb ap-StoryText\">Mais le clou du spectacle s&rsquo;est d\u00e9roul\u00e9 dans la soir\u00e9e du 9 ao\u00fbt dernier, lorsque Laurent Voulzy est arriv\u00e9 avec sa sublime compagne Isaure Le Faou, face \u00e0 la foule en liesse. Main dans la main, les deux amoureux que 36 ans s\u00e9parent, ont interpr\u00e9t\u00e9 en duo un premier titre \u00e9crit par la Bretonne, puis un second pioch\u00e9 dans le r\u00e9pertoire du chanteur. Le concert, sous les \u00e9toiles de la C\u00f4te d&rsquo;Azur, a autant fait vibrer ses musiciens que les spectateurs.<\/p>\n","protected":false},"excerpt":{"rendered":"Pour ses quarante ans, le Festival de Ramatuelle a mis\u00e9 gros. Tr\u00e8s gros. Du 29 juillet au 12&hellip;\n","protected":false},"author":2,"featured_media":317917,"comment_status":"","ping_status":"","sticky":false,"template":"","format":"standard","meta":{"footnotes":""},"categories":[1355],"tags":[972,58,59,1011,27,1361,873,973],"class_list":{"0":"post-317916","1":"post","2":"type-post","3":"status-publish","4":"format-standard","5":"has-post-thumbnail","7":"category-musique","8":"tag-celebrite","9":"tag-divertissement","10":"tag-entertainment","11":"tag-fr","12":"tag-france","13":"tag-music","14":"tag-musique","15":"tag-people"},"share_on_mastodon":{"url":"https:\/\/pubeurope.com\/@fr\/115025557859144028","error":""},"_links":{"self":[{"href":"https:\/\/www.europesays.com\/fr\/wp-json\/wp\/v2\/posts\/317916","targetHints":{"allow":["GET"]}}],"collection":[{"href":"https:\/\/www.europesays.com\/fr\/wp-json\/wp\/v2\/posts"}],"about":[{"href":"https:\/\/www.europesays.com\/fr\/wp-json\/wp\/v2\/types\/post"}],"author":[{"embeddable":true,"href":"https:\/\/www.europesays.com\/fr\/wp-json\/wp\/v2\/users\/2"}],"replies":[{"embeddable":true,"href":"https:\/\/www.europesays.com\/fr\/wp-json\/wp\/v2\/comments?post=317916"}],"version-history":[{"count":0,"href":"https:\/\/www.europesays.com\/fr\/wp-json\/wp\/v2\/posts\/317916\/revisions"}],"wp:featuredmedia":[{"embeddable":true,"href":"https:\/\/www.europesays.com\/fr\/wp-json\/wp\/v2\/media\/317917"}],"wp:attachment":[{"href":"https:\/\/www.europesays.com\/fr\/wp-json\/wp\/v2\/media?parent=317916"}],"wp:term":[{"taxonomy":"category","embeddable":true,"href":"https:\/\/www.europesays.com\/fr\/wp-json\/wp\/v2\/categories?post=317916"},{"taxonomy":"post_tag","embeddable":true,"href":"https:\/\/www.europesays.com\/fr\/wp-json\/wp\/v2\/tags?post=317916"}],"curies":[{"name":"wp","href":"https:\/\/api.w.org\/{rel}","templated":true}]}}