{"id":317918,"date":"2025-08-14T05:51:23","date_gmt":"2025-08-14T05:51:23","guid":{"rendered":"https:\/\/www.europesays.com\/fr\/317918\/"},"modified":"2025-08-14T05:51:23","modified_gmt":"2025-08-14T05:51:23","slug":"en-boucle-un-lourd-sans-fin-liberation","status":"publish","type":"post","link":"https:\/\/www.europesays.com\/fr\/317918\/","title":{"rendered":"\u00abEn boucle\u00bb, un lourd sans fin &#8211; Lib\u00e9ration"},"content":{"rendered":"<ol>\n<li><a href=\"https:\/\/news.google.com\/rss\/articles\/CBMinwFBVV95cUxNU2d4UGVLSUxpb2oxQVNUNjZfT1hMcndyWkZqeTU0SFl3Yjh0YVNLZnVXazM3MUNaVHZXR3cxeVR1SUFQUUstRGY0N3c5VU9DR2g2OVBvMVRYS21vRzloSk05dTkxa21MLWhueDMtSEl5U1BYUDhlb1NLSFVLeG90RkkycDlzaFFOdVZSMGE1MU1vVGZ5dldGWXNsajZqWEE?oc=5\" target=\"_blank\" rel=\"nofollow noopener\">\u00abEn boucle\u00bb, un lourd sans fin<\/a>&nbsp;&nbsp;Lib\u00e9ration<\/li>\n<li><a href=\"https:\/\/news.google.com\/rss\/articles\/CBMi7gFBVV95cUxNTHJBX0ZqWmJsckJHalFPdkZJTVAwUnV3WW8zWC1aNFhPOEF1NDMxdTdHUTZvVEFRdEdNY2NGVnpjcGxLMC1rUm1tMEd1WWJwb0R2TDhoRy1MZ2ZnRnFxbFlucjdNOU9lMkJIRFJtNkVSejlmbVB5ejBnSEFuVWJQNUVZejlLUHM0YUJmTlZFYnNWRVRZaG5QellLQ0RRMnF5LVI4RTdDbHBxakdFN3BaamlXcDdsQ1hRT1FZUzNLaXFXdnRQVGZFZW16TTVWLUVjRE9IT05ZSk5NaUpDMWstTVZqS1dnTjBpRHQ1emFB?oc=5\" target=\"_blank\" rel=\"nofollow noopener\">Avec \u00ab En boucle \u00bb, Junta Yamaguchi fait tourner un man\u00e8ge cin\u00e9matographique follement ludique<\/a>&nbsp;&nbsp;Le Monde.fr<\/li>\n<li><a href=\"https:\/\/news.google.com\/rss\/articles\/CBMixgFBVV95cUxQb01zTHZzVnRrQ1p5R2gxQ01lSTVNc0o5SGtmSVk0UmE5Y05IMURWYkY4bWlIVHhKTHBvU2plQmhSMHM3ZngyaHNJMnJ6MFBJNGlhTGpPSzFVM1U5TFhnN2d1VGpKdmE5NUxlZEEwVmtTWk9JdHZsNi1peDBRT1lqb08zbjZHTlhDUVJHek1Pc1hPeXFRY0ZSVWZNRHMxWnZ5OEdTMGEwc1p0R3dmV1JFLUcwalpRZGkxWlAwQWZsaFRHaG01MUE?oc=5\" target=\"_blank\" rel=\"nofollow noopener\">Cin\u00e9ma Le M\u00e9li\u00e8s : deux minutes\u2026 sans fin<\/a>&nbsp;&nbsp;La R\u00e9publique des Pyr\u00e9n\u00e9es<\/li>\n<li><a href=\"https:\/\/news.google.com\/rss\/articles\/CBMi1AFBVV95cUxNdC1ZR01oQ0l5OG9tWlFTQkNndkZiLWtqOTJQT2xmeWQ2amxCcmFTRG1yN1RwR1VlZll5QXFoY3NxVVVkX0kxMmdpeFg0M3VsQ0VGTWNBN0Jta3lNUnRRU3JhX0ZJNV9yWXhnTTdnS01FSjlCVGhBa0g0N1lxSkhLVWpHTWhady0tTDhWZ2plRFJvNUkwZFhGMnZyeGt0UGJjcUk3bk1KY0FRcU5CX2FjaTFMTUdkaWd3WjJEbF9pdG5yTmgzOFFkMEhkbC03eTY0czhKTg?oc=5\" target=\"_blank\" rel=\"nofollow noopener\">\u00ab En boucle \u00bb : la critique de notre coup de c\u0153ur \u00e0 d\u00e9guster comme un Mochi en pleine canicule<\/a>&nbsp;&nbsp;parismatch.com<\/li>\n<li><a href=\"https:\/\/news.google.com\/rss\/articles\/CBMi5gFBVV95cUxQUTBVek5oX0FfcFRsY2xqRV8wdUx4UVAzZ0xUVHF2RFhXSFphbE9MVWNGZ3NmWklkX1loWW83NlBrc1lwUktrd1NYbWxvNDU2bXB4SlBfR3JpR2VlVXVDcE8zMUFNNjBqTktOWkJHOUVvTHlrRFJkdnc4RlF3bnl4VzhSd2s2VUdTTE9icC04YWg1dzJvTU9BS185R19ydUJxenNIcW1hNVNYVDZIb3dnREN2dm1TU2UzOEdjZjYteUJCVHMyMnV3MDJYQWc4S1BsTzk0SHhpbU40YjBQTlNUN1Y4VXQ4Zw?oc=5\" target=\"_blank\" rel=\"nofollow noopener\">Cette curiosit\u00e9 japonaise o\u00f9 les m\u00eames 2 minutes se r\u00e9p\u00e8tent \u00e0 l&rsquo;infini est notre film de la semaine<\/a>&nbsp;&nbsp;Actu.fr<\/li>\n<\/ol>\n","protected":false},"excerpt":{"rendered":"\u00abEn boucle\u00bb, un lourd sans fin&nbsp;&nbsp;Lib\u00e9ration Avec \u00ab En boucle \u00bb, Junta Yamaguchi fait tourner un man\u00e8ge cin\u00e9matographique&hellip;\n","protected":false},"author":2,"featured_media":317919,"comment_status":"","ping_status":"","sticky":false,"template":"","format":"standard","meta":{"footnotes":""},"categories":[1354],"tags":[58,59,1346,1011,27,1360],"class_list":{"0":"post-317918","1":"post","2":"type-post","3":"status-publish","4":"format-standard","5":"has-post-thumbnail","7":"category-films","8":"tag-divertissement","9":"tag-entertainment","10":"tag-films","11":"tag-fr","12":"tag-france","13":"tag-movies"},"share_on_mastodon":{"url":"https:\/\/pubeurope.com\/@fr\/115025561793832017","error":""},"_links":{"self":[{"href":"https:\/\/www.europesays.com\/fr\/wp-json\/wp\/v2\/posts\/317918","targetHints":{"allow":["GET"]}}],"collection":[{"href":"https:\/\/www.europesays.com\/fr\/wp-json\/wp\/v2\/posts"}],"about":[{"href":"https:\/\/www.europesays.com\/fr\/wp-json\/wp\/v2\/types\/post"}],"author":[{"embeddable":true,"href":"https:\/\/www.europesays.com\/fr\/wp-json\/wp\/v2\/users\/2"}],"replies":[{"embeddable":true,"href":"https:\/\/www.europesays.com\/fr\/wp-json\/wp\/v2\/comments?post=317918"}],"version-history":[{"count":0,"href":"https:\/\/www.europesays.com\/fr\/wp-json\/wp\/v2\/posts\/317918\/revisions"}],"wp:featuredmedia":[{"embeddable":true,"href":"https:\/\/www.europesays.com\/fr\/wp-json\/wp\/v2\/media\/317919"}],"wp:attachment":[{"href":"https:\/\/www.europesays.com\/fr\/wp-json\/wp\/v2\/media?parent=317918"}],"wp:term":[{"taxonomy":"category","embeddable":true,"href":"https:\/\/www.europesays.com\/fr\/wp-json\/wp\/v2\/categories?post=317918"},{"taxonomy":"post_tag","embeddable":true,"href":"https:\/\/www.europesays.com\/fr\/wp-json\/wp\/v2\/tags?post=317918"}],"curies":[{"name":"wp","href":"https:\/\/api.w.org\/{rel}","templated":true}]}}