{"id":317922,"date":"2025-08-14T05:53:10","date_gmt":"2025-08-14T05:53:10","guid":{"rendered":"https:\/\/www.europesays.com\/fr\/317922\/"},"modified":"2025-08-14T05:53:10","modified_gmt":"2025-08-14T05:53:10","slug":"pourquoi-manchester-city-doit-sauter-sur-gianluigi-donnarumma-angleterre-manchester-city","status":"publish","type":"post","link":"https:\/\/www.europesays.com\/fr\/317922\/","title":{"rendered":"Pourquoi Manchester City doit sauter sur Gianluigi Donnarumma &#8211; Angleterre &#8211; Manchester City"},"content":{"rendered":"<p>Qui refuserait d\u2019acheter le gardien titulaire fra\u00eechement sacr\u00e9 en Ligue des champions apr\u00e8s une campagne marqu\u00e9e par les arr\u00eats aussi spectaculaires que salvateurs ? Certainement pas Manchester City car, d\u2019apr\u00e8s les informations de <a target=\"_blank\" href=\"https:\/\/www.lequipe.fr\/Football\/Actualites\/Mercato-gianluigi-donnarumma-a-echange-avec-pep-guardiola-et-possede-un-accord-avec-manchester-city\/1584793\" rel=\"nofollow noopener\">L\u2019\u00c9quipe<\/a>, Pep Guardiola aurait fait de Gianluigi Donnarumma sa cible prioritaire \u00e0 quelques heures du d\u00e9but de saison de Premier League et <a target=\"_blank\" href=\"https:\/\/www.sofoot.com\/breves\/mercato-un-accord-contractuel-entre-gianluigi-donnarumma-et-manchester-city\" rel=\"nofollow noopener\">les deux parties auraient d\u00e9j\u00e0 un accord<\/a>. En quatre ans \u00e0 Paris, l\u2019Italien a subi bon nombre de critiques, mais a termin\u00e9 par mettre tout le monde d\u2019accord lors de cette \u00e9pop\u00e9e europ\u00e9enne <a target=\"_blank\" href=\"https:\/\/www.sofoot.com\/articles\/ligue-des-champions-psg-gianluigi-donnarumma-ballon-dor#goog_rewarded\" rel=\"noopener nofollow\">en sortant plusieurs prestations majuscules<\/a> face \u00e0 Manchester City, Liverpool, Aston Villa et Arsenal. Il quitte toutefois la capitale dans le bruit des assiettes bris\u00e9es, son agent d\u00e9glinguant le PSG, Luis Enrique avouant qu\u2019il est responsable de ce d\u00e9part et <a target=\"_blank\" href=\"https:\/\/www.sofoot.com\/breves\/mercato-gianluigi-donnarumma-confirme-son-depart-du-paris-saint-germain-et-sa-brouille-avec-luis-enrique\" rel=\"noopener nofollow\">le principal int\u00e9ress\u00e9 se disant <\/a><a target=\"_blank\" href=\"https:\/\/www.sofoot.com\/breves\/mercato-gianluigi-donnarumma-confirme-son-depart-du-paris-saint-germain-et-sa-brouille-avec-luis-enrique\" rel=\"nofollow noopener\">\u00ab\u00a0d\u00e9\u00e7u et amer<\/a> (que) quelqu\u2019un a d\u00e9cid\u00e9 qu\u2019[il] ne pourrait plus faire partie de ce groupe et contribuer au succ\u00e8s de l\u2019\u00e9quipe\u00a0\u00bb. Alors les Citizens se frottent les mains : ils vont pouvoir rafler la mise sans trop de contraintes, se renforcer \u00e0 un poste cl\u00e9 et causer de s\u00e9rieux probl\u00e8mes \u00e0 l\u2019un de leurs meilleurs ennemis.<\/p>\n<p>Ederson pas si fiable<\/p>\n<p>Arriv\u00e9 en 2017 en Angleterre apr\u00e8s avoir bourlingu\u00e9 entre le Br\u00e9sil et le Portugal, Ederson avait le profil de la pi\u00e8ce parfaite pour compl\u00e9ter le puzzle de Pep Guardiola. La saison pr\u00e9c\u00e9dente, l\u2019Espagnol avait mis\u00e9 sur Claudio Bravo, capable d\u2019attirer le pressing adverse en conservant la balle dans les pieds, mais plus friable au moment de la passe. Le Br\u00e9silien, lui, posait ses valises sans oublier sa botte gauche, celle qui lui permet d\u2019envoyer le ballon \u00e0 peu pr\u00e8s o\u00f9 il veut sur le terrain, d\u2019offrir huit passes d\u00e9cisives avec Manchester City, dont quatre la saison derni\u00e8re, d\u2019inscrire des tirs au but et de <a target=\"_blank\" href=\"https:\/\/www.sofoot.com\/breves\/ederson-etablit-le-record-du-degagement-plus-long-angleterre-manchester-city\" rel=\"noopener nofollow\">battre le record du monde du d\u00e9gagement le plus long<\/a> (75,35 m\u00e8tres). \u00ab\u00a0Si on me demandait de jouer dans le champ, je crois que je pourrais\u00a0\u00bb, s\u2019exclamait m\u00eame Ederson \u00e0 son arriv\u00e9e.<\/p>\n<p><img decoding=\"async\" loading=\"lazy\" alt=\"Comme on se retrouve ?\" src=\"https:\/\/www.europesays.com\/fr\/wp-content\/uploads\/2025\/08\/comme-on-se-retrouve.jpg\"\/>Comme on se retrouve ?<\/p>\n<p>Mais alors, pourquoi un entra\u00eeneur si obs\u00e9d\u00e9 par le jeu au pied de ses gardiens et les constructions offensives depuis sa propre surface de r\u00e9paration que Pep Guardiola veut-il se s\u00e9parer d\u2019Ederson pour tenter le coup Donnarumma, un joueur r\u00e9put\u00e9 pour ses pieds carr\u00e9s ? Parce que le Br\u00e9silien n\u2019est pas si fiable que \u00e7a sur sa ligne. Coupable de plusieurs b\u00e9vues majeures ces derni\u00e8res saisons, il a m\u00eame vu Stefan Ortega lui chiper quelques matchs et se montrer \u00e0 son avantage. Si l\u2019Italien a \u00e9t\u00e9 point\u00e9 du doigt pour ses passes plus souvent en touche que sur la t\u00eate de ses partenaires et ses sorties a\u00e9riennes maladroites, en d\u00e9pit de son m\u00e8tre 96, son impact dans ses six m\u00e8tres n\u2019a jamais \u00e9t\u00e9 remis en question.<\/p>\n<p>La g\u00e9opolitique du mercato<\/p>\n<p>Surtout que les d\u00e9fauts de Gianluigi Donnarumma n\u2019ont pas \u00e9t\u00e9 pr\u00e9judiciables pour remporter la Ligue des champions, preuve que le r\u00f4le premier du gardien est de d\u00e9fendre avant d\u2019attaquer. Luis Enrique, biberonn\u00e9 \u00e0 l\u2019\u00e9cole barcelonaise, porte aussi <a target=\"_blank\" href=\"https:\/\/www.sofoot.com\/articles\/ligue-des-champions-psg-inter-milan-depuis-son-arrivee-au-psg-luis-enrique-a-presque-toujours-raison\" rel=\"noopener nofollow\">l\u2019id\u00e9e d\u2019avoir un dernier rempart qui doit servir de premi\u00e8re rampe de lancement<\/a>, mais a r\u00e9ussi \u00e0 minimiser l\u2019influence n\u00e9gative de \u00ab\u00a0Gigio\u00a0\u00bb en le d\u00e9responsabilisant sur le jeu long et mi-long. En somme, moins de passes pour \u00e9viter de les rater, ce que n\u2019aura certainement pas de mal \u00e0 faire Pep Guardiola au vu de la qualit\u00e9 technique de ses d\u00e9fenseurs centraux. De son c\u00f4t\u00e9, Luis Enrique a indiqu\u00e9 qu\u2019il souhaitait \u00ab\u00a0un profil diff\u00e9rent\u00a0\u00bb et il est vrai que <a target=\"_blank\" href=\"https:\/\/www.sofoot.com\/articles\/lucas-chevalier-nouveau-gardien-du-psg-le-foot-ca-reste-quelque-chose-dassez-fragile\" rel=\"noopener nofollow\">Lucas Chevalier, recrue phare de l\u2019\u00e9t\u00e9<\/a>, est meilleur dans cette phase de jeu que son pr\u00e9d\u00e9cesseur dans les buts parisiens, sans pour autant encore \u00eatre une assurance tous risques.<\/p>\n<p>En signant \u00e0 Manchester City, Gianluigi Donnarumma serait \u00e9videmment une arriv\u00e9e de poids, parmi les plus gros coups de l\u2019\u00e9t\u00e9 sur le Vieux continent. Le capitaine de la s\u00e9lection italienne est estim\u00e9 \u00e0 40 millions d\u2019euros sur Transfermarkt, mais il ne poss\u00e8de plus qu\u2019un an de contrat et pourrait donc filer pour un montant moins important. Les Skyblues s\u2019\u00e9taient d\u00e9j\u00e0 activ\u00e9s \u00e0 ce poste en recrutant James Trafford, contre 31 millions d\u2019euros et une place de titulaire promise apr\u00e8s le d\u00e9part envisag\u00e9 d\u2019Ederson vers Galatasaray. Mais s\u2019offrir le gardien vainqueur en titre de la Ligue des champions marque les esprits. Au niveau sportif, certes, mais pas seulement car, lorsqu\u2019on \u00e9voque Manchester City et le Paris Saint-Germain, <a target=\"_blank\" href=\"https:\/\/www.sofoot.com\/articles\/psg-manchester-city-la-guerre-du-golfe-2-0\" rel=\"noopener nofollow\">les int\u00e9r\u00eats g\u00e9opolitiques entrent aussi en compte<\/a>. Depuis le passage du club anglais sous pavillon \u00e9mirati (2008) et le rachat du club fran\u00e7ais par Qatar Sport Investments (2011), aucun joueur n\u2019est pass\u00e9 de l\u2019un \u00e0 l\u2019autre. Le dernier \u00e0 avoir travers\u00e9 la Manche vers l\u2019Hexagone est Alioune Tour\u00e9, en 2002, tandis que, la m\u00eame ann\u00e9e, Sylvain Distin et Nicolas Anelka avaient quitt\u00e9 le PSG pour City. En cas de nouvelle confrontation entre les deux repr\u00e9sentants du Golfe en Ligue des champions, Paris pourrait avoir une bien mauvaise surprise : le gardien \u00e0 la balafre et aux bras extensibles sera difficile \u00e0 passer, ou alors, il faudra lui chiper le ballon dans les pieds.<\/p>\n<p>\t\t\t\t\t\t\t\t\t\t<a class=\"lien-connexe\" href=\"https:\/\/www.sofoot.com\/breves\/mercato-un-accord-contractuel-entre-gianluigi-donnarumma-et-manchester-city\" rel=\"nofollow noopener\" target=\"_blank\">Donnarumma serait d\u00e9j\u00e0 d&rsquo;accord avec Manchester City<\/a>\t\t\t\t\t<\/p>\n","protected":false},"excerpt":{"rendered":"Qui refuserait d\u2019acheter le gardien titulaire fra\u00eechement sacr\u00e9 en Ligue des champions apr\u00e8s une campagne marqu\u00e9e par les&hellip;\n","protected":false},"author":2,"featured_media":317923,"comment_status":"","ping_status":"","sticky":false,"template":"","format":"standard","meta":{"footnotes":""},"categories":[9],"tags":[47,61,69,65,64,63,1011,27,68,66,62,70,67,60],"class_list":{"0":"post-317922","1":"post","2":"type-post","3":"status-publish","4":"format-standard","5":"has-post-thumbnail","7":"category-sports","8":"tag-actualite","9":"tag-actus-football","10":"tag-bundesliga","11":"tag-championnats-europeens","12":"tag-equipe-de-france","13":"tag-football","14":"tag-fr","15":"tag-france","16":"tag-ligua","17":"tag-ligue-1","18":"tag-news-foot","19":"tag-premier-league","20":"tag-serie-a","21":"tag-sports"},"share_on_mastodon":{"url":"https:\/\/pubeurope.com\/@fr\/115025570166797753","error":""},"_links":{"self":[{"href":"https:\/\/www.europesays.com\/fr\/wp-json\/wp\/v2\/posts\/317922","targetHints":{"allow":["GET"]}}],"collection":[{"href":"https:\/\/www.europesays.com\/fr\/wp-json\/wp\/v2\/posts"}],"about":[{"href":"https:\/\/www.europesays.com\/fr\/wp-json\/wp\/v2\/types\/post"}],"author":[{"embeddable":true,"href":"https:\/\/www.europesays.com\/fr\/wp-json\/wp\/v2\/users\/2"}],"replies":[{"embeddable":true,"href":"https:\/\/www.europesays.com\/fr\/wp-json\/wp\/v2\/comments?post=317922"}],"version-history":[{"count":0,"href":"https:\/\/www.europesays.com\/fr\/wp-json\/wp\/v2\/posts\/317922\/revisions"}],"wp:featuredmedia":[{"embeddable":true,"href":"https:\/\/www.europesays.com\/fr\/wp-json\/wp\/v2\/media\/317923"}],"wp:attachment":[{"href":"https:\/\/www.europesays.com\/fr\/wp-json\/wp\/v2\/media?parent=317922"}],"wp:term":[{"taxonomy":"category","embeddable":true,"href":"https:\/\/www.europesays.com\/fr\/wp-json\/wp\/v2\/categories?post=317922"},{"taxonomy":"post_tag","embeddable":true,"href":"https:\/\/www.europesays.com\/fr\/wp-json\/wp\/v2\/tags?post=317922"}],"curies":[{"name":"wp","href":"https:\/\/api.w.org\/{rel}","templated":true}]}}