{"id":317928,"date":"2025-08-14T05:56:10","date_gmt":"2025-08-14T05:56:10","guid":{"rendered":"https:\/\/www.europesays.com\/fr\/317928\/"},"modified":"2025-08-14T05:56:10","modified_gmt":"2025-08-14T05:56:10","slug":"le-prix-des-fournitures-scolaires-recule-en-france","status":"publish","type":"post","link":"https:\/\/www.europesays.com\/fr\/317928\/","title":{"rendered":"Le prix des fournitures scolaires recule en France"},"content":{"rendered":"<p>En juillet 2025, le prix des fournitures scolaires recule sur un an : <strong>\u2013 3,4 % dans les grandes surfaces<\/strong> et <strong>\u2013 6,2 % dans les magasins sp\u00e9cialis\u00e9s<\/strong> d\u2019apr\u00e8s les donn\u00e9es NielsenIQ pour l\u2019AIPB, <strong>r\u00e9v\u00e9l\u00e9es par franceinfo<\/strong> le 13 ao\u00fbt. Les familles ach\u00e8tent davantage, les volumes progressent de <strong>9,1 %<\/strong>, et le chiffre d\u2019affaires du secteur atteint <strong>131 millions d\u2019euros<\/strong> sur le mois, soit <strong>+ 5,2 %<\/strong>. Cette inflexion, concentr\u00e9e au c\u0153ur de la campagne de rentr\u00e9e, s\u2019articule avec l\u2019Allocation de rentr\u00e9e scolaire vers\u00e9e \u00e0 partir du 19 ao\u00fbt 2025 en m\u00e9tropole.<\/p>\n<p>Fournitures scolaires\u00a0: une bonne nouvelle pour les familles<\/p>\n<p>La photographie de juillet 2025 tranche avec la perception d\u2019une inflation persistante. Selon l\u2019analyse de<a href=\"https:\/\/www.franceinfo.fr\/france\/rentree\/info-franceinfo-les-prix-des-fournitures-solaires-en-baisse-en-juillet-2025-dans-les-grandes-surfaces-et-dans-les-magasins-specialises-selon-une-etude_7432279.html\" target=\"_blank\" rel=\"noopener nofollow\"> <strong>franceinfo<\/strong><\/a> fond\u00e9e sur les scans de caisse et panels de distribution de <strong>NielsenIQ<\/strong>, la baisse est mesur\u00e9e et nette : <strong>\u2013 3,4 % en GSA<\/strong> (hypermarch\u00e9s et supermarch\u00e9s) et <strong>\u2013 6,2 % en enseignes sp\u00e9cialis\u00e9es<\/strong> par rapport \u00e0 juillet 2024. L\u2019information est d\u2019autant plus structurante que les circuits n\u2019ont pas le m\u00eame poids : les grandes surfaces <strong>captent environ 84,7 % des volumes<\/strong> et <strong>pr\u00e8s de 77,2 % du chiffre d\u2019affaires<\/strong> de la fili\u00e8re fournitures, ce qui signifie qu\u2019une variation de prix dans ce canal diffuse imm\u00e9diatement dans le panier des m\u00e9nages.<\/p>\n<p>Le march\u00e9 a r\u00e9agi : les <strong>volumes<\/strong> de fournitures scolaires vendues en France ont <strong>augment\u00e9 de 9,1 %<\/strong> sur la p\u00e9riode, ce qui, malgr\u00e9 la baisse des prix unitaires, <strong>porte le chiffre d\u2019affaires \u00e0 131 millions d\u2019euros<\/strong>, en <strong>hausse de 5,2 %<\/strong> sur un an. Deux effets se superposent : d\u2019abord, un <strong>effet prix<\/strong> qui all\u00e8ge la facture unitaire ; ensuite, un <strong>effet volume<\/strong> li\u00e9 \u00e0 l\u2019anticipation des achats et au retour vers des r\u00e9f\u00e9rences plus qualitatives.<\/p>\n<p>Cette photographie tranche avec des alertes contradictoires. <strong>UFC-Que Choisir<\/strong> a indiqu\u00e9 mi-juillet une <strong>hausse moyenne proche de 2 %<\/strong> entre d\u00e9but juillet 2024 et d\u00e9but juillet 2025, en soulignant toutefois une forte h\u00e9t\u00e9rog\u00e9n\u00e9it\u00e9 : pr\u00e8s d\u2019un <strong>tiers des r\u00e9f\u00e9rences<\/strong> en hausse sensible, mais aussi <strong>pr\u00e8s d\u2019un cinqui\u00e8me<\/strong> en baisse. La divergence s\u2019explique par la <strong>m\u00e9thodologie<\/strong> : panier th\u00e9orique chez les uns, <strong>donn\u00e9es de ventes r\u00e9elles<\/strong> chez les autres, et <strong>fen\u00eatres temporelles<\/strong> distinctes. En pratique, au moment o\u00f9 les familles passent \u00e0 l\u2019acte d\u2019achat et au vu des volumes enregistr\u00e9s en juillet, la tendance observ\u00e9e par franceinfo indique un <strong>all\u00e9gement du ticket de caisse<\/strong>.<\/p>\n<p>Fournitures : ce qui monte, ce qui baisse, et comment les familles arbitrent<\/p>\n<p>La <strong>baisse moyenne<\/strong> ne dit pas tout des \u00e9carts par <strong>familles de produits<\/strong>. Les donn\u00e9es reprises par franceinfo pr\u00e9cisent les <strong>segments en nette progression de volumes<\/strong> en grande distribution : les <strong>pochettes perfor\u00e9es<\/strong>, les <strong>trieurs<\/strong> et les <strong>crayons \u00e0 papier<\/strong> signent les meilleurs scores. Les hausses de volumes communiqu\u00e9es par les distributeurs et leurs panels donnent l\u2019ordre de grandeur de l\u2019engouement : <strong>+ 21,5 %<\/strong> pour les pochettes perfor\u00e9es, <strong>+ 19,7 %<\/strong> pour les trieurs et <strong>+ 15,9 %<\/strong> pour les crayons \u00e0 papier, des articles de base de la scolarit\u00e9, souvent demand\u00e9s en plusieurs exemplaires et compatibles avec une strat\u00e9gie d\u2019\u00e9quipement durable. \u00c0 l\u2019inverse, <strong>stylos-plume<\/strong> et <strong>feutres de coloriage<\/strong> marquent <strong>le pas<\/strong>.<\/p>\n<p>Dans les <strong>enseignes sp\u00e9cialis\u00e9es<\/strong>, la hi\u00e9rarchie des succ\u00e8s est diff\u00e9rente et t\u00e9moigne d\u2019un retour vers la <strong>qualit\u00e9 d\u2019usage<\/strong>. Les <strong>stylos rollers<\/strong> se distinguent, avec une <strong>hausse de 58,3 %<\/strong> des ventes en volume sur un an au mois de juillet. Les <strong>recharges<\/strong> progressent de <strong>37,7 %<\/strong> et les <strong>stylos-bille<\/strong> de <strong>30,6 %<\/strong>. Ces choix refl\u00e8tent une recherche de <strong>confort d\u2019\u00e9criture<\/strong>, une <strong>durabilit\u00e9<\/strong> et une <strong>ma\u00eetrise du co\u00fbt total<\/strong> : un corps de stylo plus qualitatif que l\u2019on recharge plut\u00f4t que de racheter un produit complet.<\/p>\n<p>Pour un <strong>panier type<\/strong> de coll\u00e9gien, cette m\u00e9canique peut se traduire de fa\u00e7on tangible. En 2024, un panier complet d\u2019\u00e9quipement et de papeterie d\u00e9passait fr\u00e9quemment les <strong>200 euros<\/strong> selon les observatoires de consommation. Avec <strong>\u2013 3,4 %<\/strong> en GSA et une structure d\u2019achats r\u00e9\u00e9quilibr\u00e9e, un panier comparable se <strong>repositionne sous les 200 euros<\/strong> au c\u0153ur de l\u2019\u00e9t\u00e9 2025, surtout si l\u2019on capte une promotion sur les fournitures les plus co\u00fbteuses (sacs de bonne facture, calculatrices, jeux de recharges pour stylos rollers).<\/p>\n<p>Budget des m\u00e9nages : le r\u00f4le de l\u2019ARS dans le budget Rentr\u00e9e<\/p>\n<p>L\u2019<strong>Allocation de rentr\u00e9e scolaire<\/strong> agit comme un <strong>amortisseur<\/strong> budg\u00e9taire qui vient s\u00e9curiser l\u2019achat de fournitures. En <strong>m\u00e9tropole<\/strong>, le <strong>versement 2025 intervient le mardi 19 ao\u00fbt<\/strong>, et il a d\u00e9but\u00e9 le <strong>5 ao\u00fbt<\/strong> \u00e0 <strong>La R\u00e9union<\/strong> et <strong>Mayotte<\/strong>. Les <strong>montants revaloris\u00e9s<\/strong> au 1\u1d49\u02b3 avril 2025 s\u2019\u00e9tablissent de la fa\u00e7on suivante : <strong>423,48 euros<\/strong> pour un enfant de <strong>6 \u00e0 10 ans<\/strong>, <strong>446,85 euros<\/strong> pour un enfant de <strong>11 \u00e0 14 ans<\/strong>, <strong>462,33 euros<\/strong> pour un adolescent de <strong>15 \u00e0 18 ans<\/strong>. Les <strong>plafonds de ressources<\/strong> s\u2019appr\u00e9cient sur les <strong>revenus 2023<\/strong> et d\u00e9marrent \u00e0 <strong>28 444 euros<\/strong> pour <strong>un enfant<\/strong> \u00e0 charge, major\u00e9s de <strong>6 564 euros<\/strong> <strong>par enfant suppl\u00e9mentaire<\/strong>. Un <strong>versement d\u00e9gressif<\/strong> existe pour les foyers l\u00e9g\u00e8rement au-dessus des seuils, ce qui \u00e9vite un <strong>effet de falaise<\/strong>.<\/p>\n<p>Le versement <strong>est automatique<\/strong> pour les enfants de <strong>6 \u00e0 15 ans<\/strong> enregistr\u00e9s, sans autre formalit\u00e9 pour les allocataires habituels. Pour les <strong>16-18 ans<\/strong>, une <strong>d\u00e9claration sur l\u2019honneur<\/strong> de <strong>scolarit\u00e9<\/strong> ou d\u2019<strong>apprentissage<\/strong> est requise avant le d\u00e9caissement. Les caisses rappellent que les d\u00e9lais interbancaires peuvent provoquer <strong>quelques jours d\u2019\u00e9cart<\/strong> entre la date officielle de versement et l\u2019arriv\u00e9e effective des fonds sur le compte.<\/p>\n","protected":false},"excerpt":{"rendered":"En juillet 2025, le prix des fournitures scolaires recule sur un an : \u2013 3,4 % dans les&hellip;\n","protected":false},"author":2,"featured_media":317929,"comment_status":"","ping_status":"","sticky":false,"template":"","format":"standard","meta":{"footnotes":""},"categories":[6],"tags":[35,33,34,1011,27],"class_list":{"0":"post-317928","1":"post","2":"type-post","3":"status-publish","4":"format-standard","5":"has-post-thumbnail","7":"category-economie","8":"tag-business","9":"tag-economie","10":"tag-economy","11":"tag-fr","12":"tag-france"},"share_on_mastodon":{"url":"","error":""},"_links":{"self":[{"href":"https:\/\/www.europesays.com\/fr\/wp-json\/wp\/v2\/posts\/317928","targetHints":{"allow":["GET"]}}],"collection":[{"href":"https:\/\/www.europesays.com\/fr\/wp-json\/wp\/v2\/posts"}],"about":[{"href":"https:\/\/www.europesays.com\/fr\/wp-json\/wp\/v2\/types\/post"}],"author":[{"embeddable":true,"href":"https:\/\/www.europesays.com\/fr\/wp-json\/wp\/v2\/users\/2"}],"replies":[{"embeddable":true,"href":"https:\/\/www.europesays.com\/fr\/wp-json\/wp\/v2\/comments?post=317928"}],"version-history":[{"count":0,"href":"https:\/\/www.europesays.com\/fr\/wp-json\/wp\/v2\/posts\/317928\/revisions"}],"wp:featuredmedia":[{"embeddable":true,"href":"https:\/\/www.europesays.com\/fr\/wp-json\/wp\/v2\/media\/317929"}],"wp:attachment":[{"href":"https:\/\/www.europesays.com\/fr\/wp-json\/wp\/v2\/media?parent=317928"}],"wp:term":[{"taxonomy":"category","embeddable":true,"href":"https:\/\/www.europesays.com\/fr\/wp-json\/wp\/v2\/categories?post=317928"},{"taxonomy":"post_tag","embeddable":true,"href":"https:\/\/www.europesays.com\/fr\/wp-json\/wp\/v2\/tags?post=317928"}],"curies":[{"name":"wp","href":"https:\/\/api.w.org\/{rel}","templated":true}]}}