{"id":31793,"date":"2025-04-17T13:47:10","date_gmt":"2025-04-17T13:47:10","guid":{"rendered":"https:\/\/www.europesays.com\/fr\/31793\/"},"modified":"2025-04-17T13:47:10","modified_gmt":"2025-04-17T13:47:10","slug":"marseille-a-geze-les-habitants-impatients-de-voir-arriver-le-tram-cest-le-desordre","status":"publish","type":"post","link":"https:\/\/www.europesays.com\/fr\/31793\/","title":{"rendered":"Marseille. \u00c0 G\u00e8ze, les habitants impatients de voir arriver le tram : \u00ab\u00a0C&rsquo;est le d\u00e9sordre\u00a0\u00bb"},"content":{"rendered":"<p>            Par<br \/>\n        <strong><br \/>\n            <a href=\"https:\/\/actu.fr\/auteur\/benjamin-cohenroyer\" title=\"Consulter tous les articles de Benjamin Cohen Royer\" target=\"_blank\" rel=\"noopener\">Benjamin Cohen Royer<\/a><br \/>\n        <\/strong><\/p>\n<p>        Publi\u00e9 le<\/p>\n<p>            17 avr. 2025 \u00e0 6h53        <\/p>\n<p>\u00c0 Capitaine-G\u00e8ze, autour du terminus nord de la ligne 2 du m\u00e9tro, dans le 15e arrondissement de <a href=\"https:\/\/actu.fr\/marseille\/\" target=\"_blank\" rel=\"noopener\">Marseille<\/a>, les engins de chantier s\u2019activent.<\/p>\n<p class=\" wall-content\">Pendant que les habitants s\u2019impatientent.<\/p>\n<p class=\" wall-content\">Entre nuisances et espoirs, ils attendent la m\u00e9tamorphose de leur cadre de vie avec <strong>l\u2019arriv\u00e9e du tramway T3<\/strong>, dont la mise en service de l\u2019extension est pr\u00e9vue <strong>fin 2025.\u200b<\/strong><\/p>\n<p>Un quartier en pleine transformation<\/p>\n<p class=\" wall-content\">Dans le quartier des Crottes, limitrophe de ceux de La Cabucelle et des Arnavaux, les chantiers battent leur plein. <strong>Les engins s\u2019affairent<\/strong>, tandis que les pi\u00e9tons tentent de naviguer prudemment au milieu de toute cette agitation.\u200b<\/p>\n<p class=\" wall-content\">Les passages clout\u00e9s sont incertains, impr\u00e9cis.<\/p>\n<p>Vid\u00e9os : en ce moment sur Actu<\/p>\n<p class=\" wall-content\">Les sens de circulations \u00e0 pied ou v\u00e9hicul\u00e9s ne sont plus \u00e9vidents et le quartier appara\u00eet \u00e0 ce jour, comme <strong>un d\u00e9sordre aussi g\u00e9n\u00e9ralis\u00e9 <\/strong>qu\u2019il\u00a0est temporaire et indispensable pour accueillir l\u2019extension de la ligne T3 du tramway, pr\u00e9vue fin 2025.<\/p>\n<p class=\" wall-content\">Les travaux sur ce trac\u00e9 au nord, qui reliera, \u00e0 terme, Arenc \u00e0 Capitaine G\u00e8ze sur plus de 6km, s\u2019accompagnent d\u2019une requalification urbaine majeure\u2009: avec l\u2019apparition de <strong>nouvelles stations, d\u2019espaces pi\u00e9tons, de voies cyclables et de plantations d\u2019arbres<\/strong>.<\/p>\n<p><img decoding=\"async\" loading=\"lazy\" src=\"https:\/\/www.europesays.com\/fr\/wp-content\/uploads\/2025\/04\/img-2140-960x640.jpg\" alt=\"Certains passages doivent \u00eatre enjamb\u00e9s. \" width=\"960\" height=\"640\"\/>Certains passages doivent \u00eatre enjamb\u00e9s. (Benjamin Cohen Royer \/ actu Marseille)<\/p>\n<p class=\" wall-content\">Et les habitants saluent d\u00e9j\u00e0 ces changements.\u200b C\u2019est le cas d\u2019Hassan, un riverain\u2009:<\/p>\n<blockquote class=\"ac-article-quote wall-content\">\n<p>C\u2019est une bonne id\u00e9e de r\u00e9nover ce quartier. Les b\u00e2timents \u00e9taient trop v\u00e9tustes<\/p>\n<p>    <strong\/>\n            <\/p><\/blockquote>\n<p>Un tramway (tr\u00e8s) attendu<\/p>\n<p class=\" wall-content\">En attendant, les travaux engendrent bien des d\u00e9sagr\u00e9ments, comme le souligne Nabil, g\u00e9rant du Bar-tabac Le Lion, \u00e0 l\u2019angle du boulevard du Capitaine-G\u00e8ze et de la rue de Lyon\u2009: <strong>\u00ab\u2009Pour l\u2019instant, c\u2019est le d\u00e9sordre<\/strong>, il n\u2019y a pas de places pour se garer, ni vraiment pour circuler \u00e0 pied\u2009\u00bb d\u00e9plore-t-il.<\/p>\n<p>      <img   decoding=\"async\" loading=\"lazy\" src=\"https:\/\/www.europesays.com\/fr\/wp-content\/uploads\/2025\/04\/img-2145-960x640.jpg\" alt=\"D'autres sont mal indiqu\u00e9s et difficile d'acc\u00e8s.\" width=\"960\" height=\"640\"\/><br \/>\n    D\u2019autres voies sont mal indiqu\u00e9es et difficile d\u2019acc\u00e8s. (\u00a9Benjamin Cohen Royer \/ actu Marseille)<\/p>\n<p class=\" wall-content\">Mais l\u2019arriv\u00e9e du tramway est aussi per\u00e7ue comme une avanc\u00e9e majeure et tr\u00e8s attendue, confirme-t-il. La T3 connectera bient\u00f4t le nord et le sud de Marseille avec ses nouveaux terminus\u2009: <strong>\u00ab\u2009Capitaine G\u00e8ze\u2009\u00bb dans le nord<\/strong> et <strong>\u00ab\u2009La Gaye\u2009\u00bb, au sud.<\/strong><\/p>\n<p>Les commer\u00e7ants impact\u00e9s<\/p>\n<p class=\" wall-content\">Selon Nabil, les commer\u00e7ants du quartier ont \u00e9t\u00e9 fortement impact\u00e9s par le chantier\u2009: \u00ab\u2009Depuis le d\u00e9but des travaux, on a observ\u00e9 <strong>une baisse de revenus<\/strong>. Donc forc\u00e9ment, on esp\u00e8re une augmentation quand il y aura le tramway et que le quartier sera r\u00e9nov\u00e9\u2009\u00bb.<\/p>\n<p>      <img   decoding=\"async\" loading=\"lazy\" src=\"https:\/\/www.europesays.com\/fr\/wp-content\/uploads\/2025\/04\/img-2142-960x640.jpg\" alt=\"dd\" width=\"960\" height=\"640\"\/><br \/>\n    Les commer\u00e7ants attendent la fin des travaux avec impatience. (Benjamin Cohen Royer \/ actu Marseille)<\/p>\n<p class=\" wall-content\">Pour Akram, rencontr\u00e9 rue de Lyon, m\u00eame constat\u2009: \u00ab\u2009On va avoir un tram et un quartier tout neuf. \u00c7a va faire venir du monde, \u00e7a va amener de la vie\u2009\u00bb, se r\u00e9jouit-il.<\/p>\n<p class=\" wall-content\"><strong>Pr\u00e9vue pour d\u00e9cembre\u00a02025<\/strong>, la mise en service du T3 est attendue avec impatience par les habitants et commer\u00e7ants de G\u00e8ze, qui suivent de pr\u00e8s l\u2019\u00e9volution de leur quartier.<\/p>\n<p class=\" wall-content\">\n<p class=\" wall-content\">Ce projet, orchestr\u00e9 par la M\u00e9tropole Aix-Marseille-Provence, est notamment financ\u00e9 avec le soutien de l\u2019\u00c9tat et de la Banque d\u2019investissement europ\u00e9enne (BEI), dans le cadre du plan Marseille en Grand pour un montant de <strong>350\u00a0millions d\u2019euros.<\/strong><\/p>\n<p class=\" wall-content\">Ce mardi 15 avril, la collectivit\u00e9 livrait, sur le r\u00e9seau social X, un point sur le chantier\u2009: \u00ables premiers abribus ont \u00e9t\u00e9 install\u00e9s, le rev\u00eatement de la voie ferr\u00e9e est en cours de finalisation et les \u00e9quipements techniques sont mis en place\u00bb. Les choses avancent, donc.<\/p>\n<p class=\" wall-content\">Suivez toute l\u2019actualit\u00e9 de vos villes et m\u00e9dias favoris en vous inscrivant \u00e0 <a href=\"https:\/\/moncompte.actu.fr\" title=\"D\u00e9couvez Mon Actu\" rel=\"nofollow noopener\" data-trk=\"{&quot;cta&quot;:{&quot;action&quot;:&quot;https:\\\/\\\/moncompte.actu.fr&quot;,&quot;category&quot;:&quot;mon compte&quot;,&quot;from&quot;:&quot;article footer&quot;,&quot;name&quot;:&quot;Mon actu&quot;,&quot;type&quot;:&quot;cta&quot;}}\" target=\"_blank\">Mon Actu<\/a>.<\/p>\n","protected":false},"excerpt":{"rendered":"Par Benjamin Cohen Royer Publi\u00e9 le 17 avr. 2025 \u00e0 6h53 \u00c0 Capitaine-G\u00e8ze, autour du terminus nord de&hellip;\n","protected":false},"author":2,"featured_media":31794,"comment_status":"","ping_status":"","sticky":false,"template":"","format":"standard","meta":{"footnotes":""},"categories":[2814],"tags":[1111,11,1777,674,1011,27,884,12,882,10782,25,10783,104,2086],"class_list":{"0":"post-31793","1":"post","2":"type-post","3":"status-publish","4":"format-standard","5":"has-post-thumbnail","7":"category-marseille","8":"tag-actu","9":"tag-actualites","10":"tag-eu","11":"tag-europe","12":"tag-fr","13":"tag-france","14":"tag-marseille","15":"tag-news","16":"tag-provence-alpes-cote-dazur","17":"tag-quartiers-nord","18":"tag-republique-francaise","19":"tag-rtm","20":"tag-societe","21":"tag-travaux"},"share_on_mastodon":{"url":"https:\/\/pubeurope.com\/@fr\/114353618604988044","error":""},"_links":{"self":[{"href":"https:\/\/www.europesays.com\/fr\/wp-json\/wp\/v2\/posts\/31793","targetHints":{"allow":["GET"]}}],"collection":[{"href":"https:\/\/www.europesays.com\/fr\/wp-json\/wp\/v2\/posts"}],"about":[{"href":"https:\/\/www.europesays.com\/fr\/wp-json\/wp\/v2\/types\/post"}],"author":[{"embeddable":true,"href":"https:\/\/www.europesays.com\/fr\/wp-json\/wp\/v2\/users\/2"}],"replies":[{"embeddable":true,"href":"https:\/\/www.europesays.com\/fr\/wp-json\/wp\/v2\/comments?post=31793"}],"version-history":[{"count":0,"href":"https:\/\/www.europesays.com\/fr\/wp-json\/wp\/v2\/posts\/31793\/revisions"}],"wp:featuredmedia":[{"embeddable":true,"href":"https:\/\/www.europesays.com\/fr\/wp-json\/wp\/v2\/media\/31794"}],"wp:attachment":[{"href":"https:\/\/www.europesays.com\/fr\/wp-json\/wp\/v2\/media?parent=31793"}],"wp:term":[{"taxonomy":"category","embeddable":true,"href":"https:\/\/www.europesays.com\/fr\/wp-json\/wp\/v2\/categories?post=31793"},{"taxonomy":"post_tag","embeddable":true,"href":"https:\/\/www.europesays.com\/fr\/wp-json\/wp\/v2\/tags?post=31793"}],"curies":[{"name":"wp","href":"https:\/\/api.w.org\/{rel}","templated":true}]}}