{"id":317930,"date":"2025-08-14T05:57:12","date_gmt":"2025-08-14T05:57:12","guid":{"rendered":"https:\/\/www.europesays.com\/fr\/317930\/"},"modified":"2025-08-14T05:57:12","modified_gmt":"2025-08-14T05:57:12","slug":"a-washington-donald-trump-sen-prend-a-la-culture-pour-proner-sa-vision-de-lamerique","status":"publish","type":"post","link":"https:\/\/www.europesays.com\/fr\/317930\/","title":{"rendered":"A Washington, Donald Trump s\u2019en prend \u00e0 la culture pour pr\u00f4ner sa vision de l\u2019Am\u00e9rique"},"content":{"rendered":"<p>                         <img loading=\"lazy\" decoding=\"async\" src=\"https:\/\/www.europesays.com\/fr\/wp-content\/uploads\/2025\/08\/e5dd4b9_ftp-import-images-1-ic7yucqjz3dy-5625894-01-06.jpg\" alt=\"Donald Trump passe devant les portraits du chanteur country George Strait, du com\u00e9dien de Broadway Michael Crawford, et de l\u2019acteur Sylvester Stallone, apr\u00e8s les avoir annonc\u00e9s comme laur\u00e9ats du Kennedy Center, \u00e0 Washington, le 13\u00a0ao\u00fbt 2025.\"   width=\"664\" height=\"443\"\/>    Donald Trump passe devant les portraits du chanteur country George Strait, du com\u00e9dien de Broadway Michael Crawford, et de l\u2019acteur Sylvester Stallone, apr\u00e8s les avoir annonc\u00e9s comme laur\u00e9ats du Kennedy Center, \u00e0 Washington, le 13\u00a0ao\u00fbt 2025.  MANDEL NGAN \/ AFP                 <\/p>\n<p class=\"article__paragraph  \">En cette matin\u00e9e du mercredi 13\u00a0ao\u00fbt, <a href=\"https:\/\/www.lemonde.fr\/international\/article\/2025\/08\/13\/a-washington-les-premiers-militaires-de-la-garde-nationale-deployes-dans-les-rues-apres-la-prise-de-controle-de-la-police-par-donald-trump_6628957_3210.html\" rel=\"nofollow noopener\" target=\"_blank\">les militaires de la garde nationale patrouillent aux\u00a0abords du National Mall<\/a>, \u00e0 Washington DC, l\u00e0 o\u00f9 si\u00e8gent les principales institutions politiques des Etats-Unis, signe de la reprise en main par Donald Trump des forces de police de la capitale. Mais, \u00e0 quelques centaines de m\u00e8tres de l\u00e0, c\u2019est une autre mise sous tutelle qui se\u00a0joue, moins spectaculaire, mais tout aussi importante\u00a0: celle du r\u00e9cit historique am\u00e9ricain, \u00e0\u00a0travers la prise de contr\u00f4le des deux\u00a0principales institutions culturelles de la ville, la Smithsonian Institution et le Kennedy Center.<\/p>\n<p class=\"article__paragraph  \">\u00ab\u00a0Il y a quelques mois, je suis devenu pr\u00e9sident du Kennedy Center et nous avons compl\u00e8tement invers\u00e9 la situation, nous avons mis fin \u00e0 la programmation politique \u201cwoke\u201d et nous sommes en train de r\u00e9tablir [cette institution] comme lieu privil\u00e9gi\u00e9 des arts du spectacle\u00a0\u00bb, a clam\u00e9 Donald Trump, mercredi, lors d\u2019une c\u00e9r\u00e9monie dans le hall de l\u2019\u00e9tablissement, visant \u00e0 d\u00e9voiler les noms des laur\u00e9ats des \u00ab\u00a0Kennedy Center Honors\u00a0\u00bb, des r\u00e9compenses prestigieuses pour les artistes aux Etats-Unis. La liste porte son empreinte, avec la pr\u00e9sence notamment de l\u2019acteur et r\u00e9alisateur, Sylvester Stallone, l\u2019un de ses proches.<\/p>\n<p class=\"reading-mode-only \"><strong>Il vous reste 80.08% de cet article \u00e0 lire. La suite est r\u00e9serv\u00e9e aux abonn\u00e9s.<\/strong><\/p>\n","protected":false},"excerpt":{"rendered":"Donald Trump passe devant les portraits du chanteur country George Strait, du com\u00e9dien de Broadway Michael Crawford, et&hellip;\n","protected":false},"author":2,"featured_media":317931,"comment_status":"","ping_status":"","sticky":false,"template":"","format":"standard","meta":{"footnotes":""},"categories":[5],"tags":[11,1011,27,14,12,28],"class_list":{"0":"post-317930","1":"post","2":"type-post","3":"status-publish","4":"format-standard","5":"has-post-thumbnail","7":"category-international","8":"tag-actualites","9":"tag-fr","10":"tag-france","11":"tag-international","12":"tag-news","13":"tag-world"},"share_on_mastodon":{"url":"https:\/\/pubeurope.com\/@fr\/115025585392852007","error":""},"_links":{"self":[{"href":"https:\/\/www.europesays.com\/fr\/wp-json\/wp\/v2\/posts\/317930","targetHints":{"allow":["GET"]}}],"collection":[{"href":"https:\/\/www.europesays.com\/fr\/wp-json\/wp\/v2\/posts"}],"about":[{"href":"https:\/\/www.europesays.com\/fr\/wp-json\/wp\/v2\/types\/post"}],"author":[{"embeddable":true,"href":"https:\/\/www.europesays.com\/fr\/wp-json\/wp\/v2\/users\/2"}],"replies":[{"embeddable":true,"href":"https:\/\/www.europesays.com\/fr\/wp-json\/wp\/v2\/comments?post=317930"}],"version-history":[{"count":0,"href":"https:\/\/www.europesays.com\/fr\/wp-json\/wp\/v2\/posts\/317930\/revisions"}],"wp:featuredmedia":[{"embeddable":true,"href":"https:\/\/www.europesays.com\/fr\/wp-json\/wp\/v2\/media\/317931"}],"wp:attachment":[{"href":"https:\/\/www.europesays.com\/fr\/wp-json\/wp\/v2\/media?parent=317930"}],"wp:term":[{"taxonomy":"category","embeddable":true,"href":"https:\/\/www.europesays.com\/fr\/wp-json\/wp\/v2\/categories?post=317930"},{"taxonomy":"post_tag","embeddable":true,"href":"https:\/\/www.europesays.com\/fr\/wp-json\/wp\/v2\/tags?post=317930"}],"curies":[{"name":"wp","href":"https:\/\/api.w.org\/{rel}","templated":true}]}}