{"id":317936,"date":"2025-08-14T06:00:11","date_gmt":"2025-08-14T06:00:11","guid":{"rendered":"https:\/\/www.europesays.com\/fr\/317936\/"},"modified":"2025-08-14T06:00:11","modified_gmt":"2025-08-14T06:00:11","slug":"firminy-elles-travaillent-chez-leclerc-depuis-1985-cest-notre-deuxieme-famille","status":"publish","type":"post","link":"https:\/\/www.europesays.com\/fr\/317936\/","title":{"rendered":"Firminy. Elles travaillent chez Leclerc depuis 1985\u00a0: \u00ab\u00a0C\u2019est notre deuxi\u00e8me famille\u00a0\u00bb"},"content":{"rendered":"<p>L\u2019actuel centre commercial Leclerc qui tr\u00f4ne dans la zone des Prairies f\u00eate ses vingt ans cette ann\u00e9e. Mais avant sa construction, l\u2019enseigne \u00e9tait d\u00e9j\u00e0 pr\u00e9sente avec un premier magasin qui se situait plus en bordure du boulevard Fayol. \u00c7a fait donc bien quarante ans que Leclerc fait partie du paysage appelou.<\/p>\n<p>Deux salari\u00e9es pr\u00e9sentes depuis le premier jour du Leclerc \u00e0 Firminy en 1985<\/p>\n<p>Et, parmi le personnel du magasin, Murielle Didier et Pascale Saby ont connu <a href=\"https:\/\/www.leprogres.fr\/economie\/2025\/08\/07\/il-y-a-40-ans-le-premier-centre-leclerc-s-installait-a-firminy\" target=\"_blank\" rel=\"noopener\">les premi\u00e8res heures de l\u2019enseigne \u00e0 Firminy<\/a>, d\u00e8s l\u2019ouverture du magasin en avril\u00a01985. Courant 2026, les deux salari\u00e9es feront valoir leur droit \u00e0 la retraite et ce sera non sans regret pour Christophe Brevet, pr\u00e9sident du Leclerc, qui a du mal \u00e0 cacher son \u00e9motion \u00e0 l\u2019id\u00e9e de les voir partir. \u00ab\u00a0Je les ai vues \u00e9voluer dans l\u2019entreprise, elles vont me quitter sous peu,&#8230;<\/p>\n","protected":false},"excerpt":{"rendered":"L\u2019actuel centre commercial Leclerc qui tr\u00f4ne dans la zone des Prairies f\u00eate ses vingt ans cette ann\u00e9e. Mais&hellip;\n","protected":false},"author":2,"featured_media":317937,"comment_status":"","ping_status":"","sticky":false,"template":"","format":"standard","meta":{"footnotes":""},"categories":[9653],"tags":[1111,11,2430,4406,130,33,7539,1777,674,10282,10283,1011,27,937,12,25,4001,216],"class_list":{"0":"post-317936","1":"post","2":"type-post","3":"status-publish","4":"format-standard","5":"has-post-thumbnail","7":"category-saint-etienne","8":"tag-actu","9":"tag-actualites","10":"tag-auvergne-rhone-alpes","11":"tag-commerce-et-services","12":"tag-consommation","13":"tag-economie","14":"tag-edition-loire-sud","15":"tag-eu","16":"tag-europe","17":"tag-firminy","18":"tag-firminy-ville","19":"tag-fr","20":"tag-france","21":"tag-histoire","22":"tag-news","23":"tag-republique-francaise","24":"tag-saint-etienne","25":"tag-vie-des-entreprises"},"share_on_mastodon":{"url":"https:\/\/pubeurope.com\/@fr\/115025597141269430","error":""},"_links":{"self":[{"href":"https:\/\/www.europesays.com\/fr\/wp-json\/wp\/v2\/posts\/317936","targetHints":{"allow":["GET"]}}],"collection":[{"href":"https:\/\/www.europesays.com\/fr\/wp-json\/wp\/v2\/posts"}],"about":[{"href":"https:\/\/www.europesays.com\/fr\/wp-json\/wp\/v2\/types\/post"}],"author":[{"embeddable":true,"href":"https:\/\/www.europesays.com\/fr\/wp-json\/wp\/v2\/users\/2"}],"replies":[{"embeddable":true,"href":"https:\/\/www.europesays.com\/fr\/wp-json\/wp\/v2\/comments?post=317936"}],"version-history":[{"count":0,"href":"https:\/\/www.europesays.com\/fr\/wp-json\/wp\/v2\/posts\/317936\/revisions"}],"wp:featuredmedia":[{"embeddable":true,"href":"https:\/\/www.europesays.com\/fr\/wp-json\/wp\/v2\/media\/317937"}],"wp:attachment":[{"href":"https:\/\/www.europesays.com\/fr\/wp-json\/wp\/v2\/media?parent=317936"}],"wp:term":[{"taxonomy":"category","embeddable":true,"href":"https:\/\/www.europesays.com\/fr\/wp-json\/wp\/v2\/categories?post=317936"},{"taxonomy":"post_tag","embeddable":true,"href":"https:\/\/www.europesays.com\/fr\/wp-json\/wp\/v2\/tags?post=317936"}],"curies":[{"name":"wp","href":"https:\/\/api.w.org\/{rel}","templated":true}]}}