{"id":317939,"date":"2025-08-14T06:02:09","date_gmt":"2025-08-14T06:02:09","guid":{"rendered":"https:\/\/www.europesays.com\/fr\/317939\/"},"modified":"2025-08-14T06:02:09","modified_gmt":"2025-08-14T06:02:09","slug":"que-faire-a-nancy-durant-le-week-end-du-15-aout-voici-5-activites-gratuites","status":"publish","type":"post","link":"https:\/\/www.europesays.com\/fr\/317939\/","title":{"rendered":"Que faire \u00e0 Nancy durant le week-end du 15 ao\u00fbt ? Voici 5 activit\u00e9s gratuites"},"content":{"rendered":"<p>            Par<br \/>\n        <strong><br \/>\n            <a href=\"https:\/\/actu.fr\/auteur\/pierre-emile-bouchy-actu-fr\" title=\"Consulter tous les articles de Paul-Emile Bouchy\" rel=\"nofollow noopener\" target=\"_blank\">Paul-Emile Bouchy<\/a><br \/>\n        <\/strong><\/p>\n<p>        Publi\u00e9 le<\/p>\n<p>            14 ao\u00fbt 2025 \u00e0 7h02        <\/p>\n<p>Alors que le gouvernement a annonc\u00e9 sa volont\u00e9 de <a href=\"https:\/\/actu.fr\/economie\/vous-allez-grincer-des-dents-voici-les-deux-jours-feries-que-francois-bayrou-propose-de-supprimer_62914032.html\" rel=\"nofollow noopener\" target=\"_blank\">supprimer deux jours f\u00e9ri\u00e9s<\/a>, le 15\u00a0ao\u00fbt n\u2019est pas concern\u00e9 par cette mesure. N\u00e9anmoins, \u00e0 d\u00e9faut de travailler, il faut trouver <strong>comment occuper ce temps libre<\/strong> et ce week-end prolong\u00e9 qui se profile.<\/p>\n<p class=\" wall-content\">Voici donc <strong>cinq activit\u00e9s gratuites<\/strong> \u00e0 faire en famille \u00e0 <a href=\"https:\/\/actu.fr\/economie\/vous-allez-grincer-des-dents-voici-les-deux-jours-feries-que-francois-bayrou-propose-de-supprimer_62914032.html\" rel=\"nofollow noopener\" target=\"_blank\">Nancy<\/a> et ses alentours.<\/p>\n<p>Danser dans le silence au parc Charles III<\/p>\n<p class=\" wall-content\">Une piste de danse mais avec de la musique diffus\u00e9e dans des casques\u2009: voici le principe d\u2019une \u00ab<strong>\u2009silent\u00a0<\/strong><strong>party<\/strong>\u2009\u00bb\u2009!<\/p>\n<p class=\" wall-content\">Vendredi 15\u00a0ao\u00fbt, \u00e0 partir de 18h, la <a href=\"https:\/\/actu.fr\/grand-est\/nancy_54395\/nouveaute-horaires-lieux-voici-tout-ce-qu-il-faut-savoir-sur-le-retour-des-guinguettes-cet-ete-a-nancy_62732405.html\" rel=\"nofollow noopener\" target=\"_blank\">guinguette<\/a> du parc Charles III organise <strong>l\u2019\u00e9v\u00e8nement \u00ab\u2009Chuuuut, silence on danse\u2009\u00bb<\/strong>. L\u2019occasion d\u2019enflammer le dancefloor en vivant une nouvelle exp\u00e9rience.<\/p>\n<p class=\" wall-content\">\u00c0 noter que pour emprunter un casque, vous devrez pr\u00e9senter une carte d\u2019identit\u00e9.<\/p>\n<p>    <a href=\"https:\/\/www.facebook.com\/plugins\/post.php?href=https%3A%2F%2Fwww.facebook.com%2FGuinguettedes3barjotscharles3%2Fposts%2Fpfbid0GY3tAH1qCiUMJXZ7CpncjfRaeEG8iSUJCYmwgHm7icKXUnRv6Ft5nSTG7d8JQgZBl&amp;show_text=true&amp;width=350\" title=\"Ouvrie le lien\" rel=\"nofollow noopener\" target=\"_blank\">Cliquez ici pour visualiser le contenu<\/a><\/p>\n<p>\u00c9couter de la musique au skatepark de Nancy<\/p>\n<p class=\" wall-content\">La 3\u1d49 \u00e9dition de<strong> Sonic Curves<\/strong> a lieu ce week-end <strong>au skatepark de Nancy<\/strong>\u2009: un \u00e9v\u00e8nement m\u00ealant <strong>concerts et skateboard<\/strong>.<\/p>\n<p class=\" wall-content\">Au programme\u2009: rap groove, rock, \u00e9lectro, techno, un contest de skate et des ateliers d\u00e9couverte. De la restauration et des boissons locales seront disponibles tout le week-end.<\/p>\n<p>Sonic Curves 2025<br \/>au skatepark de Nancy (Rives de Meurthe)<br \/>Vendredi 15\u00a0ao\u00fbt (18h-2h) et samedi 16\u00a0ao\u00fbt (14h-2h)<\/p>\n<p>Profiter d\u2019une promenade sonore au Jardin botanique<\/p>\n<p class=\" wall-content\">Jusqu\u2019au 31\u00a0ao\u00fbt, une <strong>installation sonore<\/strong> r\u00e9alis\u00e9e par Dominique Petitgand est accessible gratuitement au <strong>Jardin botanique Jean-Marie Pelt de Villers-l\u00e8s-Nancy<\/strong>.<\/p>\n<p class=\" wall-content\">Chant d\u2019oiseau, bruit d\u2019une tondeuse \u00e0 gazon, une suite de Bach\u2009: pour l\u2019artiste, chaque son peut \u00eatre \u00e9cout\u00e9 de mille mani\u00e8res diff\u00e9rentes. Il vous invite \u00e0 <strong>une promenade dans le Jardin botanique o\u00f9 il a distill\u00e9 ses mati\u00e8res sonores<\/strong>.<\/p>\n<p>Voir un blockbuster avec Tom Cruise en plein air \u00e0 Jarville<\/p>\n<p class=\" wall-content\">Durant l\u2019\u00e9t\u00e9, <strong>des s\u00e9ances de cin\u00e9ma en plein air<\/strong> sont propos\u00e9es \u00e0 Nancy et son agglom\u00e9ration.<\/p>\n<p class=\" wall-content\">Vendredi 15\u00a0ao\u00fbt, apr\u00e8s un concert d\u00e8s 19h45, le film<strong> \u00ab\u2009Top Gun\u2009: Maverick\u2009\u00bb<\/strong> avec <a href=\"https:\/\/actu.fr\/tag\/tom-cruise\" rel=\"nofollow noopener\" target=\"_blank\">Tom Cruise<\/a> sera projet\u00e9 <strong>\u00e0 21h15<\/strong> au 15 rue Fran\u00e7ois Evrard \u00e0 Jarville-la-Malgrange.<\/p>\n<p class=\" wall-content\">Petit bonus\u2009: si vous venez avec votre chaise, un paquet de pop-corn vous sera offert.<\/p>\n<p>    <a href=\"https:\/\/www.facebook.com\/plugins\/post.php?href=https%3A%2F%2Fwww.facebook.com%2Fjarville%2Fposts%2Fpfbid02nmRBctPJk7EbfKVCcDTPmi1gMP1ifqmLieXdZytApR2AUdnQd1zPKL8LpduqeEiRl&amp;show_text=true&amp;width=350\" title=\"Ouvrie le lien\" rel=\"nofollow noopener\" target=\"_blank\">Cliquez ici pour visualiser le contenu<\/a><\/p>\n<p>S\u2019initier au hip-hop et au freestyle football \u00e0 la plage des Deux Rives<\/p>\n<p class=\" wall-content\">Durant tout l\u2019\u00e9t\u00e9, la <a href=\"https:\/\/actu.fr\/grand-est\/nancy_54395\/la-plage-des-deux-rives-revient-cet-ete-a-nancy-ce-qu-il-faut-savoir-de-l-edition-2025_62587188.html\" rel=\"nofollow noopener\" target=\"_blank\">plage des Deux Rives<\/a> propose des animations \u00e0 destination des adultes et des enfants.<\/p>\n<p class=\" wall-content\">Dimanche 17\u00a0ao\u00fbt, les activit\u00e9s seront vari\u00e9es\u2009:<\/p>\n<ul class=\" wall-content\">\n<li>Spectacle et <strong>initiation au freestyle football<\/strong><\/li>\n<li><strong>Initiation hip-hop<\/strong><\/li>\n<li><strong>Initiation \u00e0 des danses<\/strong>\u2009: salsa, bachata et kizomba<\/li>\n<\/ul>\n<p class=\" wall-content\">Tout le programme est disponible\u00a0via\u00a0<a href=\"https:\/\/www.grandnancy.eu\/sortir-decouvrir\/la-plage-des-deux-rives\/agenda-des-2-rives\" rel=\"nofollow noopener\" target=\"_blank\">ce lien<\/a>.<\/p>\n<p class=\" wall-content\">Suivez toute l\u2019actualit\u00e9 de vos villes et m\u00e9dias favoris en vous inscrivant \u00e0 <a href=\"https:\/\/moncompte.actu.fr\" title=\"D\u00e9couvez Mon Actu\" rel=\"nofollow noopener\" data-trk=\"{&quot;cta&quot;:{&quot;action&quot;:&quot;https:\\\/\\\/moncompte.actu.fr&quot;,&quot;category&quot;:&quot;mon compte&quot;,&quot;from&quot;:&quot;article footer&quot;,&quot;name&quot;:&quot;Mon actu&quot;,&quot;type&quot;:&quot;cta&quot;}}\" target=\"_blank\">Mon Actu<\/a>.<\/p>\n","protected":false},"excerpt":{"rendered":"Par Paul-Emile Bouchy Publi\u00e9 le 14 ao\u00fbt 2025 \u00e0 7h02 Alors que le gouvernement a annonc\u00e9 sa volont\u00e9&hellip;\n","protected":false},"author":2,"featured_media":69161,"comment_status":"","ping_status":"","sticky":false,"template":"","format":"standard","meta":{"footnotes":""},"categories":[9635],"tags":[1111,11,1063,1697,1777,674,1011,27,775,5691,1652,1702,12,25],"class_list":{"0":"post-317939","1":"post","2":"type-post","3":"status-publish","4":"format-standard","5":"has-post-thumbnail","7":"category-nancy","8":"tag-actu","9":"tag-actualites","10":"tag-animations","11":"tag-concert","12":"tag-eu","13":"tag-europe","14":"tag-fr","15":"tag-france","16":"tag-grand-est","17":"tag-guinguette","18":"tag-loisirs-culture","19":"tag-nancy","20":"tag-news","21":"tag-republique-francaise"},"share_on_mastodon":{"url":"https:\/\/pubeurope.com\/@fr\/115025604961928599","error":""},"_links":{"self":[{"href":"https:\/\/www.europesays.com\/fr\/wp-json\/wp\/v2\/posts\/317939","targetHints":{"allow":["GET"]}}],"collection":[{"href":"https:\/\/www.europesays.com\/fr\/wp-json\/wp\/v2\/posts"}],"about":[{"href":"https:\/\/www.europesays.com\/fr\/wp-json\/wp\/v2\/types\/post"}],"author":[{"embeddable":true,"href":"https:\/\/www.europesays.com\/fr\/wp-json\/wp\/v2\/users\/2"}],"replies":[{"embeddable":true,"href":"https:\/\/www.europesays.com\/fr\/wp-json\/wp\/v2\/comments?post=317939"}],"version-history":[{"count":0,"href":"https:\/\/www.europesays.com\/fr\/wp-json\/wp\/v2\/posts\/317939\/revisions"}],"wp:featuredmedia":[{"embeddable":true,"href":"https:\/\/www.europesays.com\/fr\/wp-json\/wp\/v2\/media\/69161"}],"wp:attachment":[{"href":"https:\/\/www.europesays.com\/fr\/wp-json\/wp\/v2\/media?parent=317939"}],"wp:term":[{"taxonomy":"category","embeddable":true,"href":"https:\/\/www.europesays.com\/fr\/wp-json\/wp\/v2\/categories?post=317939"},{"taxonomy":"post_tag","embeddable":true,"href":"https:\/\/www.europesays.com\/fr\/wp-json\/wp\/v2\/tags?post=317939"}],"curies":[{"name":"wp","href":"https:\/\/api.w.org\/{rel}","templated":true}]}}