{"id":317942,"date":"2025-08-14T06:05:17","date_gmt":"2025-08-14T06:05:17","guid":{"rendered":"https:\/\/www.europesays.com\/fr\/317942\/"},"modified":"2025-08-14T06:05:17","modified_gmt":"2025-08-14T06:05:17","slug":"les-services-de-letat-mobilises-durant-la-canicule-pour-les-personnes-sans-abri","status":"publish","type":"post","link":"https:\/\/www.europesays.com\/fr\/317942\/","title":{"rendered":"Les services de l\u2019\u00c9tat mobilis\u00e9s durant la canicule pour les personnes sans-abri"},"content":{"rendered":"<p>&#13;<br \/>\n        &#13;<br \/>\n&#13;<br \/>\n        &#13;<br \/>\n&#13;<\/p>\n<p>        <a href=\"https:\/\/www.europesays.com\/fr\/wp-content\/uploads\/2025\/08\/IMG_5316.jpg\" data-caption=\"\"><img loading=\"lazy\" decoding=\"async\" width=\"640\" height=\"480\" class=\"entry-thumb td-modal-image\" src=\"https:\/\/www.europesays.com\/fr\/wp-content\/uploads\/2025\/08\/IMG_5316.jpg\"   alt=\"\" title=\"IMG_5316\"\/><\/a><\/p>\n<p>Les services de l\u2019\u00c9tat mobilis\u00e9s durant la canicule pour les personnes sans-abri<br \/>Tout au long de l\u2019ann\u00e9e, les services de l\u2019\u00c9tat, dans le Var, sont en ordre de marche, avec leurs nombreux partenaires associatifs, pour assurer l\u2019accueil et l\u2019accompagnement des personnes en difficult\u00e9. Durant l\u2019\u00e9t\u00e9, cette mobilisation est renforc\u00e9e.<br \/>En lien avec les associations et les partenaires institutionnels, les services de l\u2019\u00c9tat s\u2019assurent de la disponibilit\u00e9 de places d\u2019h\u00e9bergement, de l\u2019ouverture d\u2019accueils de jour ainsi que de la mobilisation des \u00e9quipes mobiles (maraudes)\u2026 Cette ann\u00e9e encore, les associations mobilis\u00e9es se sont organis\u00e9es afin de proposer un accueil adapt\u00e9.<br \/>En cette p\u00e9riode de canicule, le dispositif op\u00e9rationnel dans le Var repose sur :<br \/>\uf0a7 une mobilisation renforc\u00e9e des moyens disponibles : le SIAO-115 (service int\u00e9gr\u00e9 d\u2019accueil et d\u2019orientation) du Var informe la Direction D\u00e9partementale de l\u2019Emploi, du Travail et des Solidarit\u00e9s (DDETS) en temps r\u00e9el de l\u2019\u00e9volution des demandes de prestations et de mises \u00e0 l\u2019abri en nombre et par zone g\u00e9ographique ;<br \/>\uf0a7 une attention particuli\u00e8re des appels 115 durant cette p\u00e9riode pour r\u00e9pondre \u00e0 la progression des signalements et des appels ;<br \/>\uf0a7 uneintensificationdesmaraudes(surToulonProvenceM\u00e9diterran\u00e9e,l\u2019AireDrac\u00e9noiseet Fr\u00e9jus-Saint-Rapha\u00ebl) effectu\u00e9es par les \u00e9quipes mobiles et les b\u00e9n\u00e9voles, d\u00e8s activation de la vigilance jaune (cf. horaires en pi\u00e8ce jointe);<br \/>\uf0a7 une extension horaire et une ouverture les week-ends des accueils de jour en cas de d\u00e9clenchement, comme c\u2019est le cas actuellement, de la vigilance orange et rouge afin que les personnes sans h\u00e9bergement puissent trouver un lieu rafra\u00eechi et s\u2019hydrater (cf. horaires en pi\u00e8ce jointe).<br \/>Ce dispositif s\u2019appuie \u00e9galement sur la vigilance de tous. Toute personne qui identifie une personne sans-abri en difficult\u00e9 dans la rue doit appeler le 115, num\u00e9ro d\u2019appel gratuit et accessible 24h\/24, 7j\/7 pour signaler la situation de cette personne \u00e0 un \u00e9coutant.<br \/>En cas de comportement pr\u00e9occupant ou de malaise, composer imm\u00e9diatement le 15.<\/p>\n<tr>\n<td colspan=\"3\" rowspan=\"1\">\n<p style=\"text-align: center;\">FONCTIONNEMENT GESTION VAGUES DE CHALEUR 2025<\/p>\n<\/td>\n<\/tr>\n<tr>\n<td>\n<\/td>\n<td>\n<p>Fonctionnement ANNUEL ouvertures et horaires<\/p>\n<\/td>\n<td>\n<p>Fonctionnement EN CANICULE et CANICULE EXTRE\u0300ME<\/p>\n<p>ouvertures et horaires<\/p>\n<\/td>\n<\/tr>\n<tr>\n<td colspan=\"3\" rowspan=\"1\">\n<\/td>\n<\/tr>\n<tr>\n<td>\n<p>AMIS DE JERICHO 319, avenue Colonel Picot 83100 TOULON<\/p>\n<\/td>\n<td>\n<p>Du lundi au vendredi : de 8h15 a\u0300 17h<br \/>Samedi, dimanche et jours fe\u0301rie\u0301s : de 8h15 a\u0300 13h Tel: 04.89.29.55.00<\/p>\n<\/td>\n<td>\n<p>Du lundi au dimanche<br \/>Et jours fe\u0301rie\u0301s : de 8h15 a\u0300 17h<\/p>\n<\/td>\n<\/tr>\n<tr>\n<td>\n<p>ARCHAOS 100 rue Bossuet 83200 TOULON<\/p>\n<\/td>\n<td>\n<p>Lundi, mardi, jeudi: de 9h a\u0300 17h Mercredi et le vendredi : de 9h a\u0300 12h30<\/p>\n<\/td>\n<td>\n<p>Lundi, mardi, jeudi de 9h a\u0300 19h<\/p>\n<\/td>\n<\/tr>\n<tr>\n<td>\n<p>EN CHEMIN EST VAR 15 rue Maurin des Maures 83600 FRE\u0301JUS<\/p>\n<\/td>\n<td>\n<p>Du lundi au vendredi de 8h00 a\u0300 14h00 Fermeture les samedis, dimanches et jours fe\u0301rie\u0301s<\/p>\n<\/td>\n<td>\n<p>Ouverture du lundi au samedi de 8h00 a\u0300 19h30 Dimanche et jours fe\u0301rie\u0301s uniquement de 14h a\u0300 19h30<\/p>\n<\/td>\n<\/tr>\n<tr>\n<td>\n<p>AVAF L\u2019E\u0301TOILE<br \/>250 avenue Patrick Rosso \u2013 33 traverse des Me\u0301le\u0300zes 83300 DRAGUIGNAN<\/p>\n<\/td>\n<td>\n<p>Du lundi au vendredi de 9h a\u0300 13h et de 16h a\u0300 19h Samedi, dimanche de 9h a\u0300 13h<br \/>Les jours fe\u0301rie\u0301s en semaine horaires habituels<\/p>\n<\/td>\n<td>\n<p>Du lundi au vendredi de 9h a\u0300 19h sans interruption Samedi et dimanche de 9h a\u0300 18h sans interruption<\/p>\n<\/td>\n<\/tr>\n<tr>\n<td>\n<p>AVAF LA FONTAINE 2 alle\u0301e Fre\u0301de\u0301ric Mistral 83070 BRIGNOLES<\/p>\n<\/td>\n<td>\n<p>Du lundi au vendredi de 9h a\u0300 13h (Tous publics) et de 14h a\u0300 17h : uniquement sur rendez-vous<\/p>\n<\/td>\n<td>\n<p>Du lundi au dimanche de 9h00 a\u0300 13h00 et De 14h00 a\u0300 17h00 : ouverture tous publics<\/p>\n<\/td>\n<\/tr>\n<tr>\n<td>\n<p>AVAF LE RELAIS<br \/>1 avenue Emile Zola 83500 LA SEYNE SUR MER<\/p>\n<\/td>\n<td>\n<p>Du lundi au vendredi de 9h a\u0300 13h (Tous publics) et de 14h a\u0300 18h (uniquement sur rdv)<\/p>\n<\/td>\n<td>\n<p>Du lundi au vendredi : de 9h a\u0300 13h<br \/>et de 14h a\u0300 17h : ouverture tous publics Fermetures : les week-end et les jours fe\u0301rie\u0301s<\/p>\n<\/td>\n<\/tr>\n<tr>\n<td>\n<p>EN CHEMIN<br \/>18 rue de Verdun 83400 HYE\u0300RES<\/p>\n<\/td>\n<td>\n<p>Du lundi au vendredi et jours fe\u0301rie\u0301s (sauf si un dimanche) : de 8h00 a\u0300 14h<\/p>\n<\/td>\n<td>\n<p>Du lundi au samedi : de 8h00 a\u0300 19h30 Dimanche et jours fe\u0301rie\u0301s : de 14h00 a\u0300 19h30<\/p>\n<\/td>\n<\/tr>\n<tr>\n<td colspan=\"3\" rowspan=\"1\">\n<\/td>\n<\/tr>\n<tr>\n<td>\n<p>PROMO SOINS (EMPS) Impasse Mirabeau 83000 TOULON<\/p>\n<\/td>\n<td>\n<p>Du lundi au vendredi de 10h a\u0300 23h Dimanche et jours fe\u0301rie\u0301s de 14h a\u0300 21h<\/p>\n<\/td>\n<td>\n<p>Du lundi au vendredi 10h a\u0300 23h Dimanche et jours fe\u0301rie\u0301s de 14h a\u0300 22h<\/p>\n<\/td>\n<\/tr>\n<tr>\n<td>\n<p>Ordre Malte Toulon 14 rue de Malte 83000 TOULON<\/p>\n<\/td>\n<td>\n<p>Tous les jours de 18h30 a\u0300 minuit<\/p>\n<\/td>\n<td>\n<p>Tous les jours de 18h30 a\u0300 minuit<\/p>\n<\/td>\n<\/tr>\n<tr>\n<td>\n<p>GES SENDRA EMPS de Draguignan 23, rue Labat 83300 DRAGUIGNAN<\/p>\n<\/td>\n<td>\n<p>Du lundi au vendredi de 13h a\u0300 22h<br \/>le week-end et jours fe\u0301rie\u0301s de 17h a\u0300 22h<\/p>\n<\/td>\n<td>\n<p>Du lundi au dimanche de 10h a\u0300 12h et de 16 h a\u0300 22 h<\/p>\n<\/td>\n<\/tr>\n<tr>\n<td>\n<p>EM EN CHEMIN<br \/>15 rue Maurin des Maures 83600 FREJUS<\/p>\n<\/td>\n<td>\n<p>Lundi, mercredi, jeudi et vendredi de : 14h a\u0300 17h et de 18h a\u0300 22h<br \/>Mardi de : 9h a\u0300 12h, et de 18h a\u0300 22h Samedi de 18h a\u0300 22h<\/p>\n<\/td>\n<td>\n<p>Lundi, jeudi, vendredi, samedi :<br \/>de 9h-12h, de 14h-17h et de 18h-22h<br \/>le mardi de 9h-12h de 14-17h et de 19h-22h<br \/>le mercredi de 9h-12h de 14h-17h<br \/>Le dimanche et jours fe\u0301rie\u0301s de 9h-12h et de 14h-17h<\/p>\n<\/td>\n<\/tr>\n<p><a href=\"https:\/\/www.restosducoeur.org\/associations-departementales\/les-restos-du-coeur-du-var\/\" rel=\"nofollow noopener\" target=\"_blank\"><img decoding=\"async\" style=\"height:70px;width:140px\" src=\"https:\/\/www.europesays.com\/fr\/wp-content\/uploads\/2025\/04\/restos-du-coeur.jpg\"\/><\/a>        &#13;<br \/>\n&#13;<br \/>\n&#13;<br \/>\n        &#13;<br \/>\n                        &#13;<br \/>\n            &#13;<br \/>\n&#13;<br \/>\n                        Previous article<a href=\"https:\/\/www.tv83.info\/sainte-maxime-81-eme-anniversaire-du-debarquement-de-provence\/\" rel=\"nofollow noopener\" target=\"_blank\">Sainte-Maxime : 81 \u00e8me anniversaire du D\u00e9barquement de Provence<\/a>Next article<a href=\"https:\/\/www.tv83.info\/saint-raphael-exposition-richard-orlinski-5\/\" rel=\"nofollow noopener\" target=\"_blank\">Saint-Rapha\u00ebl : Exposition Richard Orlinski<\/a>            \t                &#13;<br \/>\n&#13;<\/p>\n","protected":false},"excerpt":{"rendered":"&#13; &#13; &#13; &#13; &#13; Les services de l\u2019\u00c9tat mobilis\u00e9s durant la canicule pour les personnes sans-abriTout au&hellip;\n","protected":false},"author":2,"featured_media":317943,"comment_status":"","ping_status":"","sticky":false,"template":"","format":"standard","meta":{"footnotes":""},"categories":[9619],"tags":[1111,11,1777,674,1011,27,12,882,25,2310],"class_list":{"0":"post-317942","1":"post","2":"type-post","3":"status-publish","4":"format-standard","5":"has-post-thumbnail","7":"category-toulon","8":"tag-actu","9":"tag-actualites","10":"tag-eu","11":"tag-europe","12":"tag-fr","13":"tag-france","14":"tag-news","15":"tag-provence-alpes-cote-dazur","16":"tag-republique-francaise","17":"tag-toulon"},"share_on_mastodon":{"url":"https:\/\/pubeurope.com\/@fr\/115025616943263525","error":""},"_links":{"self":[{"href":"https:\/\/www.europesays.com\/fr\/wp-json\/wp\/v2\/posts\/317942","targetHints":{"allow":["GET"]}}],"collection":[{"href":"https:\/\/www.europesays.com\/fr\/wp-json\/wp\/v2\/posts"}],"about":[{"href":"https:\/\/www.europesays.com\/fr\/wp-json\/wp\/v2\/types\/post"}],"author":[{"embeddable":true,"href":"https:\/\/www.europesays.com\/fr\/wp-json\/wp\/v2\/users\/2"}],"replies":[{"embeddable":true,"href":"https:\/\/www.europesays.com\/fr\/wp-json\/wp\/v2\/comments?post=317942"}],"version-history":[{"count":0,"href":"https:\/\/www.europesays.com\/fr\/wp-json\/wp\/v2\/posts\/317942\/revisions"}],"wp:featuredmedia":[{"embeddable":true,"href":"https:\/\/www.europesays.com\/fr\/wp-json\/wp\/v2\/media\/317943"}],"wp:attachment":[{"href":"https:\/\/www.europesays.com\/fr\/wp-json\/wp\/v2\/media?parent=317942"}],"wp:term":[{"taxonomy":"category","embeddable":true,"href":"https:\/\/www.europesays.com\/fr\/wp-json\/wp\/v2\/categories?post=317942"},{"taxonomy":"post_tag","embeddable":true,"href":"https:\/\/www.europesays.com\/fr\/wp-json\/wp\/v2\/tags?post=317942"}],"curies":[{"name":"wp","href":"https:\/\/api.w.org\/{rel}","templated":true}]}}