{"id":317944,"date":"2025-08-14T06:06:13","date_gmt":"2025-08-14T06:06:13","guid":{"rendered":"https:\/\/www.europesays.com\/fr\/317944\/"},"modified":"2025-08-14T06:06:13","modified_gmt":"2025-08-14T06:06:13","slug":"national-2-bobigny-demande-le-report-de-son-match-contre-toulon","status":"publish","type":"post","link":"https:\/\/www.europesays.com\/fr\/317944\/","title":{"rendered":"National 2. Bobigny demande le report de son match contre Toulon"},"content":{"rendered":"<p><img loading=\"lazy\" decoding=\"async\" width=\"696\" height=\"464\" class=\"lazyload entry-thumb\" src=\"https:\/\/www.europesays.com\/fr\/wp-content\/uploads\/2025\/08\/Stade-FC-93-Bobigny-696x464.jpg\" alt=\"Stade FC 93 Bobigny\" title=\"Stade FC 93 Bobigny\"\/>Le stade du FC 93 \u00e0 Bobigny. (Photo Philippe Le Brech)<\/p>\n<p style=\"font-size:20px\"><strong>L\u2019exclusion des comp\u00e9titions nationales de l\u2019AC Ajaccio a confort\u00e9 le FC 93 Bobigny Bagnolet Gagny dans sa volont\u00e9 d\u2019\u00e9voluer en National cette saison.<\/strong><\/p>\n<p><strong>\u00ab J\u2019ai eu un membre du Comex de la FFF, il m\u2019a dit d\u2019envoyer un mail pour demander le report. \u00bb<\/strong> Comme il l\u2019a affirm\u00e9 dans <a href=\"https:\/\/www.leparisien.fr\/sports\/football\/on-a-laisse-le-temps-a-ajaccio-de-rouler-tout-le-monde-dans-la-farine-la-colere-du-fc-93-bobigny-13-08-2025-OZMEBLHX2BABPHXZQ3YG4WP5RU.php?xtor=AD-366\" target=\"_blank\" rel=\"noreferrer noopener\">Le Parisien<\/a>, Mamadou Niakat\u00e9, le pr\u00e9sident du FC 93 Bobigny, ne compte toujours pas jouer samedi 16 ao\u00fbt contre le SC Toulon. <strong>\u00ab\u00a0\u00c0 un moment, c\u2019est \u00e0 la F\u00e9d\u00e9ration de prendre ses responsabilit\u00e9s<\/strong>, poursuit-il. <strong>Quand on est \u00e9lu, il faut \u00eatre capable de prendre ses responsabilit\u00e9s dans l\u2019int\u00e9r\u00eat du football.\u00a0\u00bb<\/strong><\/p>\n<p>L\u2019exclusion des comp\u00e9titions nationales de l\u2019AC Ajaccio ce mercredi a exacerb\u00e9 le sentiment de Bobigny d\u2019avoir \u00e9t\u00e9  tromp\u00e9. <strong>\u00ab\u00a0Ce n\u2019est pas de notre faute si cela a pris du temps pour l\u2019AC Ajaccio<\/strong>, souligne Mamadou Niakat\u00e9. <strong>Ils n\u2019ont pas les moyens d\u2019\u00eatre en National alors que le FC 93 il y a toute sa place. Quand les r\u00e8glements ne sont pas bons, il faut les changer. Les r\u00e8glements ne sont pas adapt\u00e9s \u00e0 une logique sportive. Ce qui se passe avec nous est d\u00e9j\u00e0 arriv\u00e9 l\u2019an dernier avec le GOAL FC. Comment on a pu en arriver l\u00e0 sans rien changer ? \u00bb<\/strong><\/p>\n<p><strong>A lire aussi\u2026<br \/><a href=\"https:\/\/footamateur.ouest-france.fr\/dncg-lac-ajaccio-exclue-des-competitions-nationales\/\" target=\"_blank\" rel=\"noreferrer noopener\">DNCG. L\u2019AC Ajaccio est exclu des comp\u00e9titions nationales !<\/a><\/strong><\/p>\n<p>Le FC 93 Bobigny Bagnolet Gagny est donc tr\u00e8s clair dans ses intentions. La d\u00e9cision de la commission f\u00e9d\u00e9rale de contr\u00f4le des clubs envers l\u2019AC Ajaccio conforte sa volont\u00e9 de saisir le tribunal administratif en r\u00e9f\u00e9r\u00e9-suspension. <strong>\u00ab On a des clubs derri\u00e8re nous, la Ligue de Paris, le district de 93, des politiques<\/strong>, assure Mamadou Niakat\u00e9. <strong>Beaucoup de gens nous soutiennent. Je ne veux pas abandonner. Je crois encore \u00e0 la justice et \u00e0 l\u2019int\u00e9r\u00eat du football\u2026 \u00bb<\/strong><\/p>\n<p><a href=\"https:\/\/footamateur.ouest-france.fr\/author\/jerome\/\" class=\"url\" title=\"J\u00e9rome Bouchacourt\" target=\"_blank\" rel=\"noopener\"> <img decoding=\"async\" src=\"https:\/\/www.europesays.com\/fr\/wp-content\/uploads\/2025\/04\/moi.jpg\" class=\"lazyload photo\" width=\"250\" alt=\"J\u00e9rome Bouchacourt\"\/><\/a><\/p>\n<p>SEO et r\u00e9dacteur en chef chez Sports M\u00e9dia<\/p>\n<p>Petit Suisse originaire de Lausanne, au bord du Lac L\u00e9man, biberonn\u00e9 au Beaujolais depuis ses deux ans, J\u00e9r\u00f4me a migr\u00e9 dans la r\u00e9gion nantaise au d\u00e9but des ann\u00e9es 2000. Fan de football amateur, de ses rencontres, ses terrains bossel\u00e9s, ses buvettes conviviales, il est aussi un bon vivant qui adore la cuisine lyonnaise ! Fondateur de Footamateur.fr en mai 2014.<\/p>\n<p><a href=\"https:\/\/footamateur.ouest-france.fr\/author\/jerome\/\" class=\"url\" title=\"J\u00e9rome Bouchacourt\" target=\"_blank\" rel=\"noopener\"><img decoding=\"async\" src=\"https:\/\/www.europesays.com\/fr\/wp-content\/uploads\/2025\/04\/moi.jpg\" class=\"lazyload photo\" width=\"250\" alt=\"J\u00e9rome Bouchacourt\"\/><\/a>Les derniers articles par J\u00e9rome Bouchacourt (<a href=\"https:\/\/footamateur.ouest-france.fr\/author\/jerome\/\" target=\"_blank\" rel=\"noopener\">tout voir<\/a>)<\/p>\n","protected":false},"excerpt":{"rendered":"Le stade du FC 93 \u00e0 Bobigny. (Photo Philippe Le Brech) L\u2019exclusion des comp\u00e9titions nationales de l\u2019AC Ajaccio&hellip;\n","protected":false},"author":2,"featured_media":317945,"comment_status":"","ping_status":"","sticky":false,"template":"","format":"standard","meta":{"footnotes":""},"categories":[9619],"tags":[5629,1111,11,1777,674,45624,1011,27,12,882,25,2310],"class_list":{"0":"post-317944","1":"post","2":"type-post","3":"status-publish","4":"format-standard","5":"has-post-thumbnail","7":"category-toulon","8":"tag-ac-ajaccio","9":"tag-actu","10":"tag-actualites","11":"tag-eu","12":"tag-europe","13":"tag-fc-93-bobigny-bagnolet-gagny","14":"tag-fr","15":"tag-france","16":"tag-news","17":"tag-provence-alpes-cote-dazur","18":"tag-republique-francaise","19":"tag-toulon"},"share_on_mastodon":{"url":"https:\/\/pubeurope.com\/@fr\/115025620854547886","error":""},"_links":{"self":[{"href":"https:\/\/www.europesays.com\/fr\/wp-json\/wp\/v2\/posts\/317944","targetHints":{"allow":["GET"]}}],"collection":[{"href":"https:\/\/www.europesays.com\/fr\/wp-json\/wp\/v2\/posts"}],"about":[{"href":"https:\/\/www.europesays.com\/fr\/wp-json\/wp\/v2\/types\/post"}],"author":[{"embeddable":true,"href":"https:\/\/www.europesays.com\/fr\/wp-json\/wp\/v2\/users\/2"}],"replies":[{"embeddable":true,"href":"https:\/\/www.europesays.com\/fr\/wp-json\/wp\/v2\/comments?post=317944"}],"version-history":[{"count":0,"href":"https:\/\/www.europesays.com\/fr\/wp-json\/wp\/v2\/posts\/317944\/revisions"}],"wp:featuredmedia":[{"embeddable":true,"href":"https:\/\/www.europesays.com\/fr\/wp-json\/wp\/v2\/media\/317945"}],"wp:attachment":[{"href":"https:\/\/www.europesays.com\/fr\/wp-json\/wp\/v2\/media?parent=317944"}],"wp:term":[{"taxonomy":"category","embeddable":true,"href":"https:\/\/www.europesays.com\/fr\/wp-json\/wp\/v2\/categories?post=317944"},{"taxonomy":"post_tag","embeddable":true,"href":"https:\/\/www.europesays.com\/fr\/wp-json\/wp\/v2\/tags?post=317944"}],"curies":[{"name":"wp","href":"https:\/\/api.w.org\/{rel}","templated":true}]}}