{"id":317950,"date":"2025-08-14T06:09:09","date_gmt":"2025-08-14T06:09:09","guid":{"rendered":"https:\/\/www.europesays.com\/fr\/317950\/"},"modified":"2025-08-14T06:09:09","modified_gmt":"2025-08-14T06:09:09","slug":"ou-profiter-dune-guinguette-en-seine-maritime","status":"publish","type":"post","link":"https:\/\/www.europesays.com\/fr\/317950\/","title":{"rendered":"o\u00f9 profiter d&rsquo;une guinguette en Seine-Maritime\u00a0?"},"content":{"rendered":"<p>            Par<br \/>\n        <strong><br \/>\n            <a href=\"https:\/\/actu.fr\/auteur\/fmass\" title=\"Consulter tous les articles de Fabien Massin\" target=\"_blank\" rel=\"noopener\">Fabien Massin<\/a><br \/>\n        <\/strong><\/p>\n<p>        Publi\u00e9 le<\/p>\n<p>            14 ao\u00fbt 2025 \u00e0 7h20        <\/p>\n<p>Envie de profiter d\u2019une soir\u00e9e musicale, dansante et gourmande en ext\u00e9rieur pendant l\u2019\u00e9t\u00e9 en<a href=\"https:\/\/actu.fr\/normandie\/seine-maritime_76\" target=\"_blank\" rel=\"noopener\"> Seine-Maritime<\/a> ? Pour cela, <strong>direction les guinguettes<\/strong>, ces fameux rendez-vous festifs populaires, amicaux et familiaux qui connaissent un regain d\u2019int\u00e9r\u00eat depuis quelques ann\u00e9es. Voici quelques rendez-vous \u00e0 noter dans vos agendas en cette deuxi\u00e8me partie du mois d\u2019ao\u00fbt, entre Seine et mer.\u00a0<\/p>\n<p>La guinguette de l\u2019\u00e9t\u00e9 de l\u2019Havrais bi\u00e8re<\/p>\n<p class=\" wall-content\">Le taproom face \u00e0 la\u00a0cat\u00e8ne des containers\u00a0a connu un tr\u00e8s\u00a0beau succ\u00e8s en 5\u00a0ans.\u00a0Il \u00e9tait temps de s\u2019agrandir. Depuis\u00a0les <a href=\"https:\/\/actu.fr\/normandie\/le-havre_76351\/les-grandes-voiles-du-havre-c-est-quoi-cette-course-qui-se-cache-derriere-l-evenement_62706253.html\" target=\"_blank\" rel=\"noopener\">Grandes Voiles<\/a>\u00a0du\u00a0Havre\u00a0au d\u00e9but de l\u2019\u00e9t\u00e9 2025,\u00a0l\u2019\u00e9quipe de <a href=\"https:\/\/actu.fr\/normandie\/le-havre_76351\/une-famille-havre-lance-biere-artisanale-lhavrais-biere_29745689.html\" target=\"_blank\" rel=\"noopener\">l\u2019Havrais bi\u00e8re<\/a>\u00a0a ouvert une\u00a0<a href=\"https:\/\/actu.fr\/normandie\/le-havre_76351\/c-est-nouveau-l-havrais-biere-ouvre-une-ginguette-cet-ete-en-attendant-le-veritable-brewpub_62979079.html\" target=\"_blank\" rel=\"noopener\">guinguette estivale au bout du bassin Vauban<\/a>, pr\u00e8s du pont des Docks. Une \u00e9tape provisoire avant un projet plus p\u00e9renne annonc\u00e9 pour la rentr\u00e9e. Les tables et bancs sont install\u00e9s en terrasse du jeudi au dimanche \u00e0 partir de 17h en semaine, et de 16h le weekend. Une transition avant l\u2019installation du v\u00e9ritable Brewpub, au plus pr\u00e8s des nouvelles cuves de 2000 litres.<\/p>\n<p>La guinguette d\u2019Aboun dans le parc de Rouelles au Havre<\/p>\n<p class=\" wall-content\">C\u2019est en 2022 que l\u2019histoire de La Guinguette d\u2019Aboun a d\u00e9but\u00e9. Une initiative de <strong>Charlotte L\u00e9chalier, Leero\u00ef Serresse et Fran\u00e7ois Rousselet<\/strong>, qui s\u2019est av\u00e9r\u00e9e \u00eatre un v\u00e9ritable succ\u00e8s pour ces trois amis de longue date. Au menu : des plats savoureux, des cocktails ensoleill\u00e9s, des concerts endiabl\u00e9s et une ambiance toujours aussi festive.\u00a0Pendant l\u2019\u00e9t\u00e9 c\u2019est ouvert tous les jours de 11h \u00e0 22h.\u00a0<\/p>\n<p>Tubes d\u2019hier et d\u2019aujourd\u2019hui au parc des Aulnes \u00e0 Lillebonne<\/p>\n<p class=\" wall-content\">La guinguette de l\u2019\u00e9t\u00e9 de <a href=\"https:\/\/actu.fr\/normandie\/lillebonne_76384\" target=\"_blank\" rel=\"noopener\">Lillebonne<\/a> est pr\u00e9vue cette ann\u00e9e samedi 23 ao\u00fbt, \u00e0 partir de 18h au parc des Aulnes, pr\u00e8s des jeux. Ambiance champ\u00eatre, guirlandes lumineuses, grande table et le <strong>groupe Dancing Project<\/strong> en concert (classiques et incontournables des musiques pop, soul, rock et funk). C\u00f4t\u00e9 restauration, vous pouvez apporter votre pique-nique ou go\u00fbter la <strong>cuisine v\u00e9n\u00e9zu\u00e9lienne d\u2019El Cheverito<\/strong> ou les burgers fait-maison de la Re-Visite. Le bistrot Le Martin\u2019s, lui, tiendra un bar \u00e0 bi\u00e8res.<\/p>\n<p>Accord\u00e9on et produits locaux entre Seine et Caux<\/p>\n<p class=\" wall-content\">L\u2019office Caux Seine Normandie Tourisme propose quatre guinguettes au cours de l\u2019\u00e9t\u00e9, dans des lieux diff\u00e9rents. Il reste deux dates : jeudi 14 ao\u00fbt \u00e0 <a href=\"https:\/\/actu.fr\/normandie\/rives-en-seine_76164\" target=\"_blank\" rel=\"noopener\">Rives-en-Seine<\/a>, en bord de Seine, et jeudi 28 ao\u00fbt \u00e0 <a href=\"https:\/\/actu.fr\/normandie\/terres-de-caux_76258\" target=\"_blank\" rel=\"noopener\">Terres-de-Caux<\/a>, rue du Bout-Joyeux \u00e0 Bermonville. Lors de ces deux dates, c\u2019est l\u2019orchestre de<strong> l\u2019accord\u00e9oniste J\u00e9r\u00f4me Ortet<\/strong> qui assurera la partie musicale. Top d\u00e9part \u00e0 partir de 18h30.<\/p>\n<p class=\" wall-content\"><strong>Caux Seine Normandie Tourisme<\/strong> pr\u00e9sente le concept : \u00ab\u00a0Prenez une place de village (pas trop grand, le village) ou \u00e0 d\u00e9faut, un terrain priv\u00e9 pouvant accueillir de grandes tabl\u00e9es, des bancs et des chaises. Tout autour, des producteurs locaux. Mais vraiment locaux, avec leurs fromages, leurs pains, leurs bi\u00e8res, leurs saucisses, merguez, l\u00e9gumes et surtout, leur savoir-faire. <strong>Ajoutez un orchestre dop\u00e9 \u00e0 la bonne humeur<\/strong>, secouez le tout et voil\u00e0, vous y \u00eates\u2026\u00a0\u00bb\u00a0<\/p>\n<p>Musique, food-trucks et march\u00e9 au ch\u00e2teau du Taillis<\/p>\n<p class=\" wall-content\">Elles n\u2019ont pas le nom de guinguette mais l\u2019\u00e9t\u00e9, les soir\u00e9es du vendredi au ch\u00e2teau du Taillis \u00e0 Duclair (<a href=\"https:\/\/actu.fr\/normandie\/duclair_76222\/fleuve-chateau-nature-decouvrez-cette-charmante-ville-nichee-dans-une-boucle-de-la-seine-pres-de-rouen_62987632.html\" target=\"_blank\" rel=\"noopener\">cette charmante commune \u00e0 20 kilom\u00e8tres de Rouen<\/a>), c\u2019est concerts, march\u00e9s et food-trucks dans le parc. Vendredi 15 ao\u00fbt 2025, le groupe<strong> Ipanema (jazz soul bossa nova)<\/strong> est au programme (\u00e0 partir de 18 heures, entr\u00e9e 5 euros, gratuit pour les moins de 18 ans et les \u00e9tudiants).<\/p>\n<p>La guinguette du moulin en pays dieppois<\/p>\n<p class=\" wall-content\">Voil\u00e0 un endroit bien sympathique<strong>, situ\u00e9 en bord de Scie \u00e0 Hautot-sur-Mer<\/strong>, pr\u00e9cis\u00e9ment au moulin Fleuri \u2014 dont les origines remontent au XVe si\u00e8cle \u2014 dans le hameau du Petit-Appeville, non loin de Dieppe. Le lieu<a href=\"https:\/\/actu.fr\/normandie\/hautot-sur-mer_76349\/une-guinguette-ouvre-ses-portes-pres-de-dieppe_59850455.html\" target=\"_blank\" rel=\"noopener\"> a ouvert il y a deux ans<\/a>, il est ouvert du mardi au dimanche. Le midi de 11h \u00e0 15h c\u2019est cuisine bistrot et le soir de 17h \u00e0 22h c\u2019est guinguette avec des concerts r\u00e9guliers<strong> (jazz, bossa-nova, rockabilly\u2026).<\/strong><\/p>\n<p class=\" wall-content\"><a href=\"https:\/\/www.instagram.com\/reel\/C_WQB8Bu6CF\/embed\" title=\"Ouvrir le lien sur Instagram\" target=\"_blank\" rel=\"noopener\">Visualiser le contenu sur Instagram<\/a><\/p>\n<p>Bal musette en bord de mer au Tr\u00e9port<\/p>\n<p class=\" wall-content\">Pendant tout l\u2019\u00e9t\u00e9, tous les mardis et jeudis, des accord\u00e9onistes se produisent sur le forum de la plage du <a href=\"https:\/\/actu.fr\/normandie\/le-treport_76711\" target=\"_blank\" rel=\"noopener\">Tr\u00e9port<\/a> de 16h \u00e0 18h30. Voici les prochains musiciens attendus : jeudi 14 ao\u00fbt <strong>(Marc P\u00e9gard)<\/strong>, mardi 19 ao\u00fbt <strong>(Christophe Legoix)<\/strong>, jeudi 21 ao\u00fbt<strong> (Caroline et Fr\u00e9d\u00e9ric Laurent)<\/strong>, mardi 26 ao\u00fbt <strong>(Guillaume Pruvost et Guillaume Villain, de 14h30 \u00e0 19h)<\/strong>.\u00a0 C\u2019est gratuit.<\/p>\n<p>Guinguette des commer\u00e7ants \u00e0 Yvetot<\/p>\n<p class=\" wall-content\">Allez, en septembre, c\u2019est encore l\u2019\u00e9t\u00e9, voici donc une derni\u00e8re date. Pr\u00e9vue initialement en juin mais annul\u00e9e pour cause de <a href=\"https:\/\/actu.fr\/meteo\/meteo-orages-et-vents-violents-en-seine-maritime-les-ponts-interdits-aux-deux-roues_62769509.html\" target=\"_blank\" rel=\"noopener\">m\u00e9t\u00e9o orageuse<\/a>, la guinguette des commer\u00e7ants d\u2019<a href=\"https:\/\/actu.fr\/normandie\/yvetot_76758\" target=\"_blank\" rel=\"noopener\">Yvetot<\/a> animera la capitale du pays de Caux, place des Belges, vendredi 12 septembre de 18h30 \u00e0 23h. \u00a0Au programme : buvette et restauration, musique et march\u00e9 artisanal. C\u00f4t\u00e9 musique, il y aura <strong>Pitch &amp; Lemon (trio sp\u00e9cialis\u00e9 ann\u00e9es 80)<\/strong> et <strong>l\u2019accord\u00e9oniste Jimmy Friant<\/strong>.\u00a0<\/p>\n<p>Vous souhaitez annoncer un \u00e9v\u00e9nement festif ou associatif, une initiative locale ? Rendez-vous sur notre plateforme <a href=\"https:\/\/www.infolocale.fr\/decouvrir\/actu\/\" target=\"_blank\" rel=\"noopener\">Infolocale<\/a>.<\/p>\n<p class=\" wall-content\">Suivez toute l\u2019actualit\u00e9 de vos villes et m\u00e9dias favoris en vous inscrivant \u00e0 <a href=\"https:\/\/moncompte.actu.fr\" title=\"D\u00e9couvez Mon Actu\" rel=\"nofollow noopener\" data-trk=\"{&quot;cta&quot;:{&quot;action&quot;:&quot;https:\\\/\\\/moncompte.actu.fr&quot;,&quot;category&quot;:&quot;mon compte&quot;,&quot;from&quot;:&quot;article footer&quot;,&quot;name&quot;:&quot;Mon actu&quot;,&quot;type&quot;:&quot;cta&quot;}}\" target=\"_blank\">Mon Actu<\/a>.<\/p>\n<p>                    <script async src=\"\/\/www.instagram.com\/embed.js\"><\/script><\/p>\n","protected":false},"excerpt":{"rendered":"Par Fabien Massin Publi\u00e9 le 14 ao\u00fbt 2025 \u00e0 7h20 Envie de profiter d\u2019une soir\u00e9e musicale, dansante et&hellip;\n","protected":false},"author":2,"featured_media":317951,"comment_status":"","ping_status":"","sticky":false,"template":"","format":"standard","meta":{"footnotes":""},"categories":[9587],"tags":[1111,11,1697,1777,674,1011,27,5691,5353,1652,12,5161,25,9590],"class_list":{"0":"post-317950","1":"post","2":"type-post","3":"status-publish","4":"format-standard","5":"has-post-thumbnail","7":"category-rouen","8":"tag-actu","9":"tag-actualites","10":"tag-concert","11":"tag-eu","12":"tag-europe","13":"tag-fr","14":"tag-france","15":"tag-guinguette","16":"tag-la-seine","17":"tag-loisirs-culture","18":"tag-news","19":"tag-normandie","20":"tag-republique-francaise","21":"tag-rouen"},"share_on_mastodon":{"url":"https:\/\/pubeurope.com\/@fr\/115025632601303174","error":""},"_links":{"self":[{"href":"https:\/\/www.europesays.com\/fr\/wp-json\/wp\/v2\/posts\/317950","targetHints":{"allow":["GET"]}}],"collection":[{"href":"https:\/\/www.europesays.com\/fr\/wp-json\/wp\/v2\/posts"}],"about":[{"href":"https:\/\/www.europesays.com\/fr\/wp-json\/wp\/v2\/types\/post"}],"author":[{"embeddable":true,"href":"https:\/\/www.europesays.com\/fr\/wp-json\/wp\/v2\/users\/2"}],"replies":[{"embeddable":true,"href":"https:\/\/www.europesays.com\/fr\/wp-json\/wp\/v2\/comments?post=317950"}],"version-history":[{"count":0,"href":"https:\/\/www.europesays.com\/fr\/wp-json\/wp\/v2\/posts\/317950\/revisions"}],"wp:featuredmedia":[{"embeddable":true,"href":"https:\/\/www.europesays.com\/fr\/wp-json\/wp\/v2\/media\/317951"}],"wp:attachment":[{"href":"https:\/\/www.europesays.com\/fr\/wp-json\/wp\/v2\/media?parent=317950"}],"wp:term":[{"taxonomy":"category","embeddable":true,"href":"https:\/\/www.europesays.com\/fr\/wp-json\/wp\/v2\/categories?post=317950"},{"taxonomy":"post_tag","embeddable":true,"href":"https:\/\/www.europesays.com\/fr\/wp-json\/wp\/v2\/tags?post=317950"}],"curies":[{"name":"wp","href":"https:\/\/api.w.org\/{rel}","templated":true}]}}