{"id":317952,"date":"2025-08-14T06:10:25","date_gmt":"2025-08-14T06:10:25","guid":{"rendered":"https:\/\/www.europesays.com\/fr\/317952\/"},"modified":"2025-08-14T06:10:25","modified_gmt":"2025-08-14T06:10:25","slug":"deux-offres-de-rachat-refusees-par-le-president","status":"publish","type":"post","link":"https:\/\/www.europesays.com\/fr\/317952\/","title":{"rendered":"deux offres de rachat refus\u00e9es par le pr\u00e9sident"},"content":{"rendered":"<p>Zapping Foot National Coupe de France : Calais, Quevilly, El-Biar, &#8230; les plus grands exploits de la comp\u00e9tition<\/p>\n<p>Une situation d\u00e9sormais un peu mois d\u00e9licate. D\u00e9barqu\u00e9 en juin 2024, Tarkan Ser a permis au FC Rouen de se remettre dans le bon sens. Selon les informations de nos confr\u00e8res de\u00a0<a href=\"https:\/\/www.paris-normandie.fr\/id635241\/article\/2025-06-02\/football-national-mardi-3-juin-2025-cest-jour-de-dncg-pour-le-fc-rouen\" rel=\"nofollow noopener\" target=\"_blank\">Paris-Normandie<\/a> et d\u2019Ici Normandie (ex-France Bleu), le propri\u00e9taire du pensionnaire de National aurait re\u00e7u deux offres de reprise ces derni\u00e8res semaines. Un groupe d&rsquo;investisseurs rouennais impliqu\u00e9 dans le football a tent\u00e9 sa chance une premi\u00e8re fois en mai dernier en offrant 2,5 millions d\u2019euros, avant d\u2019augmenter la somme \u00e0 4M\u20ac.\u00a0<\/p>\n<p><a href=\"https:\/\/www.foot-national.com\/actus\/national-ajaccio-exclu-des-championnats-et-maintenant-921711\" rel=\"nofollow noopener\" target=\"_blank\">National : Ajaccio exclu des championnats, et maintenant ?<\/a><\/p>\n<p><a href=\"https:\/\/www.foot-national.com\/actus\/national-un-nouveau-diffuseur-entre-en-jeu-pour-quatre-clubs-920914\" data-cke-saved-href=\"https:\/\/www.foot-national.com\/actus\/national-un-nouveau-diffuseur-entre-en-jeu-pour-quatre-clubs-920914\" data-cke-saved- rel=\"nofollow noopener\" target=\"_blank\">National : un nouveau diffuseur entre en jeu<\/a><\/p>\n<p>Le double attendu \u00e0 minima<\/p>\n<p>Pour autant, le pr\u00e9sident turc des Diables Rouges ne s\u2019est pas laiss\u00e9 avoir par ces montants. Ce dernier en attendrait effectivement le double, soit huit millions d\u2019euros, en cas de vente. Le groupe d\u2019investisseurs rouennais ne devrait pas surench\u00e9rir cette fois-ci. Reste d\u00e9sormais \u00e0 suivre les r\u00e9sultats sportifs du club fond\u00e9 en 1899, qui dicteront les d\u00e9cisions de l\u2019homme d\u2019affaires. \u00a0<\/p>\n<p>Partagez cette info avec vos amis et vos proches en cliquant ici<br \/>Pour r\u00e9sumer<\/p>\n<p>Une situation d\u00e9sormais un peu mois d\u00e9licate. D\u00e9barqu\u00e9 en juin 2024, Tarkan Ser a permis au FC Rouen de se remettre dans le bon sens. Selon les informations de nos confr\u00e8res de\u00a0Paris-Normandie et d\u2019Ici Normandie (ex-France Bleu), le propri\u00e9taire du pensionnaire de National aurait re\u00e7u deux offres de reprise ces derni\u00e8res semaines.<\/p>\n<p> <img decoding=\"async\" width=\"76\" height=\"76\" loading=\"lazy\" src=\"https:\/\/static.wui.fr\/images_v3\/avatar-footnational.png\" alt=\"Youcef Ghalaza-Boudra\"\/><\/p>\n","protected":false},"excerpt":{"rendered":"Zapping Foot National Coupe de France : Calais, Quevilly, El-Biar, &#8230; les plus grands exploits de la comp\u00e9tition&hellip;\n","protected":false},"author":2,"featured_media":317953,"comment_status":"","ping_status":"","sticky":false,"template":"","format":"standard","meta":{"footnotes":""},"categories":[9587],"tags":[1111,11,1777,674,1011,27,12,5161,25,9590],"class_list":{"0":"post-317952","1":"post","2":"type-post","3":"status-publish","4":"format-standard","5":"has-post-thumbnail","7":"category-rouen","8":"tag-actu","9":"tag-actualites","10":"tag-eu","11":"tag-europe","12":"tag-fr","13":"tag-france","14":"tag-news","15":"tag-normandie","16":"tag-republique-francaise","17":"tag-rouen"},"share_on_mastodon":{"url":"https:\/\/pubeurope.com\/@fr\/115025636435650061","error":""},"_links":{"self":[{"href":"https:\/\/www.europesays.com\/fr\/wp-json\/wp\/v2\/posts\/317952","targetHints":{"allow":["GET"]}}],"collection":[{"href":"https:\/\/www.europesays.com\/fr\/wp-json\/wp\/v2\/posts"}],"about":[{"href":"https:\/\/www.europesays.com\/fr\/wp-json\/wp\/v2\/types\/post"}],"author":[{"embeddable":true,"href":"https:\/\/www.europesays.com\/fr\/wp-json\/wp\/v2\/users\/2"}],"replies":[{"embeddable":true,"href":"https:\/\/www.europesays.com\/fr\/wp-json\/wp\/v2\/comments?post=317952"}],"version-history":[{"count":0,"href":"https:\/\/www.europesays.com\/fr\/wp-json\/wp\/v2\/posts\/317952\/revisions"}],"wp:featuredmedia":[{"embeddable":true,"href":"https:\/\/www.europesays.com\/fr\/wp-json\/wp\/v2\/media\/317953"}],"wp:attachment":[{"href":"https:\/\/www.europesays.com\/fr\/wp-json\/wp\/v2\/media?parent=317952"}],"wp:term":[{"taxonomy":"category","embeddable":true,"href":"https:\/\/www.europesays.com\/fr\/wp-json\/wp\/v2\/categories?post=317952"},{"taxonomy":"post_tag","embeddable":true,"href":"https:\/\/www.europesays.com\/fr\/wp-json\/wp\/v2\/tags?post=317952"}],"curies":[{"name":"wp","href":"https:\/\/api.w.org\/{rel}","templated":true}]}}