{"id":317954,"date":"2025-08-14T06:12:26","date_gmt":"2025-08-14T06:12:26","guid":{"rendered":"https:\/\/www.europesays.com\/fr\/317954\/"},"modified":"2025-08-14T06:12:26","modified_gmt":"2025-08-14T06:12:26","slug":"vente-delectromenager-reconditionne-envie-et-emmaus-grenoble-sassocient","status":"publish","type":"post","link":"https:\/\/www.europesays.com\/fr\/317954\/","title":{"rendered":"Vente d&rsquo;\u00e9lectrom\u00e9nager reconditionn\u00e9 : Envie et Emma\u00fcs Grenoble s&rsquo;associent"},"content":{"rendered":"<p>Un peu plus d&rsquo;un an apr\u00e8s l&rsquo;ouverture de <a href=\"https:\/\/mesinfos.fr\/38400-saint-martin-dheres\/envie-ouvre-un-magasin-d-electromenager-reconditionne-a-saint-martin-d-heres-203233.html\" rel=\"noopener nofollow\" target=\"_blank\">son magasin<\/a> \u00e0 Saint-Martin-d&rsquo;H\u00e8res (entre 30 000 et 50 000 euros de chiffre d&rsquo;affaires par mois), <strong>Envie Grenoble <\/strong>s&rsquo;associe avec <strong>Emma\u00fcs Grenoble. <\/strong>L&rsquo;objectif : proposer deux nouvelles adresses d\u00e9di\u00e9es \u00e0 la <strong>vente de mat\u00e9riels \u00e9lectrom\u00e9nagers reconditionn\u00e9s<\/strong> dans son atelier au P\u00f4le R, notamment des lave-vaisselle et lave-linge propos\u00e9s \u00e0 des tarifs qui oscillent entre 15 et 50% du prix initial (avec une garantie de deux ans). <\/p>\n<p>Emma\u00fcs Grenoble propose \u00e0 la vente des appareils \u00e9lectrom\u00e9nagers reconditionn\u00e9s par Envie \u00e0 Sassenage et au Versoud <\/p>\n<p>Depuis le mercredi 13 ao\u00fbt 2025, deux nouveaux <strong>espaces de vente<\/strong> sont ainsi ouverts au public, au sein des locaux actuels d&rsquo;Emma\u00fcs \u00e0 <strong>Sassenage <\/strong>et au <strong>Versoud<\/strong>. <\/p>\n<p>\u00ab\u00a0C&rsquo;est un partenariat gagnant-gagnant\u00a0\u00bb, commente <a href=\"https:\/\/mesinfos.fr\/38350-la-mure\/affaire-abbe-pierre-fermeture-a-la-mure-emmaus-grenoble-resilient-malgre-la-tourmente-207399.html\" rel=\"noopener nofollow\" target=\"_blank\">Jean-Pierre Polidori<\/a>, directeur d&rsquo;Emma\u00fcs Grenoble qui g\u00e8re les sites de Sassenage, du Versoud, les boutiques grenobloises (rue Saint-Jacques et avenue Alsace-Lorraine) ainsi que l&rsquo;atelier chantier d&rsquo;insertion Lucie Coutaz sp\u00e9cialis\u00e9 dans le centre de tri des v\u00eatements \u00e0 \u00c9chirolles. Soit 75 compagnons accueillis, trois enfants, et 17 salari\u00e9s permanents. <\/p>\n<blockquote>\n<p>\u00ab\u00a0Pour Envie cela leur ouvre de nouvelles portes pour g\u00e9n\u00e9rer du chiffre d&rsquo;affaires, poursuit Jean-Pierre Polidori. Pour nous, cela permet d&rsquo;avoir un produit d&rsquo;appel, ce sont des articles tr\u00e8s demand\u00e9s et nous avons une offre restreinte aujourd&rsquo;hui.\u00a0\u00bb <\/p>\n<\/blockquote>\n<p>Emma\u00fcs Grenoble &#8211; qui c\u00e9l\u00e8bre ses 30 ans d&rsquo;existence &#8211; dispose de son propre atelier de r\u00e9paration d&rsquo;appareils \u00e9lectrom\u00e9nagers g\u00e9r\u00e9 par deux compagnons, \u00ab\u00a0mais le n\u00f4tre est moins \u00ab\u00a0professionnel\u00a0\u00bb que celui d&rsquo;Envie. On ne r\u00e9pare que les pannes m\u00e9caniques, pas les pannes \u00e9lectroniques\u00a0\u00bb. Ce partenariat va \u00e9galement permettre \u00e0 Emma\u00fcs de plus facilement r\u00e9pondre aux <strong>demandes de solidarit\u00e9 <\/strong>exprim\u00e9es par les <strong>assistants sociaux<\/strong>.<\/p>\n<p> Un partenariat qui s&rsquo;inscrit dans une d\u00e9marche d&rsquo;innovation face \u00e0 la concurrence des grandes surfaces <img decoding=\"async\" alt=\"\" class=\"img-align-center img-size-limited\" data-zoomable=\"\" height=\"1501\" loading=\"lazy\" src=\"https:\/\/www.europesays.com\/fr\/wp-content\/uploads\/2025\/08\/img-20250813-103136.jpg\" title=\"Emmaus Sassenage\" width=\"2000\"\/> \u00a9 Thomas Richardson &#8211; Emma\u00fcs Grenoble traite 1 800 tonnes d&rsquo;articles par an, avec un taux de r\u00e9emploi\/recyclage de plus de 90%. <\/p>\n<p>Aucune convention formelle n&rsquo;a \u00e9t\u00e9 sign\u00e9e entre les deux entit\u00e9s. \u00ab\u00a0On est sur un gentlemen&rsquo;s agreement et cela nous va bien, se f\u00e9licite Jean-Pierre Polidori. Pour Emma\u00fcs comme pour Envie, la finalit\u00e9 est la m\u00eame : accueillir des personnes, les former, les ins\u00e9rer professionnellement et lutter contre la surconsommation.\u00a0\u00bb <\/p>\n<p>Du c\u00f4t\u00e9 d&rsquo;Envie Grenoble &#8211; qui emploie une quarantaine de personnes dont une trentaine en insertion &#8211; ce partenariat \u00e9galement existant depuis cette ann\u00e9e \u00e0 Saint-\u00c9tienne, s&rsquo;inscrit dans une <strong>d\u00e9marche d&rsquo;innovation<\/strong> dans un contexte difficile de <a href=\"https:\/\/mesinfos.fr\/42000-saint-etienne\/le-site-denvie-rhone-alpes-a-saint-etienne-menace-de-fermeture-225310.html\" rel=\"noopener nofollow\" target=\"_blank\">redressement judiciaire d&rsquo;Envie Rh\u00f4ne-Alpes<\/a> et de forte <strong>concurrence <\/strong>avec les <strong>entreprises priv\u00e9es<\/strong>, dont les <strong>grandes surfaces<\/strong>, sur le march\u00e9 des produits reconditionn\u00e9s. <\/p>\n<blockquote>\n<p>\u00ab\u00a0Avec Emma\u00fcs, on a la m\u00eame id\u00e9ologie, le m\u00eame but, sur le c\u00f4t\u00e9 social et environnemental, commente <strong>Amine Maiza<\/strong>, responsable des ventes \u00e0 Envie Grenoble.\u00a0Il y a plein d&rsquo;id\u00e9es en cours, cela pourrait aller au-del\u00e0 de la vente d&rsquo;\u00e9lectrom\u00e9nager reconditionn\u00e9.\u00a0\u00bb <\/p>\n<\/blockquote>\n<p>Emma\u00fcs Grenoble assure le <strong>service de vente et de logistique<\/strong> pour le compte d&rsquo;Envie. \u00ab\u00a0Un compagnon d&rsquo;Emma\u00fcs Sassenage a pass\u00e9 une journ\u00e9e en immersion dans notre magasin pour se former, explique Amine Maiza. Nous allons faire la m\u00eame chose au Versoud. D&rsquo;une mani\u00e8re g\u00e9n\u00e9rale, on enseigne \u00e0 nos vendeurs d&rsquo;aider les gens \u00e0 acheter le produit dont ils ont r\u00e9ellement besoin. Le but est que dans leur vie professionnelle, ils puissent avoir une \u00e9thique de la vente respectueuse du client et de l&rsquo;environnement.\u00a0\u00bb <\/p>\n<p><strong>Pratique<\/strong> <\/p>\n<ul>\n<li>Emma\u00fcs Sassenage, 33, avenue de Valence \u00e0 Sassenage. Emma\u00fcs Le Versoud, 304, rue Henri-Guraud. Horaires d&rsquo;ouverture : mardi de 13h30 \u00e0 17h30, mercredi de 10h \u00e0 12h et de 13h30 \u00e0 17h30, jeudi de 13h30 \u00e0 17h30, vendredi de 13h30 \u00e0 17h30 et samedi de 10h \u00e0 12h et de 13h30 \u00e0 17h30. Renseignements : <a href=\"https:\/\/emmaus-grenoble.org\/\" rel=\"noopener nofollow\" target=\"_blank\">ici<\/a>. <\/li>\n<li>Envie Grenoble : 41 avenue de la Mogne, Saint-Martin-d&rsquo;H\u00e8res. Ouvert du mardi au vendredi de 10h30 \u00e0 18h30 et le samedi de 10h \u00e0 18h. Renseignements : <a href=\"https:\/\/grenoble.envie.org\/\" rel=\"noopener nofollow\" target=\"_blank\">ici<\/a>.<\/li>\n<\/ul>\n","protected":false},"excerpt":{"rendered":"Un peu plus d&rsquo;un an apr\u00e8s l&rsquo;ouverture de son magasin \u00e0 Saint-Martin-d&rsquo;H\u00e8res (entre 30 000 et 50 000&hellip;\n","protected":false},"author":2,"featured_media":317955,"comment_status":"","ping_status":"","sticky":false,"template":"","format":"standard","meta":{"footnotes":""},"categories":[9566],"tags":[1111,11,2430,37652,34500,1777,674,1011,27,2731,12,25,45625],"class_list":{"0":"post-317954","1":"post","2":"type-post","3":"status-publish","4":"format-standard","5":"has-post-thumbnail","7":"category-grenoble","8":"tag-actu","9":"tag-actualites","10":"tag-auvergne-rhone-alpes","11":"tag-emmaus","12":"tag-envie-rhu00f4ne-alpes","13":"tag-eu","14":"tag-europe","15":"tag-fr","16":"tag-france","17":"tag-grenoble","18":"tag-news","19":"tag-republique-francaise","20":"tag-u00c9lectromu00e9nager"},"share_on_mastodon":{"url":"https:\/\/pubeurope.com\/@fr\/115025644334022944","error":""},"_links":{"self":[{"href":"https:\/\/www.europesays.com\/fr\/wp-json\/wp\/v2\/posts\/317954","targetHints":{"allow":["GET"]}}],"collection":[{"href":"https:\/\/www.europesays.com\/fr\/wp-json\/wp\/v2\/posts"}],"about":[{"href":"https:\/\/www.europesays.com\/fr\/wp-json\/wp\/v2\/types\/post"}],"author":[{"embeddable":true,"href":"https:\/\/www.europesays.com\/fr\/wp-json\/wp\/v2\/users\/2"}],"replies":[{"embeddable":true,"href":"https:\/\/www.europesays.com\/fr\/wp-json\/wp\/v2\/comments?post=317954"}],"version-history":[{"count":0,"href":"https:\/\/www.europesays.com\/fr\/wp-json\/wp\/v2\/posts\/317954\/revisions"}],"wp:featuredmedia":[{"embeddable":true,"href":"https:\/\/www.europesays.com\/fr\/wp-json\/wp\/v2\/media\/317955"}],"wp:attachment":[{"href":"https:\/\/www.europesays.com\/fr\/wp-json\/wp\/v2\/media?parent=317954"}],"wp:term":[{"taxonomy":"category","embeddable":true,"href":"https:\/\/www.europesays.com\/fr\/wp-json\/wp\/v2\/categories?post=317954"},{"taxonomy":"post_tag","embeddable":true,"href":"https:\/\/www.europesays.com\/fr\/wp-json\/wp\/v2\/tags?post=317954"}],"curies":[{"name":"wp","href":"https:\/\/api.w.org\/{rel}","templated":true}]}}