{"id":317956,"date":"2025-08-14T06:14:24","date_gmt":"2025-08-14T06:14:24","guid":{"rendered":"https:\/\/www.europesays.com\/fr\/317956\/"},"modified":"2025-08-14T06:14:24","modified_gmt":"2025-08-14T06:14:24","slug":"lms-en-reconstruction-cesson-rennes-veut-regouter-au-succes-6-16","status":"publish","type":"post","link":"https:\/\/www.europesays.com\/fr\/317956\/","title":{"rendered":"LMS | En reconstruction, Cesson-Rennes veut rego\u00fbter au succ\u00e8s (6\/16)"},"content":{"rendered":"<p>                <img loading=\"lazy\" decoding=\"async\" class=\"size-large wp-image-323295\" src=\"https:\/\/www.europesays.com\/fr\/wp-content\/uploads\/2025\/08\/\u00a9AurelieNotar-6584-1024x683.jpg\" alt=\"\" width=\"1024\" height=\"683\"\/>Math\u00e9o BRIFFE \u2013 CESSON-RENNES \u2013 Cr\u00e9dit photo : Aur\u00e9lie Notar<\/p>\n<p style=\"text-align: justify;\" data-start=\"64\" data-end=\"330\"><strong>Apr\u00e8s une saison en demi-teinte et un maintien acquis de justesse, Cesson-Rennes entend bien retrouver rapidement la premi\u00e8re partie du classement. Pour y parvenir, le club breton a mis\u00e9 sur un recrutement ambitieux et un effectif presque remodel\u00e9.<\/strong><\/p>\n<p style=\"text-align: justify;\" data-start=\"332\" data-end=\"548\">La saison pass\u00e9e, la Bretagne a bien failli perdre son repr\u00e9sentant en premi\u00e8re division. <a href=\"https:\/\/handnews.fr\/2025\/lms-cesson-rennes-un-changement-dorganisation-pour-relancer-la-machine\/\" target=\"_blank\" rel=\"noopener\">Mais gr\u00e2ce \u00e0 une r\u00e9organisation du staff en fin d\u2019exercice, l\u2019\u00e9quipe est parvenue \u00e0 sauver sa place dans l\u2019\u00e9lite.<\/a><\/p>\n<p style=\"text-align: justify;\" data-start=\"550\" data-end=\"1075\">Pour cette nouvelle campagne, les ambitions sont revues \u00e0 la hausse. <a href=\"https:\/\/handnews.fr\/2025\/lms-cesson-rennes-un-changement-dorganisation-pour-relancer-la-machine\/\" target=\"_blank\" rel=\"noopener\"><strong data-start=\"619\" data-end=\"640\">S\u00e9bastien Leriche<\/strong>, de retour aux commandes en tant qu\u2019entra\u00eeneur principal,<\/a> a vu dix joueurs quitter le navire, dont trois ont raccroch\u00e9 d\u00e9finitivement <a href=\"https:\/\/handnews.fr\/transferts\/masculins\/\" target=\"_blank\" rel=\"noopener\">(voir notre espace transferts).<\/a> Pour combler ces d\u00e9parts, notamment ceux de cadres importants, huit recrues ont rejoint la formation bretonne. Parmi elles, un nouveau capitaine : <strong data-start=\"954\" data-end=\"969\">Mate Sunjic<\/strong>, qui partagera le brassard avec <strong data-start=\"1002\" data-end=\"1022\">Th\u00e9ophile Causs\u00e9<\/strong>, comme l\u2019a indiqu\u00e9 le coach dans Ouest-France.<\/p>\n<p style=\"text-align: justify;\" data-start=\"1077\" data-end=\"1376\">Avec un effectif largement renouvel\u00e9, difficile d\u2019esquisser un sept-type. Les premi\u00e8res compositions devraient \u00e9voluer au gr\u00e9 des matchs et de l\u2019\u00e9tat de forme des joueurs. <strong data-start=\"1249\" data-end=\"1266\">Math\u00e9o Briffe<\/strong>, touch\u00e9 aux tibias, manquera le d\u00e9but de saison mais devrait retrouver les parquets dans quelques semaines.<\/p>\n<p>Une \u00e9quipe en reconstruction<\/p>\n<p style=\"text-align: justify;\" data-start=\"1414\" data-end=\"1962\">Dans les buts, le capitaine <strong data-start=\"1442\" data-end=\"1457\">Mate Sunjic<\/strong> s\u2019annonce comme le num\u00e9ro un. Sur les ailes, <strong data-start=\"1503\" data-end=\"1522\">Xavier Labigang<\/strong> et <strong data-start=\"1526\" data-end=\"1546\">Th\u00e9ophile Causs\u00e9<\/strong> assureront la continuit\u00e9 du jeu cessonais. En attendant le retour de <strong data-start=\"1616\" data-end=\"1626\">Briffe<\/strong>, le nouveau venu <strong data-start=\"1644\" data-end=\"1659\">Asher Nieto<\/strong> aura l\u2019occasion de se montrer. Arriv\u00e9 de <strong data-start=\"1701\" data-end=\"1712\">Benfica<\/strong>, <strong data-start=\"1714\" data-end=\"1729\">Egon Hanusz<\/strong> pourrait s\u2019imposer d\u00e8s les premiers matchs, tout comme le <strong data-start=\"1788\" data-end=\"1819\">Br\u00e9silien Gustavo Rodrigues<\/strong>, malgr\u00e9 la belle fin de saison de <strong data-start=\"1854\" data-end=\"1871\">Mathieu Salou<\/strong>. Revenu au club, le <strong data-start=\"1892\" data-end=\"1912\">Belge Simon Ooms<\/strong> devrait \u00e9galement \u00eatre r\u00e9guli\u00e8rement sollicit\u00e9.<\/p>\n<p><img loading=\"lazy\" decoding=\"async\" class=\"size-full wp-image-321168\" src=\"https:\/\/www.europesays.com\/fr\/wp-content\/uploads\/2025\/08\/J22_Chambery-PAUC@teamchambe_LaurentTheophile-15.jpg\" alt=\"\" width=\"1000\" height=\"667\"\/>Gustavo Rodrigues (Chambery Savoie Mont-Blanc Handball)<br \/>\nLe joueur \u00e0 suivre<\/p>\n<p style=\"text-align: justify;\" data-start=\"1990\" data-end=\"2357\">\u00c0 <strong data-start=\"1992\" data-end=\"2002\">Cesson<\/strong>, l&rsquo;international br\u00e9silien <strong data-start=\"2030\" data-end=\"2051\">Gustavo Rodrigues<\/strong> pourrait bien jouer les h\u00e9ros cette saison. Son d\u00e9part de <strong data-start=\"2110\" data-end=\"2122\">Chamb\u00e9ry<\/strong> pour la <strong data-start=\"2131\" data-end=\"2143\">Bretagne<\/strong> a surpris, et il a toutes les cartes en main pour prouver ce choix. M\u00eame si plus que jamais, le club a besoin d\u2019un nouveau souffle collectif pour relancer une machine qui, l\u2019an dernier, a bien failli caler.<\/p>\n","protected":false},"excerpt":{"rendered":"Math\u00e9o BRIFFE \u2013 CESSON-RENNES \u2013 Cr\u00e9dit photo : Aur\u00e9lie Notar Apr\u00e8s une saison en demi-teinte et un maintien&hellip;\n","protected":false},"author":2,"featured_media":317957,"comment_status":"","ping_status":"","sticky":false,"template":"","format":"standard","meta":{"footnotes":""},"categories":[2821],"tags":[1111,11,829,4341,1777,674,1011,27,45626,12,584,25,45627],"class_list":{"0":"post-317956","1":"post","2":"type-post","3":"status-publish","4":"format-standard","5":"has-post-thumbnail","7":"category-rennes","8":"tag-actu","9":"tag-actualites","10":"tag-bretagne","11":"tag-cesson-rennes","12":"tag-eu","13":"tag-europe","14":"tag-fr","15":"tag-france","16":"tag-gustavo-rodrigues","17":"tag-news","18":"tag-rennes","19":"tag-republique-francaise","20":"tag-sebastien-leriche"},"share_on_mastodon":{"url":"https:\/\/pubeurope.com\/@fr\/115025652435083749","error":""},"_links":{"self":[{"href":"https:\/\/www.europesays.com\/fr\/wp-json\/wp\/v2\/posts\/317956","targetHints":{"allow":["GET"]}}],"collection":[{"href":"https:\/\/www.europesays.com\/fr\/wp-json\/wp\/v2\/posts"}],"about":[{"href":"https:\/\/www.europesays.com\/fr\/wp-json\/wp\/v2\/types\/post"}],"author":[{"embeddable":true,"href":"https:\/\/www.europesays.com\/fr\/wp-json\/wp\/v2\/users\/2"}],"replies":[{"embeddable":true,"href":"https:\/\/www.europesays.com\/fr\/wp-json\/wp\/v2\/comments?post=317956"}],"version-history":[{"count":0,"href":"https:\/\/www.europesays.com\/fr\/wp-json\/wp\/v2\/posts\/317956\/revisions"}],"wp:featuredmedia":[{"embeddable":true,"href":"https:\/\/www.europesays.com\/fr\/wp-json\/wp\/v2\/media\/317957"}],"wp:attachment":[{"href":"https:\/\/www.europesays.com\/fr\/wp-json\/wp\/v2\/media?parent=317956"}],"wp:term":[{"taxonomy":"category","embeddable":true,"href":"https:\/\/www.europesays.com\/fr\/wp-json\/wp\/v2\/categories?post=317956"},{"taxonomy":"post_tag","embeddable":true,"href":"https:\/\/www.europesays.com\/fr\/wp-json\/wp\/v2\/tags?post=317956"}],"curies":[{"name":"wp","href":"https:\/\/api.w.org\/{rel}","templated":true}]}}