{"id":317960,"date":"2025-08-14T06:16:16","date_gmt":"2025-08-14T06:16:16","guid":{"rendered":"https:\/\/www.europesays.com\/fr\/317960\/"},"modified":"2025-08-14T06:16:16","modified_gmt":"2025-08-14T06:16:16","slug":"blueco-a-strasbourg-essayer-la-multipropriete-ce-nest-pas-encore-ladopter-france-strasbourg","status":"publish","type":"post","link":"https:\/\/www.europesays.com\/fr\/317960\/","title":{"rendered":"BlueCo \u00e0 Strasbourg : essayer la multipropri\u00e9t\u00e9, ce n\u2019est pas encore l\u2019adopter &#8211; France &#8211; Strasbourg"},"content":{"rendered":"<p>Fut un temps o\u00f9 les Strasbourgeois \u00e9taient nombreux \u00e0 d\u00e9plorer le rachat par BlueCo de leur Racing bien-aim\u00e9, refusant cat\u00e9goriquement de le voir devenir le petit cousin de Chelsea et le club annexe de Todd Boehly. Les pensionnaires de la Meinau craignaient la perte de leur identit\u00e9, et surtout de revivre\u00a0les ann\u00e9es 2010 o\u00f9 le club \u00e9tait reparti de la CFA2. \u00ab\u202fQuand le club a \u00e9t\u00e9 rachet\u00e9, il y a une bulle qui a \u00e9clat\u00e9, avoue Maxime, porte-parole et vice-pr\u00e9sident des UB90. Le Strasbourg post-faillite \u00e9tait reparti du cinqui\u00e8me \u00e9chelon et jusque-l\u00e0, on a \u00e9t\u00e9 prot\u00e9g\u00e9 du football business et de ces histoires de gros sous.\u202f\u00bb<\/p>\n<p>Les Anglais sont arriv\u00e9s et ont fait ce qu\u2019ils avaient commenc\u00e9 \u00e0 Chelsea. Un grand m\u00e9nage, en remerciant ou en vendant des anciennes gloires du RCSA <a target=\"_blank\" href=\"https:\/\/www.sofoot.com\/breves\/dimitri-lienard-clame-quil-en-a-encore-sous-le-capot-en-taclant-strasbourg-le-racing-lui-repond\" rel=\"nofollow noopener\">comme Dimitri Li\u00e9nard<\/a> ou <a target=\"_blank\" href=\"https:\/\/www.sofoot.com\/breves\/habib-diallo-file-a-son-tour-en-arabie-saoudite\" rel=\"nofollow noopener\">Habib Diallo, parti s\u2019exiler en Arabie saoudite<\/a>. Pas de quoi s\u2019offrir les faveurs des Strasbourgeois, malgr\u00e9 l\u2019arriv\u00e9e de Patrick Vieira sur le banc qui n\u2019aura pas fait grandement \u00e9voluer les choses lors de son passage alsacien. Non, l\u2019heure du changement arrivera bien \u00e0 partir de d\u00e9cembre dernier, <a target=\"_blank\" href=\"https:\/\/www.sofoot.com\/articles\/a-strasbourg-un-debut-dhistoire-reve-pour-liam-rosenior\" rel=\"nofollow noopener\">sous l\u2019\u00e8re Liam Rosenior,<\/a> cet inconnu sorti d\u2019Hull City. Un nom \u00ab\u202f100% BlueCo\u202f\u00bb, comme il \u00e9tait possible de lire sur les r\u00e9seaux sociaux et qui faisait tout sauf l\u2019unanimit\u00e9. Du moins, \u00e0 l\u2019\u00e9poque.<\/p>\n<p>\u00ab\u202fIl ne faut pas croire que cette gr\u00e8ve nous fait plaisir\u202f\u00bb<\/p>\n<p>Des d\u00e9buts difficiles et puis des r\u00e9sultats \u00e0 partir de mi-d\u00e9cembre. Des succ\u00e8s \u00e0 la pelle m\u00eame, comme Strasbourg en avait rarement connu ces derni\u00e8res ann\u00e9es, si ce n\u2019est lors de la saison 2021-2022 et cette 6e place gratt\u00e9e par l\u2019\u00e9quipe de Julien St\u00e9phan. Les victoires n\u2019ont pour autant pas calm\u00e9 les ardeurs des\u00a0Ultras Boys 90, qui avaient annonc\u00e9 faire gr\u00e8ve lors des quinze premi\u00e8res minutes de chaque match en d\u00e9but de saison derni\u00e8re. Un m\u00e9contentement d\u2019abord accept\u00e9 par les autres habitu\u00e9s de la Meinau, puis rapidement critiqu\u00e9, au fil des mois et des succ\u00e8s. \u00ab\u202f Il ne faut pas croire que cette gr\u00e8ve nous fait plaisir, assure Maxime. On pr\u00e9f\u00e9rerait profiter du match mais on trouve que les valeurs du Racing ne sont plus en ad\u00e9quation avec la r\u00e9alit\u00e9. Oui sur le terrain, \u00e7a se passe bien pour l\u2019instant et nous ne remettons pas cela en cause. Mais se faire siffler par les supporters ou recevoir des jolis gestes, \u00e7a ne fait pas plaisir et \u00e7a fait mal.\u202f Ce qui les int\u00e9resse, c\u2019est le sportif. Nous, on pense au-del\u00e0. Ce sont deux points de vue diff\u00e9rents et on ne critique pas le leur.\u00a0\u00bb<\/p>\n<p><img decoding=\"async\" loading=\"lazy\" class=\"\" src=\"https:\/\/www.europesays.com\/fr\/wp-content\/uploads\/2025\/08\/1755152176_816_grande.jpg\" alt=\"\" width=\"2560\" height=\"1707\"\/><\/p>\n<p>Une gr\u00e8ve trop longue ? C\u2019est ce que pensent certains, souvent emport\u00e9s par le joli visage affich\u00e9 par la bande \u00e0 Rosenior et par l\u2019excitation d\u2019arracher une place europ\u00e9enne.\u00a0\u00ab\u202f Les ultras ont raison de se m\u00e9fier, mais je pense qu\u2019il y a des moyens plus productifs pour faire entendre son m\u00e9contentement et son d\u00e9saccord avec le syst\u00e8me de la multipropri\u00e9t\u00e9,\u00a0se d\u00e9sole Noah Kaision, qui tient le compte RCSA Forever sur X. Sans que cela n\u2019empi\u00e8te sur l\u2019ambiance de la Meinau et sur le soutien de l\u2019\u00e9quipe. J\u2019y adh\u00e8re moins.\u202f\u00bb\u00a0Chacun a son avis, son sentiment et s\u2019est forc\u00e9ment pos\u00e9 face au dilemme et \u00e0 cette question : l\u2019identit\u00e9 du Racing peut-elle perdurer avec la multipropri\u00e9t\u00e9 ?\u00a0\u00ab\u202fQuand j\u2019ai vu \u00e7a, j\u2019ai compris la col\u00e8re des supporters. Parce qu\u2019\u00e0 Strasbourg, tu n\u2019es pas dans n\u2019importe quel club, pose Anthony Gon\u00e7alves, milieu pass\u00e9 par le club entre 2016 et 2019. Ils ont forc\u00e9ment cette crainte de conna\u00eetre \u00e0 nouveau cette descente aux enfers et de repartir de tout en bas\u2026 Mais connaissant le pr\u00e9sident Keller et l\u2019amour qu\u2019il porte au club, je sais qu\u2019il sait ce qu\u2019il fait. Il a su reprendre le club pendant plus de dix ans et je ne pense pas qu\u2019il l\u2019aurait remis entre de mauvaises mains. C\u2019est quelque chose qui est r\u00e9fl\u00e9chi, et c\u2019est pour cela que je ne suis pas trop inquiet pour l\u2019instant.\u202f\u00bb<\/p>\n<p>Chelsea-Strasbourg, une route tr\u00e8s emprunt\u00e9e<\/p>\n<p>Depuis ce rachat en 2023, Strasbourg a compl\u00e8tement bascul\u00e9 dans une autre dimension. Pas seulement au niveau de son jeu que Rosenior a perfectionn\u00e9 \u00e0 partir de son arriv\u00e9e en 2024 en devenant l\u2019un des projets les plus excitants de l\u2019Hexagone, mais \u00e9galement financi\u00e8rement. Entre 1906 et 2022, les Strasbourgeois n\u2019avaient d\u00e9pens\u00e9 que 97 millions d\u2019euros sur le march\u00e9 des transferts. <a target=\"_blank\" href=\"https:\/\/www.sofoot.com\/articles\/cest-quoi-ce-mercato-de-zinzin-a-strasbourg\" rel=\"nofollow noopener\">En trois ans, les choses ont (l\u00e9g\u00e8rement) chang\u00e9.<\/a> Le board strasbourgeois, compos\u00e9 des membres de la soci\u00e9t\u00e9 BlueCo Alsace, est bien aid\u00e9 financi\u00e8rement par Chelsea. Aucune surprise jusqu\u2019ici pour un \u00e9quipage compos\u00e9 de cinq personnes dont les deux directeurs sportifs de Chelsea, Paul Winstanley et Laurence Stewart.<\/p>\n<p>Au total, Strasbourg a recrut\u00e9 pour pr\u00e8s de 224 millions d\u2019euros en deux ans. Avec des r\u00e9ussites comme Emanuel Emegha ou Dilane Bakwa et des loup\u00e9s, \u00e0 l\u2019image d\u2019un Abakar Sylla achet\u00e9 pour 20 patates et qui est aujourd\u2019hui encore le transfert le plus cher de l\u2019histoire du Racing. Cet \u00e9t\u00e9 2025 est encore la d\u00e9monstration de force de BlueCo, avec ses 102 millions d\u2019euros de d\u00e9penses, faisant des Alsaciens le deuxi\u00e8me club fran\u00e7ais le plus d\u00e9pensier juste derri\u00e8re le PSG, alors que le mercato n\u2019est toujours pas termin\u00e9. Des deals avec Chelsea, bien s\u00fbr, mais aussi d\u2019autres sortis de la cellule de recrutement de Gr\u00e9gory Thil, qui avait notamment ramen\u00e9\u00a0Abdukodir Khusanov \u00e0 Lens. <a target=\"_blank\" href=\"https:\/\/www.google.com\/search?client=safari&amp;rls=en&amp;q=Oyedele+So+FOot&amp;ie=UTF-8&amp;oe=UTF-8\" rel=\"nofollow noopener\">Maxi Oyedele<\/a>, <a target=\"_blank\" href=\"https:\/\/www.sofoot.com\/breves\/valentin-barco-sengage-definitivement-a-strasbourg\" rel=\"nofollow noopener\">Valentin Barco<\/a> ou Samuel Amo-Ameyaw font tous partis de ces petits blases rameut\u00e9s en Alsace cet \u00e9t\u00e9.<\/p>\n<blockquote>\n<p>Ce combat contre la multipropri\u00e9t\u00e9, on va le continuer cette saison.<\/p>\n<\/blockquote>\n<p>Maxime, vice-pr\u00e9sident des UB90<\/p>\n<p><a target=\"_blank\" href=\"https:\/\/www.sofoot.com\/articles\/chelsea-balaye-le-psg-et-soffre-la-coupe-du-monde-des-clubs\" rel=\"nofollow noopener\">Chelsea a brill\u00e9 en Coupe du monde des clubs<\/a>, Strasbourg a sorti une saison historique, mais les va-et-vient permanents entre l\u2019Angleterre et la France questionnent forc\u00e9ment sur le contournement des r\u00e8gles et sur ce qu\u2019est vraiment le Racing Club de Strasbourg. Une succursale ou un club destin\u00e9 \u00e0 s\u2019imposer comme un cador de l\u2019Hexagone ? Depuis Andrey Santos et Angelo il y a deux ans, ils sont huit \u00e0 avoir fait le voyage Chelsea-Strasbourg (Mathis Amougou, Mike Penders, Diego Moreira, <a target=\"_blank\" href=\"https:\/\/www.sofoot.com\/breves\/mercato-le-rc-strasbourg-pioche-un-lateral-gauche-chez-un-club-de-premier-league-inattendu\" rel=\"nofollow noopener\">Ish\u00e9 Samuels-Smith<\/a>, \u0110or\u0111e Petrovi\u0107, <a target=\"_blank\" href=\"https:\/\/www.sofoot.com\/breves\/mercato-incroyable-mais-vrai-le-rc-strasbourg-signe-un-joueur-de-chelsea-en-pret\" rel=\"nofollow noopener\">Kendry P\u00e1ez<\/a>, <a target=\"_blank\" href=\"https:\/\/www.sofoot.com\/breves\/strasbourg-recupere-mamadou-sarr-quil-avait-vendu-a-chelsea\" rel=\"nofollow noopener\">Mamadou Sarr<\/a> et Caleb Wiley)\u00ab\u202fTrois pr\u00eats et deux achats, c\u2019est trop, pr\u00e9vient Noah du haut de ses 20 ans. Plein de bons jeunes joueurs sont \u00e0 d\u00e9nicher ailleurs qu\u2019\u00e0 Chelsea\u202f.\u00a0\u00bb<\/p>\n<p><img decoding=\"async\" loading=\"lazy\" class=\"\" src=\"https:\/\/www.europesays.com\/fr\/wp-content\/uploads\/2025\/08\/1755152176_261_grande.jpg\" alt=\"\" width=\"2560\" height=\"1707\"\/><\/p>\n<p>Dans la dur\u00e9e, les temps seront peut-\u00eatre plus compliqu\u00e9s, puisque les Blues souhaiteront rapatrier \u00ab\u202fleur pouponni\u00e8re\u202f\u00bb en Angleterre, apr\u00e8s l\u2019avoir d\u00e9velopp\u00e9e en Alsace, \u00e0 l\u2019image d\u2019un Emegha qui devrait filer \u00e0 Londres en 2026. \u00ab\u202fC\u2019est l\u00e0 qu\u2019on parle vulgairement de centre de formation de Chelsea, s\u2019attriste le porte-parole des UB90.\u00a0Aujourd\u2019hui, la cellule de recrutement est \u00e0 Londres. On se questionne surtout sur la n\u00e9cessit\u00e9 de certains achats. Quand on voit que Ish\u00e9 Samuels-Smith est achet\u00e9 plus de 7 millions alors qu\u2019il n\u2019a pas fait un seul match en pro\u2026\u00a0\u00bb\u00a0<\/p>\n<p>Pour l\u2019heure, le vestiaire polyglotte, qui vit au rythme des danses et de la musique, semble avoir gagn\u00e9 les faveurs de (quasiment) tout un public. \u00ab\u202fJamais je n\u2019ai vu une telle coh\u00e9sion dans le vestiaire du Racing, sourit Noah, qui supporte Strasbourg depuis ses 5 ans. Les recrues, si ce n\u2019est S\u00e9kou Mara, ont jou\u00e9 un r\u00f4le cl\u00e9 dans cette belle saison, m\u00eame celles qui sont arriv\u00e9es lors du mercato hivernal.\u202f\u00bb Les Strasbourgeois pourront red\u00e9couvrir les joies de l\u2019Europe dans quelques semaines lors des barrages de la Ligue Conf\u00e9rence <a target=\"_blank\" href=\"https:\/\/www.sofoot.com\/breves\/brondby-se-fait-bien-surprendre-face-au-vikingur-reykjavik\" rel=\"nofollow noopener\">contre Br\u00f8ndby ou le Vikingur Reykjavik<\/a>. Un public conquis, des ultras anti-BlueCo jusqu\u2019aux dents, la Meinau, tout juste r\u00e9nov\u00e9e, sera peut-\u00eatre encore le th\u00e9\u00e2tre d\u2019affrontements pacifiques cette saison. \u00ab\u202fCe combat contre la multipropri\u00e9t\u00e9, on va le continuer cette saison, conclut le vice-pr\u00e9sident des UB90. Que ce soit \u00e0 la Meinau ou dans tous les stades de France. Comment ? Vous verrez.\u00a0\u202f\u00bb<\/p>\n<p>\t\t\t\t\t\t\t\t\t\t<a class=\"lien-connexe\" href=\"https:\/\/www.sofoot.com\/articles\/cest-quoi-ce-mercato-de-zinzin-a-strasbourg\" rel=\"nofollow noopener\" target=\"_blank\">C\u2019est quoi ce mercato de zinzin \u00e0 Strasbourg\u00a0?<\/a>\t\t\t\t\t<\/p>\n","protected":false},"excerpt":{"rendered":"Fut un temps o\u00f9 les Strasbourgeois \u00e9taient nombreux \u00e0 d\u00e9plorer le rachat par BlueCo de leur Racing bien-aim\u00e9,&hellip;\n","protected":false},"author":2,"featured_media":317961,"comment_status":"","ping_status":"","sticky":false,"template":"","format":"standard","meta":{"footnotes":""},"categories":[2820],"tags":[1111,47,11,61,69,65,64,1777,674,63,1011,27,775,68,66,12,62,70,25,67,640],"class_list":{"0":"post-317960","1":"post","2":"type-post","3":"status-publish","4":"format-standard","5":"has-post-thumbnail","7":"category-strasbourg","8":"tag-actu","9":"tag-actualite","10":"tag-actualites","11":"tag-actus-football","12":"tag-bundesliga","13":"tag-championnats-europeens","14":"tag-equipe-de-france","15":"tag-eu","16":"tag-europe","17":"tag-football","18":"tag-fr","19":"tag-france","20":"tag-grand-est","21":"tag-ligua","22":"tag-ligue-1","23":"tag-news","24":"tag-news-foot","25":"tag-premier-league","26":"tag-republique-francaise","27":"tag-serie-a","28":"tag-strasbourg"},"share_on_mastodon":{"url":"https:\/\/pubeurope.com\/@fr\/115025660266338572","error":""},"_links":{"self":[{"href":"https:\/\/www.europesays.com\/fr\/wp-json\/wp\/v2\/posts\/317960","targetHints":{"allow":["GET"]}}],"collection":[{"href":"https:\/\/www.europesays.com\/fr\/wp-json\/wp\/v2\/posts"}],"about":[{"href":"https:\/\/www.europesays.com\/fr\/wp-json\/wp\/v2\/types\/post"}],"author":[{"embeddable":true,"href":"https:\/\/www.europesays.com\/fr\/wp-json\/wp\/v2\/users\/2"}],"replies":[{"embeddable":true,"href":"https:\/\/www.europesays.com\/fr\/wp-json\/wp\/v2\/comments?post=317960"}],"version-history":[{"count":0,"href":"https:\/\/www.europesays.com\/fr\/wp-json\/wp\/v2\/posts\/317960\/revisions"}],"wp:featuredmedia":[{"embeddable":true,"href":"https:\/\/www.europesays.com\/fr\/wp-json\/wp\/v2\/media\/317961"}],"wp:attachment":[{"href":"https:\/\/www.europesays.com\/fr\/wp-json\/wp\/v2\/media?parent=317960"}],"wp:term":[{"taxonomy":"category","embeddable":true,"href":"https:\/\/www.europesays.com\/fr\/wp-json\/wp\/v2\/categories?post=317960"},{"taxonomy":"post_tag","embeddable":true,"href":"https:\/\/www.europesays.com\/fr\/wp-json\/wp\/v2\/tags?post=317960"}],"curies":[{"name":"wp","href":"https:\/\/api.w.org\/{rel}","templated":true}]}}