{"id":317964,"date":"2025-08-14T06:18:24","date_gmt":"2025-08-14T06:18:24","guid":{"rendered":"https:\/\/www.europesays.com\/fr\/317964\/"},"modified":"2025-08-14T06:18:24","modified_gmt":"2025-08-14T06:18:24","slug":"nice-vise-un-ancien-espoir-du-psg","status":"publish","type":"post","link":"https:\/\/www.europesays.com\/fr\/317964\/","title":{"rendered":"Nice vise un ancien espoir du PSG"},"content":{"rendered":"<p style=\"text-align: justify;\"><strong>TRANSFERTS \u2013 \u00c0 la recherche d\u2019un nouveau buteur, l\u2019OGC Nice pourrait tenter de relancer l\u2019ancien international espoirs, Odsonne \u00c9douard.<\/strong><\/p>\n<p style=\"text-align: justify;\">La <strong>Ligue 1<\/strong> n\u2019a pas encore repris, mais le moral a d\u00e9j\u00e0 pris un s\u00e9rieux coup du c\u00f4t\u00e9 de l\u2019<strong>OGC Nice<\/strong>. En lice lors du 3\u00e8me tour pr\u00e9liminaire de la Ligue des champions, les Aiglons ont vu leurs r\u00eaves de C1 \u00eatre brutalement an\u00e9antis par le Benfica. Battus nettement \u00e0 deux reprises, les Ni\u00e7ois n\u2019ont pas inscrit le moindre but lors des deux confrontations.<\/p>\n<p>Odsonne Edouard \u00e0 la relance sur la C\u00f4te d\u2019Azur ?<\/p>\n<p style=\"text-align: justify;\">Min\u00e9 par une infirmerie bien remplie,<strong> Franck Haise<\/strong> avait notamment d\u00fb composer avec un<strong> Terem Moffi<\/strong> encore \u00e0 court de forme pour tenir le poste de n\u00b09. Afin de renforcer ce secteur de jeu pour la saison \u00e0 venir, plusieurs pistes sont \u00e0 l\u2019\u00e9tude. L\u2019international iranien de l\u2019Inter <strong>Mehdi Taremi<\/strong> est ainsi sur les tablettes. Mais un ancien international espoirs fran\u00e7ais est \u00e9galement courtis\u00e9. Sous contrat avec <strong>Crystal Palace<\/strong> jusqu\u2019\u00e0 l\u2019\u00e9t\u00e9 prochain, <strong>Odsonne \u00c9douard<\/strong> n\u2019est plus en odeur de saintet\u00e9 chez les vainqueurs de la derni\u00e8re FA Cup.<\/p>\n<p style=\"text-align: justify;\">Incontournable durant trois saisons apr\u00e8s avoir cartonn\u00e9 en \u00c9cosse sous les couleurs du <strong>Celtic<\/strong>, l\u2019attaquant de 27 ans a connu un gros coup d\u2019arr\u00eat la saison derni\u00e8re. Alors que <strong>Leicester<\/strong> avait d\u00e9bours\u00e9 plus de 2 M\u20ac pour s\u2019attirer ses services en pr\u00eat, il n\u2019a disput\u00e9 que 4 matchs avant d\u2019\u00eatre mis au placard d\u00e8s le mois d\u2019octobre. Selon Foot Mercato, le joueur form\u00e9 au PSG serait tr\u00e8s int\u00e9ress\u00e9 \u00e0 l\u2019id\u00e9e d\u2019effectuer son retour en France, huit ans apr\u00e8s son dernier match disput\u00e9 en Ligue 1 avec le TFC. Affaire \u00e0 suivre.<\/p>\n<p>\u00c0 ce sujet<br \/>\n<a href=\"https:\/\/dicodusport.fr\/blog\/mercato-nice-2025-2026-le-tableau-complet-des-transferts-arrivees-et-departs\/\" class=\"vlp-link\" title=\"Mercato Nice 2025-2026 : Le tableau complet des transferts, arriv\u00e9es et d\u00e9parts\" target=\"_blank\" rel=\"noopener\"><img loading=\"lazy\" decoding=\"async\" style=\"max-width: 792px;\" width=\"792\" height=\"445\" class=\"attachment-800x445 size-800x445 perfmatters-lazy\" alt=\"Mercato Nice 2025-2026 Le tableau complet des transferts, arriv\u00e9es et d\u00e9parts\" src=\"https:\/\/www.europesays.com\/fr\/wp-content\/uploads\/2025\/08\/Mercato-Nice-2025-2026-Le-tableau-complet-des-transferts-arrivees-et-departs.png\"  data-\/><\/p>\n<p>Mercato Nice 2025-2026 : Le tableau complet des transferts, arriv\u00e9es et d\u00e9parts<\/p>\n<p>TRANSFERTS NICE &#8211; Retrouvez tous les mouvements de l&rsquo;OGC Nice pour l&rsquo;intersaison 2025 en Ligue 1. Arriv\u00e9es, d\u00e9part, pr\u00eats, transferts d\u00e9finitifs, ne ratez rien du mercato estival.\u00a0<\/p>\n<p>Lire l&rsquo;article<\/p>\n<p>dicodusport.fr<\/p>\n","protected":false},"excerpt":{"rendered":"TRANSFERTS \u2013 \u00c0 la recherche d\u2019un nouveau buteur, l\u2019OGC Nice pourrait tenter de relancer l\u2019ancien international espoirs, Odsonne&hellip;\n","protected":false},"author":2,"featured_media":317965,"comment_status":"","ping_status":"","sticky":false,"template":"","format":"standard","meta":{"footnotes":""},"categories":[2819],"tags":[1111,11,2113,1777,674,1011,27,12,2401,2268,882,25,10662],"class_list":{"0":"post-317964","1":"post","2":"type-post","3":"status-publish","4":"format-standard","5":"has-post-thumbnail","7":"category-nice","8":"tag-actu","9":"tag-actualites","10":"tag-breve","11":"tag-eu","12":"tag-europe","13":"tag-fr","14":"tag-france","15":"tag-news","16":"tag-nice","17":"tag-ogc-nice","18":"tag-provence-alpes-cote-dazur","19":"tag-republique-francaise","20":"tag-transferts"},"share_on_mastodon":{"url":"https:\/\/pubeurope.com\/@fr\/115025668035612030","error":""},"_links":{"self":[{"href":"https:\/\/www.europesays.com\/fr\/wp-json\/wp\/v2\/posts\/317964","targetHints":{"allow":["GET"]}}],"collection":[{"href":"https:\/\/www.europesays.com\/fr\/wp-json\/wp\/v2\/posts"}],"about":[{"href":"https:\/\/www.europesays.com\/fr\/wp-json\/wp\/v2\/types\/post"}],"author":[{"embeddable":true,"href":"https:\/\/www.europesays.com\/fr\/wp-json\/wp\/v2\/users\/2"}],"replies":[{"embeddable":true,"href":"https:\/\/www.europesays.com\/fr\/wp-json\/wp\/v2\/comments?post=317964"}],"version-history":[{"count":0,"href":"https:\/\/www.europesays.com\/fr\/wp-json\/wp\/v2\/posts\/317964\/revisions"}],"wp:featuredmedia":[{"embeddable":true,"href":"https:\/\/www.europesays.com\/fr\/wp-json\/wp\/v2\/media\/317965"}],"wp:attachment":[{"href":"https:\/\/www.europesays.com\/fr\/wp-json\/wp\/v2\/media?parent=317964"}],"wp:term":[{"taxonomy":"category","embeddable":true,"href":"https:\/\/www.europesays.com\/fr\/wp-json\/wp\/v2\/categories?post=317964"},{"taxonomy":"post_tag","embeddable":true,"href":"https:\/\/www.europesays.com\/fr\/wp-json\/wp\/v2\/tags?post=317964"}],"curies":[{"name":"wp","href":"https:\/\/api.w.org\/{rel}","templated":true}]}}