{"id":317984,"date":"2025-08-14T06:30:14","date_gmt":"2025-08-14T06:30:14","guid":{"rendered":"https:\/\/www.europesays.com\/fr\/317984\/"},"modified":"2025-08-14T06:30:14","modified_gmt":"2025-08-14T06:30:14","slug":"la-fausse-bonne-idee-du-mobilier-pop-du-vieux-port","status":"publish","type":"post","link":"https:\/\/www.europesays.com\/fr\/317984\/","title":{"rendered":"la fausse bonne id\u00e9e du mobilier \u00ab\u00a0pop\u00a0\u00bb du Vieux-Port"},"content":{"rendered":"<p>Avec une vue imprenable sur les bateaux du Vieux-Port et <a href=\"https:\/\/www.laprovence.com\/article\/societe\/1720657962679615\/les-travaux-de-dorure-de-la-bonne-mere-vont-debuter-a-la-basilique-de-notre-dame-de-la-garde\" target=\"_blank\" rel=\"noopener\">Notre-Dame-de-la-Garde<\/a>, ce banc jaune en forme de haricot pourrait \u00eatre une invitation au farniente. Pourtant, \u00e0 peine assise dessus, Aur\u00e9lie bondit, tel un ressort. \u00ab\u00a0Le m\u00e9tal est br\u00fblant, et il fait beaucoup trop chaud au soleil\u00a0\u00bb, juge cette maman venue de Lyon avec son mari et ses deux enfants. Il n\u2019est pas encore 11h et la famille de vacanciers poursuit sa route, \u00e0 la recherche d\u2019un coin de fra\u00eecheur.<\/p>\n","protected":false},"excerpt":{"rendered":"Avec une vue imprenable sur les bateaux du Vieux-Port et Notre-Dame-de-la-Garde, ce banc jaune en forme de haricot&hellip;\n","protected":false},"author":2,"featured_media":317985,"comment_status":"","ping_status":"","sticky":false,"template":"","format":"standard","meta":{"footnotes":""},"categories":[2814],"tags":[17,1111,11,11690,2883,1777,674,24567,1011,27,18060,761,884,8886,12,10044,882,16,25],"class_list":{"0":"post-317984","1":"post","2":"type-post","3":"status-publish","4":"format-standard","5":"has-post-thumbnail","7":"category-marseille","8":"tag-17","9":"tag-actu","10":"tag-actualites","11":"tag-bonne","12":"tag-ete","13":"tag-eu","14":"tag-europe","15":"tag-fausse","16":"tag-fr","17":"tag-france","18":"tag-idee","19":"tag-marseillais","20":"tag-marseille","21":"tag-mobilier","22":"tag-news","23":"tag-pop","24":"tag-provence-alpes-cote-dazur","25":"tag-region","26":"tag-republique-francaise"},"share_on_mastodon":{"url":"https:\/\/pubeurope.com\/@fr\/115025715055327931","error":""},"_links":{"self":[{"href":"https:\/\/www.europesays.com\/fr\/wp-json\/wp\/v2\/posts\/317984","targetHints":{"allow":["GET"]}}],"collection":[{"href":"https:\/\/www.europesays.com\/fr\/wp-json\/wp\/v2\/posts"}],"about":[{"href":"https:\/\/www.europesays.com\/fr\/wp-json\/wp\/v2\/types\/post"}],"author":[{"embeddable":true,"href":"https:\/\/www.europesays.com\/fr\/wp-json\/wp\/v2\/users\/2"}],"replies":[{"embeddable":true,"href":"https:\/\/www.europesays.com\/fr\/wp-json\/wp\/v2\/comments?post=317984"}],"version-history":[{"count":0,"href":"https:\/\/www.europesays.com\/fr\/wp-json\/wp\/v2\/posts\/317984\/revisions"}],"wp:featuredmedia":[{"embeddable":true,"href":"https:\/\/www.europesays.com\/fr\/wp-json\/wp\/v2\/media\/317985"}],"wp:attachment":[{"href":"https:\/\/www.europesays.com\/fr\/wp-json\/wp\/v2\/media?parent=317984"}],"wp:term":[{"taxonomy":"category","embeddable":true,"href":"https:\/\/www.europesays.com\/fr\/wp-json\/wp\/v2\/categories?post=317984"},{"taxonomy":"post_tag","embeddable":true,"href":"https:\/\/www.europesays.com\/fr\/wp-json\/wp\/v2\/tags?post=317984"}],"curies":[{"name":"wp","href":"https:\/\/api.w.org\/{rel}","templated":true}]}}