{"id":317986,"date":"2025-08-14T06:31:10","date_gmt":"2025-08-14T06:31:10","guid":{"rendered":"https:\/\/www.europesays.com\/fr\/317986\/"},"modified":"2025-08-14T06:31:10","modified_gmt":"2025-08-14T06:31:10","slug":"le-restaurant-fait-trop-de-bruit-pour-le-voisinage-la-prefecture-ferme-the-riviera","status":"publish","type":"post","link":"https:\/\/www.europesays.com\/fr\/317986\/","title":{"rendered":"le restaurant fait trop de bruit pour le voisinage, la pr\u00e9fecture ferme The Riviera"},"content":{"rendered":"<p itemprop=\"description\"><strong>A Collonges-au-mont-d&rsquo;Or, il y a le calme du restaurant \u00e9toil\u00e9 Paul Bocuse.<\/strong><\/p>\n<p>Et, \u00e0 deux pas, le vacarme de The Riviera. L&rsquo;\u00e9tablissement, qui a remplac\u00e9 la c\u00e9l\u00e8bre Bastide, vient de se faire rattraper par la patrouille.<\/p>\n<p>En effet, le g\u00e9rant du restaurant n&rsquo;a pas convaincu les autorit\u00e9s qui avaient \u00e9t\u00e9 sollicit\u00e9es par le voisinage se plaignant du tapage diurne comme nocturne.<\/p>\n<p>Les forces de l&rsquo;ordre avaient ainsi constat\u00e9 \u00ab\u00a0un d\u00e9passement de 2,5bB et des \u00e9mergences spectrales non-conformes \u00e0 125, 250, 500, 1 000, 2 000 et 4 000 Hz\u00a0\u00bb dans un appartement voisin de The Riviera.<\/p>\n<p>La pr\u00e9fecture du Rh\u00f4ne a donc s\u00e9vi en pronon\u00e7ant une fermeture administrative de 15 jours, qui d\u00e9butait le 8 ao\u00fbt.<\/p>\n","protected":false},"excerpt":{"rendered":"A Collonges-au-mont-d&rsquo;Or, il y a le calme du restaurant \u00e9toil\u00e9 Paul Bocuse. Et, \u00e0 deux pas, le vacarme&hellip;\n","protected":false},"author":2,"featured_media":317987,"comment_status":"","ping_status":"","sticky":false,"template":"","format":"standard","meta":{"footnotes":""},"categories":[1889],"tags":[1111,11,2813,2190,2430,1109,251,1112,2811,1777,674,118,1011,27,1922,1110,1114,2428,2810,12,241,316,25,2812,517,800],"class_list":{"0":"post-317986","1":"post","2":"type-post","3":"status-publish","4":"format-standard","5":"has-post-thumbnail","7":"category-lyon","8":"tag-actu","9":"tag-actualites","10":"tag-article","11":"tag-asvel","12":"tag-auvergne-rhone-alpes","13":"tag-breves","14":"tag-culture","15":"tag-depeches","16":"tag-economique","17":"tag-eu","18":"tag-europe","19":"tag-faits-divers","20":"tag-fr","21":"tag-france","22":"tag-info","23":"tag-informations","24":"tag-infos","25":"tag-lyon","26":"tag-lyonmag","27":"tag-news","28":"tag-ol","29":"tag-politique","30":"tag-republique-francaise","31":"tag-sociale","32":"tag-sport","33":"tag-transports"},"share_on_mastodon":{"url":"https:\/\/pubeurope.com\/@fr\/115025719063892091","error":""},"_links":{"self":[{"href":"https:\/\/www.europesays.com\/fr\/wp-json\/wp\/v2\/posts\/317986","targetHints":{"allow":["GET"]}}],"collection":[{"href":"https:\/\/www.europesays.com\/fr\/wp-json\/wp\/v2\/posts"}],"about":[{"href":"https:\/\/www.europesays.com\/fr\/wp-json\/wp\/v2\/types\/post"}],"author":[{"embeddable":true,"href":"https:\/\/www.europesays.com\/fr\/wp-json\/wp\/v2\/users\/2"}],"replies":[{"embeddable":true,"href":"https:\/\/www.europesays.com\/fr\/wp-json\/wp\/v2\/comments?post=317986"}],"version-history":[{"count":0,"href":"https:\/\/www.europesays.com\/fr\/wp-json\/wp\/v2\/posts\/317986\/revisions"}],"wp:featuredmedia":[{"embeddable":true,"href":"https:\/\/www.europesays.com\/fr\/wp-json\/wp\/v2\/media\/317987"}],"wp:attachment":[{"href":"https:\/\/www.europesays.com\/fr\/wp-json\/wp\/v2\/media?parent=317986"}],"wp:term":[{"taxonomy":"category","embeddable":true,"href":"https:\/\/www.europesays.com\/fr\/wp-json\/wp\/v2\/categories?post=317986"},{"taxonomy":"post_tag","embeddable":true,"href":"https:\/\/www.europesays.com\/fr\/wp-json\/wp\/v2\/tags?post=317986"}],"curies":[{"name":"wp","href":"https:\/\/api.w.org\/{rel}","templated":true}]}}