{"id":317989,"date":"2025-08-14T06:33:22","date_gmt":"2025-08-14T06:33:22","guid":{"rendered":"https:\/\/www.europesays.com\/fr\/317989\/"},"modified":"2025-08-14T06:33:22","modified_gmt":"2025-08-14T06:33:22","slug":"inscrivez-votre-jardin-a-la-9e-edition-de-jardins-ouverts-en-ile-de-france","status":"publish","type":"post","link":"https:\/\/www.europesays.com\/fr\/317989\/","title":{"rendered":"Inscrivez votre jardin \u00e0 la 9e \u00e9dition de Jardins ouverts en \u00cele-de-France"},"content":{"rendered":"<p>Pendant une grande partie de l&rsquo;\u00e9t\u00e9, <strong>du 5 juillet au 31 ao\u00fbt 2025, <\/strong><a href=\"https:\/\/www.iledefrance.fr\/decouvrir-la-richesse-du-patrimoine\/jardins-ouverts-en-ile-de-france\" data-entity-type=\"node\" data-entity-uuid=\"f12a5f7f-1bb6-4853-b8fc-3ea8c3cbfc46\" data-entity-substitution=\"canonical\" rel=\"nofollow noopener\" target=\"_blank\">Jardins ouverts<\/a><strong>\u00a0<\/strong>proposera aux\u00a0amoureux de culture et de nature de nombreux \u00e9v\u00e9nements artistiques et p\u00e9dagogiques dans les espaces verts d&rsquo;\u00cele-de-France.<\/p>\n<p>Des occasions aussi multiples qu&rsquo;originales de\u00a0<strong>d\u00e9couvrir ou red\u00e9couvrir le patrimoine naturel francilien.\u00a0<\/strong><\/p>\n<p>En 2024, ce sont pr\u00e8s de <strong>500 animations <\/strong>qui ont \u00e9t\u00e9 propos\u00e9es dans <strong>200 jardins<\/strong> r\u00e9partis sur l\u2019ensemble du territoire.<\/p>\n<p>Quels jardins peuvent participer ?<\/p>\n<p>Jardins ouverts est ouvert\u00a0\u00e0 <strong>tous les types de jardins<\/strong>\u00a0<strong>:<\/strong><\/p>\n<ul>\n<li>Jardins patrimoniaux,<\/li>\n<li>Jardins partag\u00e9s,<\/li>\n<li>Jardins\u00a0ouvriers,<\/li>\n<li>Jardins\u00a0collectifs ou familiaux,<\/li>\n<li>Jardins\u00a0p\u00e9dagogiques,<\/li>\n<li>Jardins\u00a0de mus\u00e9e ou de lieux culturels,<\/li>\n<li>Parcs, jardins priv\u00e9s ou fermes urbaines&#8230;<\/li>\n<\/ul>\n<p>\u00c0 quelles conditions ?<\/p>\n<p class=\"text-align-justify\">Jardins ouverts se d\u00e9roulera tout au long de l\u2019\u00e9t\u00e9. 2 temps forts marqueront l\u2019\u00e9v\u00e9nement : le lancement les <strong>5 et 6 juillet 2025<\/strong> et la cl\u00f4ture les <strong>30 et 31 ao\u00fbt 2025.<\/strong><\/p>\n<p class=\"text-align-justify\">Participer \u00e0 Jardins ouverts, c\u2019est ouvrir ses portes au public et proposer\u00a0<strong>un ou plusieurs \u00e9v\u00e9nements culturels, artistiques, p\u00e9dagogiques ou patrimoniaux.<\/strong><\/p>\n<p class=\"text-align-justify\">L\u2019originalit\u00e9 de cette initiative r\u00e9gionale r\u00e9side dans la programmation ouverte \u00e0 tous, pluridisciplinaire, insolite et conviviale.<\/p>\n<p><strong>Vous pouvez proposer par exemple :<\/strong><\/p>\n<ul>\n<li>Spectacles,<\/li>\n<li>Concerts,<\/li>\n<li>Lectures,<\/li>\n<li>Expositions,<\/li>\n<li>Ateliers,<\/li>\n<li>Conf\u00e9rences,<\/li>\n<li>Visites guid\u00e9es\u2026<\/li>\n<\/ul>\n","protected":false},"excerpt":{"rendered":"Pendant une grande partie de l&rsquo;\u00e9t\u00e9, du 5 juillet au 31 ao\u00fbt 2025, Jardins ouverts\u00a0proposera aux\u00a0amoureux de culture&hellip;\n","protected":false},"author":2,"featured_media":317990,"comment_status":"","ping_status":"","sticky":false,"template":"","format":"standard","meta":{"footnotes":""},"categories":[1592],"tags":[1111,11,1777,674,1011,27,662,12,626,25],"class_list":{"0":"post-317989","1":"post","2":"type-post","3":"status-publish","4":"format-standard","5":"has-post-thumbnail","7":"category-ile-de-france","8":"tag-actu","9":"tag-actualites","10":"tag-eu","11":"tag-europe","12":"tag-fr","13":"tag-france","14":"tag-ile-de-france","15":"tag-news","16":"tag-paris","17":"tag-republique-francaise"},"share_on_mastodon":{"url":"https:\/\/pubeurope.com\/@fr\/115025726900898297","error":""},"_links":{"self":[{"href":"https:\/\/www.europesays.com\/fr\/wp-json\/wp\/v2\/posts\/317989","targetHints":{"allow":["GET"]}}],"collection":[{"href":"https:\/\/www.europesays.com\/fr\/wp-json\/wp\/v2\/posts"}],"about":[{"href":"https:\/\/www.europesays.com\/fr\/wp-json\/wp\/v2\/types\/post"}],"author":[{"embeddable":true,"href":"https:\/\/www.europesays.com\/fr\/wp-json\/wp\/v2\/users\/2"}],"replies":[{"embeddable":true,"href":"https:\/\/www.europesays.com\/fr\/wp-json\/wp\/v2\/comments?post=317989"}],"version-history":[{"count":0,"href":"https:\/\/www.europesays.com\/fr\/wp-json\/wp\/v2\/posts\/317989\/revisions"}],"wp:featuredmedia":[{"embeddable":true,"href":"https:\/\/www.europesays.com\/fr\/wp-json\/wp\/v2\/media\/317990"}],"wp:attachment":[{"href":"https:\/\/www.europesays.com\/fr\/wp-json\/wp\/v2\/media?parent=317989"}],"wp:term":[{"taxonomy":"category","embeddable":true,"href":"https:\/\/www.europesays.com\/fr\/wp-json\/wp\/v2\/categories?post=317989"},{"taxonomy":"post_tag","embeddable":true,"href":"https:\/\/www.europesays.com\/fr\/wp-json\/wp\/v2\/tags?post=317989"}],"curies":[{"name":"wp","href":"https:\/\/api.w.org\/{rel}","templated":true}]}}