{"id":317991,"date":"2025-08-14T06:34:12","date_gmt":"2025-08-14T06:34:12","guid":{"rendered":"https:\/\/www.europesays.com\/fr\/317991\/"},"modified":"2025-08-14T06:34:12","modified_gmt":"2025-08-14T06:34:12","slug":"les-abandons-danimaux-explosent-en-ile-de-france","status":"publish","type":"post","link":"https:\/\/www.europesays.com\/fr\/317991\/","title":{"rendered":"Les abandons d&rsquo;animaux explosent en \u00cele-de-France"},"content":{"rendered":"<p><img decoding=\"async\" class=\"\" style=\"width:100%\" src=\"https:\/\/www.europesays.com\/fr\/wp-content\/uploads\/2025\/08\/chat1705328836997.jpg\" alt=\"Un chat\"\/><\/p>\n<p>Un chat<\/p>\n<p>Cr\u00e9dit : Association Main dans la Patte<\/p>\n<p><strong>Les abandons d&rsquo;animaux de compagnie explosent en \u00cele-de-France.<\/strong><\/p>\n<p>Illusustration de ce ph\u00e9nom\u00e8ne, refuge ARPA 91, bas\u00e9 \u00e0 Ris-Orangis, en Essonne, est satur\u00e9 depuis janvier et doit refuser quotidiennement de nouveaux abandons. Selon l&rsquo;association, les propri\u00e9taires r\u00e9cup\u00e8rent souvent des animaux gratuitement sur des sites de petites annonces ill\u00e9gales, sans conna\u00eetre leur pass\u00e9, rapporte <a href=\"https:\/\/france3-regions.franceinfo.fr\/paris-ile-de-france\/essonne\/ils-ont-ete-recuperes-sur-des-sites-de-petites-annonces-les-chiens-et-chats-de-plus-en-plus-abandonnes-3200247.html\" rel=\"noopener\" target=\"_blank\">France 3<\/a>. Face aux troubles comportementaux ou aux co\u00fbts, ils abandonnent.<\/p>\n<p>Les fourri\u00e8res franciliennes d\u00e9bordent \u00e9galement. Malgr\u00e9 l&rsquo;interdiction l\u00e9gale, ces abandons restent impunis dans les faits. Un animal n\u00e9cessite temps et investissement, rappelle le refuge.<\/p>\n<p>\u00a0<\/p>\n<p>Samuel Agutter<\/p>\n<p>!function(f,b,e,v,n,t,s){if(f.fbq)return;n=f.fbq=function(){n.callMethod?<br \/>\nn.callMethod.apply(n,arguments):n.queue.push(arguments)};if(!f._fbq)f._fbq=n;<br \/>\nn.push=n;n.loaded=!0;n.version=&rsquo;2.0&prime;;n.queue=[];t=b.createElement(e);t.async=!0;<br \/>\nt.src=v;s=b.getElementsByTagName(e)[0];s.parentNode.insertBefore(t,s)}(window,<br \/>\ndocument,&rsquo;script&rsquo;,&rsquo;https:\/\/connect.facebook.net\/en_US\/fbevents.js&rsquo;);<br \/>\nfbq(&lsquo;init&rsquo;, &lsquo;278974969201861&rsquo;); \/\/ Insert your pixel ID here.<br \/>\nfbq(&lsquo;track&rsquo;, &lsquo;PageView&rsquo;);<\/p>\n","protected":false},"excerpt":{"rendered":"Un chat Cr\u00e9dit : Association Main dans la Patte Les abandons d&rsquo;animaux de compagnie explosent en \u00cele-de-France. Illusustration&hellip;\n","protected":false},"author":2,"featured_media":317992,"comment_status":"","ping_status":"","sticky":false,"template":"","format":"standard","meta":{"footnotes":""},"categories":[1592],"tags":[1111,11,1933,1936,1777,1939,674,1011,27,662,1934,12,1940,626,1935,25,1937,1941,1938],"class_list":{"0":"post-317991","1":"post","2":"type-post","3":"status-publish","4":"format-standard","5":"has-post-thumbnail","7":"category-ile-de-france","8":"tag-actu","9":"tag-actualites","10":"tag-actualites-locales","11":"tag-essonne","12":"tag-eu","13":"tag-eure-et-loir","14":"tag-europe","15":"tag-fr","16":"tag-france","17":"tag-ile-de-france","18":"tag-infos-locales","19":"tag-news","20":"tag-oise","21":"tag-paris","22":"tag-pres-de-chez-vous","23":"tag-republique-francaise","24":"tag-seine-et-marne","25":"tag-somme","26":"tag-yvelines"},"share_on_mastodon":{"url":"https:\/\/pubeurope.com\/@fr\/115025731274975707","error":""},"_links":{"self":[{"href":"https:\/\/www.europesays.com\/fr\/wp-json\/wp\/v2\/posts\/317991","targetHints":{"allow":["GET"]}}],"collection":[{"href":"https:\/\/www.europesays.com\/fr\/wp-json\/wp\/v2\/posts"}],"about":[{"href":"https:\/\/www.europesays.com\/fr\/wp-json\/wp\/v2\/types\/post"}],"author":[{"embeddable":true,"href":"https:\/\/www.europesays.com\/fr\/wp-json\/wp\/v2\/users\/2"}],"replies":[{"embeddable":true,"href":"https:\/\/www.europesays.com\/fr\/wp-json\/wp\/v2\/comments?post=317991"}],"version-history":[{"count":0,"href":"https:\/\/www.europesays.com\/fr\/wp-json\/wp\/v2\/posts\/317991\/revisions"}],"wp:featuredmedia":[{"embeddable":true,"href":"https:\/\/www.europesays.com\/fr\/wp-json\/wp\/v2\/media\/317992"}],"wp:attachment":[{"href":"https:\/\/www.europesays.com\/fr\/wp-json\/wp\/v2\/media?parent=317991"}],"wp:term":[{"taxonomy":"category","embeddable":true,"href":"https:\/\/www.europesays.com\/fr\/wp-json\/wp\/v2\/categories?post=317991"},{"taxonomy":"post_tag","embeddable":true,"href":"https:\/\/www.europesays.com\/fr\/wp-json\/wp\/v2\/tags?post=317991"}],"curies":[{"name":"wp","href":"https:\/\/api.w.org\/{rel}","templated":true}]}}