{"id":317995,"date":"2025-08-14T06:36:18","date_gmt":"2025-08-14T06:36:18","guid":{"rendered":"https:\/\/www.europesays.com\/fr\/317995\/"},"modified":"2025-08-14T06:36:18","modified_gmt":"2025-08-14T06:36:18","slug":"une-etrange-poudre-blanche-dispersee-dans-un-parc-canin-les-proprietaires-de-chiens-inquiets","status":"publish","type":"post","link":"https:\/\/www.europesays.com\/fr\/317995\/","title":{"rendered":"Une \u00e9trange poudre blanche dispers\u00e9e dans un parc canin, les propri\u00e9taires de chiens inquiets"},"content":{"rendered":"<p><strong>POISON\u00a0? &#8211; Une myst\u00e9rieuse poudre blanche a \u00e9t\u00e9 d\u00e9couverte dispers\u00e9e sur le sol d\u2019un parc canin de Paris ce lundi, provoquant l\u2019inqui\u00e9tude des propri\u00e9taires du quartier<\/strong><\/p>\n<p>La psychose r\u00e8gne chez les propri\u00e9taires de <a href=\"https:\/\/www.20minutes.fr\/dossier\/chien?at_medium=RSS%20feed&amp;at_campaign=ynews&amp;utm_source=yahoo&amp;utm_medium=rss&amp;utm_campaign=news_feed&amp;utm_content=in_article_link\" rel=\"nofollow noopener\" target=\"_blank\" data-ylk=\"slk:chiens;elm:context_link;itc:0;sec:content-canvas\" class=\"link \">chiens<\/a> du 17e arrondissement de <a href=\"https:\/\/www.20minutes.fr\/paris\/?at_medium=RSS%20feed&amp;at_campaign=ynews&amp;utm_source=yahoo&amp;utm_medium=rss&amp;utm_campaign=news_feed&amp;utm_content=in_article_link\" rel=\"nofollow noopener\" target=\"_blank\" data-ylk=\"slk:Paris;elm:context_link;itc:0;sec:content-canvas\" class=\"link \">Paris<\/a>. Et pour cause\u00a0: ce lundi, une myst\u00e9rieuse poudre blanche a \u00e9t\u00e9 d\u00e9couverte \u00e0 l\u2019int\u00e9rieur d\u2019un parc canin du quartier, rapporte\u00a0<a href=\"https:\/\/www.leparisien.fr\/paris-75\/on-pense-que-cest-de-la-chaux-a-paris-une-mysterieuse-poudre-blanche-retrouvee-dans-un-parc-canin-13-08-2025-JOWKE43NFVGM7LHHO6QBJDBXMQ.php?at_medium=RSS%20feed&amp;at_campaign=ynews&amp;utm_source=yahoo&amp;utm_medium=rss&amp;utm_campaign=news_feed&amp;utm_content=in_article_link\" rel=\"nofollow noopener\" target=\"_blank\" data-ylk=\"slk:Le Parisien;elm:context_link;itc:0;sec:content-canvas\" class=\"link \">Le Parisien<\/a>.<\/p>\n<p>Une habitu\u00e9e des lieux a fait la d\u00e9couverte dans la matin\u00e9e et a imm\u00e9diatement averti les autres usagers ainsi que <a href=\"https:\/\/www.20minutes.fr\/dossier\/association?at_medium=RSS%20feed&amp;at_campaign=ynews&amp;utm_source=yahoo&amp;utm_medium=rss&amp;utm_campaign=news_feed&amp;utm_content=in_article_link\" rel=\"nofollow noopener\" target=\"_blank\" data-ylk=\"slk:l\u2019association;elm:context_link;itc:0;sec:content-canvas\" class=\"link \">l\u2019association<\/a> du lieu, Les Truffes des Batignolles. Selon les photos et l\u2019avertissement partag\u00e9s sur les <a href=\"https:\/\/www.20minutes.fr\/dossier\/reseaux_sociaux?at_medium=RSS%20feed&amp;at_campaign=ynews&amp;utm_source=yahoo&amp;utm_medium=rss&amp;utm_campaign=news_feed&amp;utm_content=in_article_link\" rel=\"nofollow noopener\" target=\"_blank\" data-ylk=\"slk:r\u00e9seaux sociaux;elm:context_link;itc:0;sec:content-canvas\" class=\"link \">r\u00e9seaux sociaux<\/a>, la substance avait \u00e9t\u00e9 diss\u00e9min\u00e9e \u00e0 des endroits \u00ab\u00a0strat\u00e9giques\u00a0\u00bb du parc, notamment dans les gamelles et dans les trous creus\u00e9s par les chiens.<\/p>\n<blockquote placeholder=\"\" data-theme=\"light\" class=\"twitter-tweet\">\n<p>\u00ab On pense que c\u2019est de la chaux \u00bb : \u00e0 Paris, une myst\u00e9rieuse poudre blanche retrouv\u00e9e dans un parc canin <a href=\"https:\/\/t.co\/EduoJmpugp\" rel=\"nofollow noopener\" target=\"_blank\" data-ylk=\"slk:https:\/\/t.co\/EduoJmpugp;elm:context_link;itc:0;sec:content-canvas\" class=\"link \">https:\/\/t.co\/EduoJmpugp<\/a><\/p>\n<p>\u2014 Le Parisien | Paris (@LeParisien_75) <a href=\"https:\/\/twitter.com\/LeParisien_75\/status\/1955575740902015230?ref_src=twsrc%5Etfw\" rel=\"nofollow noopener\" target=\"_blank\" data-ylk=\"slk:August 13, 2025;elm:context_link;itc:0;sec:content-canvas\" class=\"link \">August 13, 2025<\/a><\/p>\n<\/blockquote>\n<p>Les propri\u00e9taires de chiens invit\u00e9s \u00e0 \u00e9viter le parc<\/p>\n<p>\u00ab\u00a0Deux personnes de l\u2019association ont commenc\u00e9 \u00e0 nettoyer la poudre mais une a eu les mains br\u00fbl\u00e9es\u00a0\u00bb, t\u00e9moigne la pr\u00e9sidente de l\u2019association. \u00ab\u00a0Apr\u00e8s \u00e7a, on a directement appel\u00e9 la <a href=\"https:\/\/www.20minutes.fr\/dossier\/police?at_medium=RSS%20feed&amp;at_campaign=ynews&amp;utm_source=yahoo&amp;utm_medium=rss&amp;utm_campaign=news_feed&amp;utm_content=in_article_link\" rel=\"nofollow noopener\" target=\"_blank\" data-ylk=\"slk:police;elm:context_link;itc:0;sec:content-canvas\" class=\"link \">police<\/a> en pensant que \u00e7a pouvait \u00eatre de la chaux.\u00a0\u00bb Sur place, les policiers ont constat\u00e9 les faits mais attendent un d\u00e9p\u00f4t de plainte pour ouvrir une <a href=\"https:\/\/www.20minutes.fr\/dossier\/enquete?at_medium=RSS%20feed&amp;at_campaign=ynews&amp;utm_source=yahoo&amp;utm_medium=rss&amp;utm_campaign=news_feed&amp;utm_content=in_article_link\" rel=\"nofollow noopener\" target=\"_blank\" data-ylk=\"slk:enqu\u00eate;elm:context_link;itc:0;sec:content-canvas\" class=\"link \">enqu\u00eate<\/a>.<\/p>\n<p>Des b\u00e9n\u00e9voles ont effectu\u00e9 un pr\u00e9l\u00e8vement de la poudre avant de nettoyer l\u2019espace. Interrog\u00e9e par Le Parisien, la pr\u00e9sidente de l\u2019association a indiqu\u00e9 qu\u2019elle d\u00e9poserait une plainte d\u00e8s son retour de vacances. En attendant, l\u2019information continue de circuler et les propri\u00e9taires de chiens sont invit\u00e9s \u00e0 \u00e9viter le parc canin, car des r\u00e9sidus de poudre pourraient se trouver dans le sable.<\/p>\n<p>De nombreuses th\u00e9ories circulent en attendant, les espaces canins parisiens n\u2019\u00e9tant pas toujours tr\u00e8s bi(&#8230;)<\/p>\n<p><a href=\"https:\/\/www.20minutes.fr\/faits_divers\/4167871-20250813-paris-etrange-poudre-blanche-dispersee-parc-canin-proprietaires-chiens-inquiets?at_medium=RSS%20feed&amp;at_campaign=ynews&amp;utm_source=yahoo&amp;utm_medium=rss&amp;utm_campaign=news_feed&amp;utm_content=read_more_link&quot;\" rel=\"nofollow noopener\" target=\"_blank\" data-ylk=\"slk:Lire la suite sur 20minutes;elm:context_link;itc:0;sec:content-canvas\" class=\"link \">Lire la suite sur 20minutes<\/a><\/p>\n<p>\u00c0 lire aussi :<br \/><a href=\"https:\/\/www.20minutes.fr\/monde\/maroc\/4167000-20250807-maroc-sous-pression-face-ampleur-chiens-errants-avant-coupe-monde-2030?at_medium=RSS%20feed&amp;at_campaign=ynews&amp;utm_source=yahoo&amp;utm_medium=rss&amp;utm_campaign=news_feed&amp;utm_content=related_content_link\" rel=\"nofollow noopener\" target=\"_blank\" data-ylk=\"slk:Le Maroc sous pression face \u00e0 l\u2019ampleur des chiens errants avant la Coupe du monde\u00a02030;elm:context_link;itc:0;sec:content-canvas\" class=\"link \">Le Maroc sous pression face \u00e0 l\u2019ampleur des chiens errants avant la Coupe du monde\u00a02030<\/a><br \/><a href=\"https:\/\/www.20minutes.fr\/societe\/4164808-20250723-animaux-compagnie-posseder-chat-chien-permet-preserver-sante-mentale?at_medium=RSS%20feed&amp;at_campaign=ynews&amp;utm_source=yahoo&amp;utm_medium=rss&amp;utm_campaign=news_feed&amp;utm_content=related_content_link\" rel=\"nofollow noopener\" target=\"_blank\" data-ylk=\"slk:Animaux de compagnie\u00a0: Poss\u00e9der un chat ou un chien permet-il de pr\u00e9server sa sant\u00e9 mentale\u00a0?;elm:context_link;itc:0;sec:content-canvas\" class=\"link \">Animaux de compagnie\u00a0: Poss\u00e9der un chat ou un chien permet-il de pr\u00e9server sa sant\u00e9 mentale\u00a0?<\/a><\/p>\n<p><script async src=\"https:\/\/platform.twitter.com\/widgets.js\" charset=\"utf-8\"><\/script><\/p>\n","protected":false},"excerpt":{"rendered":"POISON\u00a0? &#8211; Une myst\u00e9rieuse poudre blanche a \u00e9t\u00e9 d\u00e9couverte dispers\u00e9e sur le sol d\u2019un parc canin de Paris&hellip;\n","protected":false},"author":2,"featured_media":317996,"comment_status":"","ping_status":"","sticky":false,"template":"","format":"standard","meta":{"footnotes":""},"categories":[1888],"tags":[1111,1928,11,1927,13370,1777,674,1011,27,45628,5553,12,1926,626,1925,20721,25],"class_list":{"0":"post-317995","1":"post","2":"type-post","3":"status-publish","4":"format-standard","5":"has-post-thumbnail","7":"category-paris","8":"tag-actu","9":"tag-actu-paris","10":"tag-actualites","11":"tag-actualites-paris","12":"tag-chiens","13":"tag-eu","14":"tag-europe","15":"tag-fr","16":"tag-france","17":"tag-le-parc","18":"tag-le-parisien","19":"tag-news","20":"tag-news-paris","21":"tag-paris","22":"tag-paris-news","23":"tag-proprietaires","24":"tag-republique-francaise"},"share_on_mastodon":{"url":"https:\/\/pubeurope.com\/@fr\/115025738708779296","error":""},"_links":{"self":[{"href":"https:\/\/www.europesays.com\/fr\/wp-json\/wp\/v2\/posts\/317995","targetHints":{"allow":["GET"]}}],"collection":[{"href":"https:\/\/www.europesays.com\/fr\/wp-json\/wp\/v2\/posts"}],"about":[{"href":"https:\/\/www.europesays.com\/fr\/wp-json\/wp\/v2\/types\/post"}],"author":[{"embeddable":true,"href":"https:\/\/www.europesays.com\/fr\/wp-json\/wp\/v2\/users\/2"}],"replies":[{"embeddable":true,"href":"https:\/\/www.europesays.com\/fr\/wp-json\/wp\/v2\/comments?post=317995"}],"version-history":[{"count":0,"href":"https:\/\/www.europesays.com\/fr\/wp-json\/wp\/v2\/posts\/317995\/revisions"}],"wp:featuredmedia":[{"embeddable":true,"href":"https:\/\/www.europesays.com\/fr\/wp-json\/wp\/v2\/media\/317996"}],"wp:attachment":[{"href":"https:\/\/www.europesays.com\/fr\/wp-json\/wp\/v2\/media?parent=317995"}],"wp:term":[{"taxonomy":"category","embeddable":true,"href":"https:\/\/www.europesays.com\/fr\/wp-json\/wp\/v2\/categories?post=317995"},{"taxonomy":"post_tag","embeddable":true,"href":"https:\/\/www.europesays.com\/fr\/wp-json\/wp\/v2\/tags?post=317995"}],"curies":[{"name":"wp","href":"https:\/\/api.w.org\/{rel}","templated":true}]}}