{"id":317997,"date":"2025-08-14T06:37:14","date_gmt":"2025-08-14T06:37:14","guid":{"rendered":"https:\/\/www.europesays.com\/fr\/317997\/"},"modified":"2025-08-14T06:37:14","modified_gmt":"2025-08-14T06:37:14","slug":"montreuil-la-condamnation-dun-animateur-pour-agression-sexuelle-met-des-parents-deleves-en-emoi","status":"publish","type":"post","link":"https:\/\/www.europesays.com\/fr\/317997\/","title":{"rendered":"Montreuil\u00a0: la condamnation d\u2019un animateur pour agression sexuelle met des parents d\u2019\u00e9l\u00e8ves en \u00e9moi"},"content":{"rendered":"<p class=\"paragraph text_align_left lp-f-body-02\">\u00ab Je n\u2019ai pas besoin qu\u2019on sache que ma fille est une victime, l\u00e2che Clothilde (le pr\u00e9nom a \u00e9t\u00e9 chang\u00e9). Je veux simplement \u00eatre s\u00fbre que c\u2019est la seule. \u00bb Pour cette journaliste et militante f\u00e9ministe de 41 ans, comme pour sa famille, l\u2019ann\u00e9e scolaire qui vient de s\u2019\u00e9couler aura \u00e9t\u00e9 particuli\u00e8rement \u00e9prouvante.<\/p>\n<p class=\"paragraph text_align_left lp-f-body-02\">Elle s\u2019est ouverte avec <a href=\"https:\/\/www.leparisien.fr\/faits-divers\/violences-sexuelles-plus-des-trois-quarts-des-affaires-classees-sans-suite-en-france-selon-une-etude-03-04-2024-JBMMJELQRVGBJFDM56D4Y4MEWA.php\" target=\"_self\" rel=\"nofollow noopener\">l\u2019agression sexuelle<\/a> d\u2019Aurore (le pr\u00e9nom a \u00e9t\u00e9 chang\u00e9), la plus jeune de ses deux enfants, par un animateur de l\u2019accueil de loisirs. Elle se referme avec une crainte partag\u00e9e par une partie de la communaut\u00e9 parentale de l\u2019\u00e9cole Paul-Bert \u00e0 <a href=\"https:\/\/www.leparisien.fr\/seine-saint-denis-93\/montreuil-93100\/\" target=\"_self\" rel=\"nofollow noopener\">Montreuil<\/a> (Seine-Saint-Denis) : et s\u2019il existait d\u2019autres victimes ?<\/p>\n","protected":false},"excerpt":{"rendered":"\u00ab Je n\u2019ai pas besoin qu\u2019on sache que ma fille est une victime, l\u00e2che Clothilde (le pr\u00e9nom a&hellip;\n","protected":false},"author":2,"featured_media":317998,"comment_status":"","ping_status":"","sticky":false,"template":"","format":"standard","meta":{"footnotes":""},"categories":[1888],"tags":[11,1777,674,1011,27,1944,12,626,25,1945],"class_list":{"0":"post-317997","1":"post","2":"type-post","3":"status-publish","4":"format-standard","5":"has-post-thumbnail","7":"category-paris","8":"tag-actualites","9":"tag-eu","10":"tag-europe","11":"tag-fr","12":"tag-france","13":"tag-ma-ville","14":"tag-news","15":"tag-paris","16":"tag-republique-francaise","17":"tag-seine-saint-denis"},"share_on_mastodon":{"url":"https:\/\/pubeurope.com\/@fr\/115025742835049821","error":""},"_links":{"self":[{"href":"https:\/\/www.europesays.com\/fr\/wp-json\/wp\/v2\/posts\/317997","targetHints":{"allow":["GET"]}}],"collection":[{"href":"https:\/\/www.europesays.com\/fr\/wp-json\/wp\/v2\/posts"}],"about":[{"href":"https:\/\/www.europesays.com\/fr\/wp-json\/wp\/v2\/types\/post"}],"author":[{"embeddable":true,"href":"https:\/\/www.europesays.com\/fr\/wp-json\/wp\/v2\/users\/2"}],"replies":[{"embeddable":true,"href":"https:\/\/www.europesays.com\/fr\/wp-json\/wp\/v2\/comments?post=317997"}],"version-history":[{"count":0,"href":"https:\/\/www.europesays.com\/fr\/wp-json\/wp\/v2\/posts\/317997\/revisions"}],"wp:featuredmedia":[{"embeddable":true,"href":"https:\/\/www.europesays.com\/fr\/wp-json\/wp\/v2\/media\/317998"}],"wp:attachment":[{"href":"https:\/\/www.europesays.com\/fr\/wp-json\/wp\/v2\/media?parent=317997"}],"wp:term":[{"taxonomy":"category","embeddable":true,"href":"https:\/\/www.europesays.com\/fr\/wp-json\/wp\/v2\/categories?post=317997"},{"taxonomy":"post_tag","embeddable":true,"href":"https:\/\/www.europesays.com\/fr\/wp-json\/wp\/v2\/tags?post=317997"}],"curies":[{"name":"wp","href":"https:\/\/api.w.org\/{rel}","templated":true}]}}