{"id":318000,"date":"2025-08-14T06:39:10","date_gmt":"2025-08-14T06:39:10","guid":{"rendered":"https:\/\/www.europesays.com\/fr\/318000\/"},"modified":"2025-08-14T06:39:10","modified_gmt":"2025-08-14T06:39:10","slug":"vladimir-poutine-et-kim-jong-un-une-alliance-renouvelee-en-amont-des-negociations-sur-lukraine","status":"publish","type":"post","link":"https:\/\/www.europesays.com\/fr\/318000\/","title":{"rendered":"Vladimir Poutine et Kim Jong-un, une alliance renouvel\u00e9e en amont des n\u00e9gociations sur l&rsquo;Ukraine"},"content":{"rendered":"<p class=\"reading-time\">Temps de lecture: 2 minutes &#8211; Rep\u00e9r\u00e9 sur <a href=\"https:\/\/www.bbc.com\/news\/articles\/ckge2kr85wzo\" rel=\"nofollow noopener\" target=\"_blank\">BBC<\/a><\/p>\n<p>C&rsquo;est une entente diplomatique pr\u00e9cieuse dans un contexte o\u00f9<br \/>\nla Russie entend mener \u00e0 son avantage <a href=\"https:\/\/www.slate.fr\/monde\/sommet-guerre-ukraine-alaska-trump-poutine-echange-territoires-zelensky-etats-unis-russie\" target=\"_blank\" rel=\"nofollow noopener\">les n\u00e9gociations pour la paix avec l&rsquo;Ukraine<\/a>:<br \/>\nVladimir Poutine a r\u00e9affirm\u00e9 son \u00abamiti\u00e9\u00bb avec le dirigeant nord-cor\u00e9en<br \/>\nKim Jong-un, tout juste quatre jours avant le sommet en Alaska pr\u00e9vu avec<br \/>\nDonald Trump ce vendredi 15 ao\u00fbt 2025 pour discuter d&rsquo;une issue possible au<br \/>\nconflit.<\/p>\n<p>Poutine a salu\u00e9 le soutien militaire de Pyongyang \u00e0 la<br \/>\nguerre contre l&rsquo;Ukraine, en particulier <a href=\"https:\/\/www.slate.fr\/monde\/koursk-retrait-ukraine-armee-russie-oblast-militaire-materiel-zelensky\" target=\"_blank\" rel=\"nofollow noopener\">dans la bataille pour Koursk<\/a>, et a<br \/>\nr\u00e9affirm\u00e9 un engagement commun \u00aben faveur du d\u00e9veloppement des relations d&rsquo;amiti\u00e9,<br \/>\nde bon voisinage et de coop\u00e9ration\u00bb.<\/p>\n<p>        <img decoding=\"async\" alt=\"Abonnez-vous gratuitement \u00e0 la newsletter de Slate !\" loading=\"lazy\" class=\"ms-4 ms-md-0\" width=\"82\" height=\"82\" src=\"https:\/\/www.slate.fr\/assets\/newsletter-dd7c4ea7fb4ce45aacc56875521d4bde7ec4ba23f0a0ae088566df808b3a80c3.svg\"\/><br \/>\n        Abonnez-vous gratuitement \u00e0 la newsletter de Slate !Les articles sont s\u00e9lectionn\u00e9s pour vous, en fonction de vos centres d\u2019int\u00e9r\u00eat, tous les jours dans votre bo\u00eete mail.<\/p>\n<p>Alliances autoritaires<\/p>\n<p>Cette d\u00e9claration intervient alors m\u00eame que la BBC a r\u00e9v\u00e9l\u00e9<br \/>\ncette semaine la <a href=\"https:\/\/www.bbc.com\/news\/articles\/c2077gwjlvxo\" target=\"_blank\" rel=\"nofollow noopener\">situation de quasi-esclavagisme<\/a> de milliers de travailleurs<br \/>\nnord-cor\u00e9ens envoy\u00e9s en Russie pour participer \u00e0 des projets de construction et<br \/>\nfaire face au manque de main d&rsquo;\u0153uvre li\u00e9 \u00e0 la guerre.<\/p>\n<p>Or c&rsquo;est bien l&rsquo;invasion de l&rsquo;Ukraine par la Russie qui a marqu\u00e9<br \/>\nun rapprochement sans pr\u00e9c\u00e9dent des deux pays, la Cor\u00e9e du Nord ayant envoy\u00e9<br \/>\ncombattre au moins 10.000 soldats sur le front ukrainien, <a href=\"https:\/\/korii.slate.fr\/et-caetera\/coree-du-nord-livraisons-cargaisons-armes-secret-russie-images-satellites-munitions-echange-soutien-militaire-guerre-ukraine\" target=\"_blank\" rel=\"nofollow noopener\">fournissant \u00e0 l&rsquo;arm\u00e9e<br \/>\nrusse<\/a> des missiles et des obus d&rsquo;artillerie.<\/p>\n<p>Alors que la Russie s&rsquo;est ali\u00e9n\u00e9 l&rsquo;Europe dans ce conflit<br \/>\naux r\u00e9percussions mondiales, elle cherche \u00e0 renforcer ses soutiens aupr\u00e8s des<br \/>\nr\u00e9gimes autoritaires qui ont ent\u00e9rin\u00e9 leur lutte contre le mod\u00e8le d\u00e9mocratique occidental\u2026<br \/>\net t\u00e2te le terrain \u00e9tats-unien en vue des prochaines n\u00e9gociations.<\/p>\n","protected":false},"excerpt":{"rendered":"Temps de lecture: 2 minutes &#8211; Rep\u00e9r\u00e9 sur BBC C&rsquo;est une entente diplomatique pr\u00e9cieuse dans un contexte o\u00f9&hellip;\n","protected":false},"author":2,"featured_media":318001,"comment_status":"","ping_status":"","sticky":false,"template":"","format":"standard","meta":{"footnotes":""},"categories":[1591],"tags":[11,1887,12,1885,1886,132],"class_list":{"0":"post-318000","1":"post","2":"type-post","3":"status-publish","4":"format-standard","5":"has-post-thumbnail","7":"category-russie","8":"tag-actualites","9":"tag-federation-de-russie","10":"tag-news","11":"tag-russia","12":"tag-russian-federation","13":"tag-russie"},"share_on_mastodon":{"url":"https:\/\/pubeurope.com\/@fr\/115025750572074128","error":""},"_links":{"self":[{"href":"https:\/\/www.europesays.com\/fr\/wp-json\/wp\/v2\/posts\/318000","targetHints":{"allow":["GET"]}}],"collection":[{"href":"https:\/\/www.europesays.com\/fr\/wp-json\/wp\/v2\/posts"}],"about":[{"href":"https:\/\/www.europesays.com\/fr\/wp-json\/wp\/v2\/types\/post"}],"author":[{"embeddable":true,"href":"https:\/\/www.europesays.com\/fr\/wp-json\/wp\/v2\/users\/2"}],"replies":[{"embeddable":true,"href":"https:\/\/www.europesays.com\/fr\/wp-json\/wp\/v2\/comments?post=318000"}],"version-history":[{"count":0,"href":"https:\/\/www.europesays.com\/fr\/wp-json\/wp\/v2\/posts\/318000\/revisions"}],"wp:featuredmedia":[{"embeddable":true,"href":"https:\/\/www.europesays.com\/fr\/wp-json\/wp\/v2\/media\/318001"}],"wp:attachment":[{"href":"https:\/\/www.europesays.com\/fr\/wp-json\/wp\/v2\/media?parent=318000"}],"wp:term":[{"taxonomy":"category","embeddable":true,"href":"https:\/\/www.europesays.com\/fr\/wp-json\/wp\/v2\/categories?post=318000"},{"taxonomy":"post_tag","embeddable":true,"href":"https:\/\/www.europesays.com\/fr\/wp-json\/wp\/v2\/tags?post=318000"}],"curies":[{"name":"wp","href":"https:\/\/api.w.org\/{rel}","templated":true}]}}