{"id":318006,"date":"2025-08-14T06:42:10","date_gmt":"2025-08-14T06:42:10","guid":{"rendered":"https:\/\/www.europesays.com\/fr\/318006\/"},"modified":"2025-08-14T06:42:10","modified_gmt":"2025-08-14T06:42:10","slug":"le-pib-progresse-de-03-au-deuxieme-trimestre-au-dela-des-previsions","status":"publish","type":"post","link":"https:\/\/www.europesays.com\/fr\/318006\/","title":{"rendered":"le PIB progresse de 0,3% au deuxi\u00e8me trimestre, au-del\u00e0 des pr\u00e9visions"},"content":{"rendered":"<p class=\"fig-paragraph\">Le\u00a0<a href=\"http:\/\/www.lefigaro.fr\/flash-eco\/le-produit-interieur-brut-pib-du-royaume-uni-rebondit-de-0-3-en-novembre-20240112\" data-fig-type=\"NewsFlash\" data-gtm-custom-categorie=\"navigation\" data-gtm-custom-action=\"crossclick\" data-gtm-custom-label=\"Contextuel\" data-gtm-event=\"customEventSPE\" data-fig-domain=\"LEFIGARO\" rel=\"nofollow noopener\" target=\"_blank\">produit int\u00e9rieur brut (PIB)<\/a>\u00a0du Royaume-Uni a progress\u00e9 de 0,3% au deuxi\u00e8me trimestre, selon l&rsquo;Office national des statistiques (ONS) jeudi, un chiffre meilleur qu&rsquo;attendu, mais en recul par rapport au premier trimestre (+0,7%), en raison des droits de douane am\u00e9ricains et de hausses d&rsquo;imp\u00f4ts.<\/p>\n<p class=\"fig-paragraph\">La croissance \u00e9tait attendue en hausse de 0,1% sur le trimestre, selon un consensus d&rsquo;analystes interrog\u00e9s par Bloomberg.<\/p>\n<p>                                    <a class=\"fig-a11y-skip a11y-hidden\" href=\"#fig-a11y-skip-main-inarticle\"><br \/>\n        Passer la publicit\u00e9<br \/>\n    <\/a><\/p>\n<p class=\"fig-paragraph\">Plus d\u2019informations \u00e0 venir&#8230;<\/p>\n","protected":false},"excerpt":{"rendered":"Le\u00a0produit int\u00e9rieur brut (PIB)\u00a0du Royaume-Uni a progress\u00e9 de 0,3% au deuxi\u00e8me trimestre, selon l&rsquo;Office national des statistiques (ONS)&hellip;\n","protected":false},"author":2,"featured_media":318007,"comment_status":"","ping_status":"","sticky":false,"template":"","format":"standard","meta":{"footnotes":""},"categories":[1588],"tags":[11,1777,674,12,6311,473,1853,1851,1850,1852],"class_list":{"0":"post-318006","1":"post","2":"type-post","3":"status-publish","4":"format-standard","5":"has-post-thumbnail","7":"category-royaume-uni","8":"tag-actualites","9":"tag-eu","10":"tag-europe","11":"tag-news","12":"tag-pib","13":"tag-royaume-uni","14":"tag-royaume-uni-de-grande-bretagne-et-dirlande-du-nord","15":"tag-uk","16":"tag-united-kingdom","17":"tag-united-kingdom-of-great-britain-and-northern-ireland"},"share_on_mastodon":{"url":"https:\/\/pubeurope.com\/@fr\/115025762335020540","error":""},"_links":{"self":[{"href":"https:\/\/www.europesays.com\/fr\/wp-json\/wp\/v2\/posts\/318006","targetHints":{"allow":["GET"]}}],"collection":[{"href":"https:\/\/www.europesays.com\/fr\/wp-json\/wp\/v2\/posts"}],"about":[{"href":"https:\/\/www.europesays.com\/fr\/wp-json\/wp\/v2\/types\/post"}],"author":[{"embeddable":true,"href":"https:\/\/www.europesays.com\/fr\/wp-json\/wp\/v2\/users\/2"}],"replies":[{"embeddable":true,"href":"https:\/\/www.europesays.com\/fr\/wp-json\/wp\/v2\/comments?post=318006"}],"version-history":[{"count":0,"href":"https:\/\/www.europesays.com\/fr\/wp-json\/wp\/v2\/posts\/318006\/revisions"}],"wp:featuredmedia":[{"embeddable":true,"href":"https:\/\/www.europesays.com\/fr\/wp-json\/wp\/v2\/media\/318007"}],"wp:attachment":[{"href":"https:\/\/www.europesays.com\/fr\/wp-json\/wp\/v2\/media?parent=318006"}],"wp:term":[{"taxonomy":"category","embeddable":true,"href":"https:\/\/www.europesays.com\/fr\/wp-json\/wp\/v2\/categories?post=318006"},{"taxonomy":"post_tag","embeddable":true,"href":"https:\/\/www.europesays.com\/fr\/wp-json\/wp\/v2\/tags?post=318006"}],"curies":[{"name":"wp","href":"https:\/\/api.w.org\/{rel}","templated":true}]}}