{"id":318010,"date":"2025-08-14T06:44:12","date_gmt":"2025-08-14T06:44:12","guid":{"rendered":"https:\/\/www.europesays.com\/fr\/318010\/"},"modified":"2025-08-14T06:44:12","modified_gmt":"2025-08-14T06:44:12","slug":"leurope-attend-la-rencontre-poutine-trump-dans-le-calme-14-08-2025-a-0807","status":"publish","type":"post","link":"https:\/\/www.europesays.com\/fr\/318010\/","title":{"rendered":"L&rsquo;Europe attend la rencontre Poutine\/Trump dans le calme &#8211; 14\/08\/2025 \u00e0 08:07"},"content":{"rendered":"<p>\n (AOF) &#8211; La prudence devrait dominer ce matin \u00e0 l\u2019ouverture sur les march\u00e9s europ\u00e9ens, \u00e0 la veille de la rencontre entre Vladimir Poutine et Donald Trump au sujet de l\u2019Ukraine. Hier, le pr\u00e9sident des \u00c9tats-Unis s\u2019est entretenu avec des dirigeants europ\u00e9ens et Volodimir Zelensky, un entretien qu\u2019il a qualifi\u00e9 de \u00ab tr\u00e8s bon appel \u00bb. En outre, Donald Trump a indiqu\u00e9 que la rencontre avec son homologue russe pourrait \u00eatre suivie d\u2019une deuxi\u00e8me en pr\u00e9sence du pr\u00e9sident ukrainien. Dans ces conditions, selon les futurs sur indice, le CAC 40 est attendu en baisse d\u2019environ 0,20 %.\n<\/p>\n<p>\n <strong><br \/>\n  Les valeurs \u00e0 suivre aujourd&rsquo;hui<br \/>\n <\/strong>\n<\/p>\n<p>\n <strong><br \/>\n  2CRSi<br \/>\n <\/strong>\n<\/p>\n<p>\n 2CRSi a annonc\u00e9 la signature d&rsquo;un contrat majeur de 47 millions d&rsquo;euros pour la fourniture de serveurs haute performance destin\u00e9s \u00e0 des applications d&rsquo;intelligence artificielle de pointe en Malaisie. La soci\u00e9t\u00e9 qui con\u00e7oit et fabrique des serveurs de haute performance pr\u00e9voit de livrer cette commande d&rsquo;ici \u00e0 la fin de l&rsquo;ann\u00e9e et pr\u00e9cise que ce contrat illustre \u00a0\u00bb la confiance renouvel\u00e9e de partenaires internationaux dans la performance et la fiabilit\u00e9 des solutions technologiques de 2CRSi \u00ab\u00a0.\n<\/p>\n<p>\n <strong><br \/>\n  Carmat<br \/>\n <\/strong>\n<\/p>\n<p>\n Carmat a annonc\u00e9 la suspension de la cotation de son titre \u00e0 partir du jeudi 14 ao\u00fbt avant l&rsquo;ouverture des march\u00e9s, en amont de l&rsquo;audience pr\u00e9vue le 19 ao\u00fbt prochain. \u00c0 l&rsquo;issue d&rsquo;un appel d&rsquo;offres lanc\u00e9 dans le cadre de la proc\u00e9dure de redressement judiciaire, la soci\u00e9t\u00e9 a re\u00e7u une offre de reprise en plan de cession qui sera examin\u00e9e le 19 ao\u00fbt prochain. Le concepteur et d\u00e9veloppeur du c\u0153ur artificiel total le plus avanc\u00e9 au monde a pr\u00e9cis\u00e9 de nouveau qu&rsquo;il n&rsquo;y aucune assurance que cette offre aboutisse.\n<\/p>\n<p>\n <strong><br \/>\n  Innelec<br \/>\n <\/strong>\n<\/p>\n<p>\n Au premier trimestre de l&rsquo;exercice 2025-2026, Innelec a g\u00e9n\u00e9r\u00e9 un chiffre d&rsquo;affaires de 15,9 millions d&rsquo;euros, en hausse de 2 % par rapport \u00e0 la m\u00eame p\u00e9riode un an plus t\u00f4t. La soci\u00e9t\u00e9 d\u00e9di\u00e9e \u00e0 la distribution dans l&rsquo;univers du jeu vid\u00e9o, \u00e0 la fabrication d&rsquo;accessoires et \u00e0 l&rsquo;animation et la valorisation de licences a indiqu\u00e9 que le mix produit avait \u00e9volu\u00e9 tr\u00e8s favorablement. Les ventes de produits d\u00e9riv\u00e9s sous licence ont bondi de 47 %, celles de jeux vid\u00e9o de 23 % et celles des accessoires de la marque Konix ont connu une croissance de 17 %.\n<\/p>\n<p>\n <strong><br \/>\n  Sanofi<br \/>\n <\/strong>\n<\/p>\n<p>\n L&rsquo;Agence europ\u00e9enne des m\u00e9dicaments a accord\u00e9 la d\u00e9signation de m\u00e9dicament orphelin au Rilzabrutinib de Sanofi, un inhibiteur de la tyrosine kinase de Bruton covalent et r\u00e9versible, pour la maladie li\u00e9e aux IgG4. Il s&rsquo;agit d&rsquo;un trouble fibro-inflammatoire chronique \u00e0 m\u00e9diation immunitaire qui se manifeste souvent par des masses tumorales et\/ou une augmentation indolore de plusieurs organes.\n<\/p>\n<p>\n <strong><br \/>\n  Les chiffres macro\u00e9conomiques<br \/>\n <\/strong>\n<\/p>\n<p>\n En France, les investisseurs surveilleront \u00e0 8h45 les chiffres de l&rsquo;inflation de juillet avant de se concentrer \u00e0 11h sur le PIB et la production industrielle de la zone euro.\n<\/p>\n<p>\n \u00c0 14h30 au \u00c9tats-Unis, ils se concentreront sur les nouvelles demandes hebdomadaires d&rsquo;allocation ch\u00f4mage.\n<\/p>\n<p>\n Sur le march\u00e9 des devises, l&rsquo;euro recule l\u00e9g\u00e8rement face (-0,06 %) face au billet vert et se n\u00e9gocie \u00e0 1,1699 dollar.\n<\/p>\n<p>\n <strong><br \/>\n  Hier \u00e0 Paris<br \/>\n <\/strong>\n<\/p>\n<p>\n Les march\u00e9s europ\u00e9ens ont cl\u00f4tur\u00e9 dans le vert ce mercredi, rassur\u00e9s par les chiffres de l&rsquo;inflation am\u00e9ricaine. Concernant le conflit russo-ukrainien, les dirigeants europ\u00e9ens et le pr\u00e9sident ukrainien Volodimir Zelensky ont particip\u00e9 aujourd&rsquo;hui \u00e0 Berlin \u00e0 une r\u00e9union en visio avec Trump. \u00a0\u00bb Nous esp\u00e8rerons qu&rsquo;il y aura un cessez-le-feu imm\u00e9diat \u00ab\u00a0, \u00e0 l&rsquo;issue de la r\u00e9union vendredi en Alaska entre Trump et Poutine vendredi, a d\u00e9clar\u00e9 Zelensky. Le CAC 40 a gagn\u00e9 0,66% \u00e0 7804 points, signant une deuxi\u00e8me s\u00e9ance de suite dans le positif. L&rsquo;Eurostoxx 50 a progress\u00e9 de 1,01% \u00e0 5389 points.\n<\/p>\n<p>\n <strong><br \/>\n  Hier \u00e0 Wall Street<br \/>\n <\/strong>\n<\/p>\n<p>\n Toujours port\u00e9s par l\u2019espoir de voir la R\u00e9serve f\u00e9d\u00e9rale des \u00c9tats-Unis baisser ses taux directeurs en septembre, les march\u00e9s am\u00e9ricains ont encha\u00een\u00e9 une deuxi\u00e8me hausse cons\u00e9cutive. Avec des gains respectifs de 0,14 et 0,32 %, le Nasdaq et le S&amp;P500 ont fini sur de nouveaux plus hauts historiques. De son c\u00f4t\u00e9, le Dow Jones a progress\u00e9 de 1,04 %. Au niveau g\u00e9opolitique, Donald Trump s\u2019est entretenu avec Volodimir Zelensky et des dirigeants europ\u00e9ens au sujet de l\u2019Ukraine, un entretien qu\u2019il a qualifi\u00e9 de \u00ab tr\u00e8s bon appel \u00bb.<\/p>\n","protected":false},"excerpt":{"rendered":"(AOF) &#8211; La prudence devrait dominer ce matin \u00e0 l\u2019ouverture sur les march\u00e9s europ\u00e9ens, \u00e0 la veille de&hellip;\n","protected":false},"author":2,"featured_media":15273,"comment_status":"","ping_status":"","sticky":false,"template":"","format":"standard","meta":{"footnotes":""},"categories":[1586],"tags":[400,11,398,408,405,1777,674,1011,27,403,402,399,404,12,25,401,406,407],"class_list":{"0":"post-318010","1":"post","2":"type-post","3":"status-publish","4":"format-standard","5":"has-post-thumbnail","7":"category-europe","8":"tag-action-cac-40","9":"tag-actualites","10":"tag-bourse-de-paris","11":"tag-boursorama","12":"tag-cotations","13":"tag-eu","14":"tag-europe","15":"tag-fr","16":"tag-france","17":"tag-indices-devises","18":"tag-investir","19":"tag-investissement","20":"tag-marche-boursier","21":"tag-news","22":"tag-republique-francaise","23":"tag-sicav","24":"tag-trackers","25":"tag-warrants"},"share_on_mastodon":{"url":"https:\/\/pubeurope.com\/@fr\/115025770169551114","error":""},"_links":{"self":[{"href":"https:\/\/www.europesays.com\/fr\/wp-json\/wp\/v2\/posts\/318010","targetHints":{"allow":["GET"]}}],"collection":[{"href":"https:\/\/www.europesays.com\/fr\/wp-json\/wp\/v2\/posts"}],"about":[{"href":"https:\/\/www.europesays.com\/fr\/wp-json\/wp\/v2\/types\/post"}],"author":[{"embeddable":true,"href":"https:\/\/www.europesays.com\/fr\/wp-json\/wp\/v2\/users\/2"}],"replies":[{"embeddable":true,"href":"https:\/\/www.europesays.com\/fr\/wp-json\/wp\/v2\/comments?post=318010"}],"version-history":[{"count":0,"href":"https:\/\/www.europesays.com\/fr\/wp-json\/wp\/v2\/posts\/318010\/revisions"}],"wp:featuredmedia":[{"embeddable":true,"href":"https:\/\/www.europesays.com\/fr\/wp-json\/wp\/v2\/media\/15273"}],"wp:attachment":[{"href":"https:\/\/www.europesays.com\/fr\/wp-json\/wp\/v2\/media?parent=318010"}],"wp:term":[{"taxonomy":"category","embeddable":true,"href":"https:\/\/www.europesays.com\/fr\/wp-json\/wp\/v2\/categories?post=318010"},{"taxonomy":"post_tag","embeddable":true,"href":"https:\/\/www.europesays.com\/fr\/wp-json\/wp\/v2\/tags?post=318010"}],"curies":[{"name":"wp","href":"https:\/\/api.w.org\/{rel}","templated":true}]}}