{"id":318011,"date":"2025-08-14T06:45:14","date_gmt":"2025-08-14T06:45:14","guid":{"rendered":"https:\/\/www.europesays.com\/fr\/318011\/"},"modified":"2025-08-14T06:45:14","modified_gmt":"2025-08-14T06:45:14","slug":"lespagne-demande-des-canadair-a-lunion-europeenne-pour-laider-a-combattre-ses-incendies-le-parisien","status":"publish","type":"post","link":"https:\/\/www.europesays.com\/fr\/318011\/","title":{"rendered":"L&#039;Espagne demande des Canadair \u00e0 l&#039;Union europ\u00e9enne pour l&#039;aider \u00e0 combattre ses incendies &#8211; Le Parisien"},"content":{"rendered":"<ol>\n<li><a href=\"https:\/\/news.google.com\/rss\/articles\/CBMi_AFBVV95cUxPeTNGOHhtWjVIUUYtMkFyRXF4VlZJZ2xWaFZSMGxuRUxLeTIybjJ5NTk4QjNkQ3YwbHhWT0t2RlVzdHFVSjdGS2ZWUzhabTJvR05HZUdxa1BCWmlJVG5WUjVyVGNFOFVzdEdKYnBHQ0Y2RWRrakxBYXBzMzdsSEFYZkFIUTRVZU5vdnROR0JNYWUxd2NDeXBrU2U0bHpYLWw5ZjFzUUZCb1FMeXNsV3FONXRxN1MyLUVhVHBEd0ZKcGFDQ1FEelh6UERNOU5hMktkS044dEU5dHRKZjBidFlWMDhNWEFORFotbXpOZTh4bmZfZFZFTjdpQkJrU2Q?oc=5\" target=\"_blank\" rel=\"noopener\">L&rsquo;Espagne demande des Canadair \u00e0 l&rsquo;Union europ\u00e9enne pour l&rsquo;aider \u00e0 combattre ses incendies<\/a>&nbsp;&nbsp;Le Parisien<\/li>\n<li><a href=\"https:\/\/news.google.com\/rss\/articles\/CBMirwFBVV95cUxQS2l1WW9NNVY5Vi1DMVdVc21QckVHTzhuc3BhdWdmVWFEeHowZjdXVGNENmJVMkhpOExwSXlqRnpUc2lxVGVQdEhhb2VRY3d6U0pOOU9wVmprY2NrdEowaEFKNFo5OEU5MktQdjYybDlQUkdyTDJ2dnB4dXdoRGZOSUQ1WlZVQlo5Vkh0cE00X3FLYm1VaUlzdWRkdE5QYmJYbzJiT21UTjllbGlHV1Fj?oc=5\" target=\"_blank\" rel=\"noopener\">L\u2019Espagne en proie \u00e0 de violents incendies<\/a>&nbsp;&nbsp;Le Monde.fr<\/li>\n<li><a href=\"https:\/\/news.google.com\/rss\/articles\/CBMilAJBVV95cUxPMXRIM0oteHVOTHJjbG5VZ1BOa2Zjc0d2bXZyQ2pEMmRFTk14bi1rWjJ6VThqdUNubWkyRXpfMlJnUnlpcVlmSGhkLTZUOFdIaVk3U04zckNya0pGdFVvM3V4dzdFdUlzSExhVUhuTTJGME5YT1pDdzJxX2JlZE1naENiVzBnakw4Qmd6anRTOHo1cVBkaE9rcFAtUG04Qmc5OWU5UU5NRXc0NUJQQkR1eElBLU0xWkswd0VqejdfOHhFbDVOOGpjZXh5YXV3VE1yUXV1TC0wZ2psSU1uLXQyR3RLaHJRRmliSUI4RDMxc21BOVgwdWpyaUUzNVgxMDFRQ2xSS1ptWXV0SS1ubjU0TGxiS3g?oc=5\" target=\"_blank\" rel=\"noopener\">L&rsquo;Espagne demande l&rsquo;aide de l&rsquo;UE pour combattre les incendies qui provoquent l&rsquo;\u00e9vacuation de milliers de personnes<\/a>&nbsp;&nbsp;BFMTV<\/li>\n<li><a href=\"https:\/\/news.google.com\/rss\/articles\/CBMi-wFBVV95cUxNRVZSbU13UzhzNWl1Q2V0YngybHFuSXN2QUhGeUc0RnhtS2dJMVRKQUtiZm5QWVFUYVFFbEpoMl9LOVpXb2hxWTZ3Vk9NM3FEZWJLNmFqNzVQU01vZklVM213TkJfelJDMFl3aWpGRVF1SFZwV3pGNnIxR1ZPbWlVVUJvOTRoamlSR3pFTzZVSE9FQ0EwOFBZUk95OEhydktSYjg2VnBTRjJuT3dkZGhyMWZmR1ZrV1BuQ0YzMnF4bEdIM3BoS0pjUXVFWk05RF9EejFFem5Hb2VQTVBvT1lkNExYbnp0bjBjb3UwRXViTmdPUVZsSTFKTTd0UQ?oc=5\" target=\"_blank\" rel=\"noopener\">Le bilan humain des incendies s\u2019alourdit en Espagne, Madrid sollicite le soutien europ\u00e9en<\/a>&nbsp;&nbsp;Ouest-France<\/li>\n<li><a href=\"https:\/\/news.google.com\/rss\/articles\/CBMi-wFBVV95cUxPSHBGdnRmWmdLY2ZQTmNpalE4ek02Tjk3NnJHS0xMeWplWjJqclpta3JTZEVYWngxOWVrdHliXzBCbWhBbmREQzF5Wkg4Vjc3dnhuNEhxWTlkcFg4T0ZCTGU2MGhQaldwc0VCdlhRcG9SUzVVZVNUMWttSzcxZ3ktTEFMRXVMS1JlUENDdlo1U0c4WFRWZzJaVXQtQzdhN0ZfUnIwQmljV3B5Zlc2bGRFMmlpbUFIVmplRHFZMTkyTmdPTjdTb0NUVk1CMnNhaW0xSHlJQmdQVDdGTEd0ajA0bW04cnkySUpIR2oxMlBqV1NMRmpfQUlvbVRHWQ?oc=5\" target=\"_blank\" rel=\"noopener\">Incendies en Espagne et au Portugal : le bilan humain s\u2019alourdit \u00e0 deux morts et sept personnes hospitalis\u00e9es<\/a>&nbsp;&nbsp;Sud Ouest<\/li>\n<\/ol>\n","protected":false},"excerpt":{"rendered":"L&rsquo;Espagne demande des Canadair \u00e0 l&rsquo;Union europ\u00e9enne pour l&rsquo;aider \u00e0 combattre ses incendies&nbsp;&nbsp;Le Parisien L\u2019Espagne en proie \u00e0&hellip;\n","protected":false},"author":2,"featured_media":1445,"comment_status":"","ping_status":"","sticky":false,"template":"","format":"standard","meta":{"footnotes":""},"categories":[1586],"tags":[11,1777,674,1779,1011,27,12,25,1778,364],"class_list":{"0":"post-318011","1":"post","2":"type-post","3":"status-publish","4":"format-standard","5":"has-post-thumbnail","7":"category-europe","8":"tag-actualites","9":"tag-eu","10":"tag-europe","11":"tag-european-union","12":"tag-fr","13":"tag-france","14":"tag-news","15":"tag-republique-francaise","16":"tag-ue","17":"tag-union-europeenne"},"share_on_mastodon":{"url":"https:\/\/pubeurope.com\/@fr\/115025774109473311","error":""},"_links":{"self":[{"href":"https:\/\/www.europesays.com\/fr\/wp-json\/wp\/v2\/posts\/318011","targetHints":{"allow":["GET"]}}],"collection":[{"href":"https:\/\/www.europesays.com\/fr\/wp-json\/wp\/v2\/posts"}],"about":[{"href":"https:\/\/www.europesays.com\/fr\/wp-json\/wp\/v2\/types\/post"}],"author":[{"embeddable":true,"href":"https:\/\/www.europesays.com\/fr\/wp-json\/wp\/v2\/users\/2"}],"replies":[{"embeddable":true,"href":"https:\/\/www.europesays.com\/fr\/wp-json\/wp\/v2\/comments?post=318011"}],"version-history":[{"count":0,"href":"https:\/\/www.europesays.com\/fr\/wp-json\/wp\/v2\/posts\/318011\/revisions"}],"wp:featuredmedia":[{"embeddable":true,"href":"https:\/\/www.europesays.com\/fr\/wp-json\/wp\/v2\/media\/1445"}],"wp:attachment":[{"href":"https:\/\/www.europesays.com\/fr\/wp-json\/wp\/v2\/media?parent=318011"}],"wp:term":[{"taxonomy":"category","embeddable":true,"href":"https:\/\/www.europesays.com\/fr\/wp-json\/wp\/v2\/categories?post=318011"},{"taxonomy":"post_tag","embeddable":true,"href":"https:\/\/www.europesays.com\/fr\/wp-json\/wp\/v2\/tags?post=318011"}],"curies":[{"name":"wp","href":"https:\/\/api.w.org\/{rel}","templated":true}]}}