{"id":318018,"date":"2025-08-14T06:51:21","date_gmt":"2025-08-14T06:51:21","guid":{"rendered":"https:\/\/www.europesays.com\/fr\/318018\/"},"modified":"2025-08-14T06:51:21","modified_gmt":"2025-08-14T06:51:21","slug":"nrl-tout-ce-quil-faut-savoir-avant-la-24eme-journee-de-nrl-rugby-a-xiii","status":"publish","type":"post","link":"https:\/\/www.europesays.com\/fr\/318018\/","title":{"rendered":"NRL &#8211; Tout ce qu&rsquo;il faut savoir avant la 24\u00e8me journ\u00e9e de NRL &#8211; Rugby \u00e0 XIII"},"content":{"rendered":"<p style=\"text-align: justify;\"><strong>Voici tout ce qu\u2019il faut savoir sur la <a href=\"https:\/\/treizemondial.fr\/calendrier-et-resultats-nrl-2025\/#J24\" target=\"_blank\" rel=\"noopener\">24\u00e8me journ\u00e9e de NRL<\/a>. \u00c7a commence fort avec le choc entre Penrith et Melbourne, et plusieurs autres affiches qui risquent de faire bouger le classement.<\/strong><\/p>\n<p>Les grosses affiches<br \/>\n<strong data-start=\"401\" data-end=\"449\">Panthers vs Storm : Un air de finale<\/strong><\/p>\n<p style=\"text-align: justify;\"><strong>Jeudi 14 ao\u00fbt \u00e0 11h50 sur beIN SPORTS 1<\/strong><\/p>\n<p style=\"text-align: justify;\" data-start=\"401\" data-end=\"868\">La semaine d\u00e9marre avec sans doute l\u2019affiche de la journ\u00e9e : les Panthers affrontent les Storm pour la revanche de la finale 2024. Melbourne avait gagn\u00e9 la premi\u00e8re confrontation lors du round 3 mais devra cette fois le faire \u00e0 Sydney. Et ce sera sans Ryan Papenhuyzen, absent pour commotion. Nick Meaney retrouve donc son poste \u00e0 l\u2019arri\u00e8re et Marion Seve fait son retour apr\u00e8s une longue blessure.<\/p>\n<p><strong data-start=\"870\" data-end=\"920\">Roosters vs Bulldogs : Attaque contre d\u00e9fense<\/strong><\/p>\n<p style=\"text-align: justify;\" data-start=\"870\" data-end=\"1272\"><strong>Vendredi 15 ao\u00fbt \u00e0 12h00 sur beIN SPORTS 1<\/strong><\/p>\n<p style=\"text-align: justify;\" data-start=\"870\" data-end=\"1272\">Les Roosters veulent continuer leur belle s\u00e9rie et tester le mur d\u00e9fensif des Bulldogs. Victor Radley remplace Siua Wong, forfait pour commotion. Naufahu Whyte monte en pilier et Egan Butcher d\u00e9bute en troisi\u00e8me ligne. Les Bulldogs conservent la m\u00eame \u00e9quipe mais Connor Tracey sera tr\u00e8s probablement nomm\u00e9 au poste d\u2019arri\u00e8re le jour du match. Un match important pour la qualification pour les Roosters et pour le top 4 pour les Dogs.<\/p>\n<p><strong data-start=\"1274\" data-end=\"1320\">Broncos vs Dolphins : Le derby de Brisbane<\/strong><\/p>\n<p style=\"text-align: justify;\" data-start=\"1274\" data-end=\"1678\"><strong>Samedi 16 ao\u00fbt \u00e0 9h30 sur beIN SPORTS 1<\/strong><\/p>\n<p style=\"text-align: justify;\" data-start=\"1274\" data-end=\"1678\">Les Broncos sont priv\u00e9s d\u2019Adam Reynolds et d\u2019Ezra Mam, laissant Ben Hunt et Billy Walters mener le jeu. Les Dolphins ont perdu Herbie Farnworth sur blessure aux ischios et Francis Molo pour suspension. Mark Nicholls d\u00e9bute en pilier, Kenny Bromwich revient en troisi\u00e8me ligne et la ligne arri\u00e8re est \u00e0 nouveau r\u00e9organis\u00e9e. Les deux \u00e9quipes ont perdu la semaine derni\u00e8re, il faut rebondir.<\/p>\n<p><a href=\"https:\/\/treizemondial.fr\/classement-nrl-2025\/\" class=\"vlp-link\" title=\"Classement NRL 2025\" target=\"_blank\" rel=\"noopener\"><img loading=\"lazy\" decoding=\"async\" style=\"max-width: 1024px;\" width=\"1024\" height=\"572\" src=\"https:\/\/www.europesays.com\/fr\/wp-content\/uploads\/2025\/08\/Classement-NRL-2025-1024x572.png\" class=\"attachment-large size-large\" alt=\"\"  \/><\/p>\n<p>Classement NRL 2025<\/p>\n<p>Lire l&rsquo;article<\/p>\n<p>treizemondial.fr<\/p>\n<p>Et les autres matchs<br \/>\n<strong>Warriors vs Dragons<\/strong><\/p>\n<p style=\"text-align: justify;\" data-start=\"1680\" data-end=\"1945\"><strong>Vendredi 15 ao\u00fbt \u00e0 10h00<\/strong><\/p>\n<p style=\"text-align: justify;\" data-start=\"1680\" data-end=\"1945\">Wayde Egan revient au talon. Te Maire Martin et Kurt Capewell sont absents. Les Dragons alignent Jack de Belin en troisi\u00e8me ligne pour son 250\u1d49 match NRL. Hayden Buchanan conserve sa place apr\u00e8s ses bons d\u00e9buts au centre.<\/p>\n<p><strong data-start=\"1947\" data-end=\"1967\">Sharks vs Titans<\/strong><\/p>\n<p style=\"text-align: justify;\" data-start=\"1947\" data-end=\"2129\"><strong>Samedi 16 ao\u00fbt \u00e0 7h00<\/strong><\/p>\n<p style=\"text-align: justify;\" data-start=\"1947\" data-end=\"2129\">Cronulla proc\u00e8de \u00e0 un ajustement : Hiroti entre dans le groupe. Les Titans r\u00e9cup\u00e8rent Tino Fa\u2019asuamaleaui, pr\u00eat \u00e0 renforcer le pack.<\/p>\n<p><strong data-start=\"2131\" data-end=\"2152\">Rabbitohs vs Eels<\/strong><\/p>\n<p style=\"text-align: justify;\" data-start=\"2131\" data-end=\"2342\"><strong>Samedi 16 ao\u00fbt \u00e0 11h35<\/strong><\/p>\n<p style=\"text-align: justify;\" data-start=\"2131\" data-end=\"2342\">Un seul changement pour Souths : Shaquai Mitchell remplace Lachlan Hubner. Cody Walker est dans les r\u00e9servistes, proche d\u2019un retour apr\u00e8s une blessure aux ischios.<\/p>\n<p><strong data-start=\"2344\" data-end=\"2374\">Wests Tigers vs Sea Eagles<\/strong><\/p>\n<p style=\"text-align: justify;\" data-start=\"2344\" data-end=\"2588\"><strong>Dimanche 17 ao\u00fbt \u00e0 6h00<\/strong><\/p>\n<p style=\"text-align: justify;\" data-start=\"2344\" data-end=\"2588\">Starford To\u2019a revient au centre, Brent Naden est envoy\u00e9 en r\u00e9serve. Jake Trbojevic est forfait (commotion), Jazz Tevaga d\u00e9bute en 13 et Lehi Hopoate revient \u00e0 l\u2019aile. D\u00e9faite interdite pour Manly.<\/p>\n<p><strong data-start=\"2590\" data-end=\"2612\">Cowboys vs Knights<\/strong><\/p>\n<p style=\"text-align: justify;\" data-start=\"2590\" data-end=\"2753\"><strong>Dimanche 17 ao\u00fbt \u00e0 8h05 sur beIN SPORTS 1<\/strong><\/p>\n<p style=\"text-align: justify;\" data-start=\"2590\" data-end=\"2753\">Les Cowboys esp\u00e8rent se rebooster \u00e0 domicile. Les Knights confirment le d\u00e9but de Connor Vatano au poste d\u2019arri\u00e8re.<\/p>\n<p><a href=\"https:\/\/treizemondial.fr\/la-course-au-top-8-en-nrl\/\" class=\"vlp-link\" title=\"La course au top 8 en NRL\" target=\"_blank\" rel=\"noopener\"><img loading=\"lazy\" decoding=\"async\" style=\"max-width: 1024px;\" width=\"1024\" height=\"576\" src=\"https:\/\/www.europesays.com\/fr\/wp-content\/uploads\/2025\/08\/La-course-au-top-8-en-NRL-1024x576.webp.webp\" class=\"attachment-large size-large\" alt=\"\"  \/><\/p>\n<p>La course au top 8 en NRL<\/p>\n<p>Plus que 4 rounds en NRL, la bataille fait rage pour \u00eatre bien plac\u00e9 pour le sprint des NRL Finals, mais aussi et surtout juste pour se qualifier.<\/p>\n<p>Lire l&rsquo;article<\/p>\n<p>treizemondial.fr<\/p>\n","protected":false},"excerpt":{"rendered":"Voici tout ce qu\u2019il faut savoir sur la 24\u00e8me journ\u00e9e de NRL. \u00c7a commence fort avec le choc&hellip;\n","protected":false},"author":2,"featured_media":318019,"comment_status":"","ping_status":"","sticky":false,"template":"","format":"standard","meta":{"footnotes":""},"categories":[1416],"tags":[1011,27,4473,479,2228,1468,2229,60],"class_list":{"0":"post-318018","1":"post","2":"type-post","3":"status-publish","4":"format-standard","5":"has-post-thumbnail","7":"category-rugby","8":"tag-fr","9":"tag-france","10":"tag-nrl","11":"tag-rugby","12":"tag-rugby-a-xiii","13":"tag-rugby-football","14":"tag-rugby-league","15":"tag-sports"},"share_on_mastodon":{"url":"https:\/\/pubeurope.com\/@fr\/115025797807843693","error":""},"_links":{"self":[{"href":"https:\/\/www.europesays.com\/fr\/wp-json\/wp\/v2\/posts\/318018","targetHints":{"allow":["GET"]}}],"collection":[{"href":"https:\/\/www.europesays.com\/fr\/wp-json\/wp\/v2\/posts"}],"about":[{"href":"https:\/\/www.europesays.com\/fr\/wp-json\/wp\/v2\/types\/post"}],"author":[{"embeddable":true,"href":"https:\/\/www.europesays.com\/fr\/wp-json\/wp\/v2\/users\/2"}],"replies":[{"embeddable":true,"href":"https:\/\/www.europesays.com\/fr\/wp-json\/wp\/v2\/comments?post=318018"}],"version-history":[{"count":0,"href":"https:\/\/www.europesays.com\/fr\/wp-json\/wp\/v2\/posts\/318018\/revisions"}],"wp:featuredmedia":[{"embeddable":true,"href":"https:\/\/www.europesays.com\/fr\/wp-json\/wp\/v2\/media\/318019"}],"wp:attachment":[{"href":"https:\/\/www.europesays.com\/fr\/wp-json\/wp\/v2\/media?parent=318018"}],"wp:term":[{"taxonomy":"category","embeddable":true,"href":"https:\/\/www.europesays.com\/fr\/wp-json\/wp\/v2\/categories?post=318018"},{"taxonomy":"post_tag","embeddable":true,"href":"https:\/\/www.europesays.com\/fr\/wp-json\/wp\/v2\/tags?post=318018"}],"curies":[{"name":"wp","href":"https:\/\/api.w.org\/{rel}","templated":true}]}}