{"id":318020,"date":"2025-08-14T06:52:11","date_gmt":"2025-08-14T06:52:11","guid":{"rendered":"https:\/\/www.europesays.com\/fr\/318020\/"},"modified":"2025-08-14T06:52:11","modified_gmt":"2025-08-14T06:52:11","slug":"exploit-majuscule-du-francais-terence-atmane-victorieux-de-taylor-fritz-a-cincinnati","status":"publish","type":"post","link":"https:\/\/www.europesays.com\/fr\/318020\/","title":{"rendered":"exploit majuscule du Fran\u00e7ais T\u00e9rence Atmane, victorieux de Taylor Fritz \u00e0 Cincinnati"},"content":{"rendered":"<p>Issu des qualifications, le jeune tennisman fran\u00e7ais (23 ans) a \u00e9limin\u00e9 le 4e mondial Taylor Fritz ce mercredi et rejoint les quarts de finale.<\/p>\n<p class=\"fig-paragraph\">Le m\u00e9connu tennisman fran\u00e7ais\u00a0<a href=\"http:\/\/www.lefigaro.fr\/sports\/tennis\/tennis-terence-atmane-repeche-a-toronto-apres-le-forfait-d-ugo-humbert-20250729\" data-fig-type=\"NewsFlash\" data-gtm-custom-categorie=\"navigation\" data-gtm-custom-action=\"crossclick\" data-gtm-custom-label=\"Contextuel\" data-gtm-event=\"customEventSPE\" data-fig-domain=\"LEFIGARO\" target=\"_blank\" rel=\"noopener\">T\u00e9rence Atmane<\/a>\u00a0a fait sensation en battant l&rsquo;Am\u00e9ricain Taylor Fritz, 4e mondial, pour atteindre les quarts de finale du Masters 1000 de Cincinnati mercredi. Jessica Pegula, 4e mondiale WTA et finaliste du tournoi l&rsquo;an pass\u00e9, a, elle, \u00e9t\u00e9 sortie au 3e tour.<\/p>\n<p class=\"fig-paragraph\">T\u00e9rence Atmane, gaucher \u00e2g\u00e9 de 23 ans, 136e joueur mondial issu des qualifications dans l&rsquo;Ohio, s&rsquo;est appuy\u00e9 sur un gros service (13 aces) et son lourd coup droit lift\u00e9 pour s&rsquo;imposer 3-6, 7-5, 6-3 en deux heures de jeu. \u00abC&rsquo;est la plus grosse victoire de ma carri\u00e8re, j&rsquo;en perds les mots, c&rsquo;est exceptionnel\u00bb, a d\u00e9clar\u00e9 Atmane au micro des organisateurs, apr\u00e8s avoir vers\u00e9 quelques larmes \u00e0 l&rsquo;issue de la partie.<\/p>\n<p>                                    <a class=\"fig-a11y-skip a11y-hidden\" href=\"#fig-a11y-skip-main-inarticle\"><br \/>\n        Passer la publicit\u00e9<br \/>\n    <\/a><\/p>\n<p class=\"fig-paragraph\">Le Fran\u00e7ais jouera ainsi d\u00e8s jeudi en session nocturne son premier quart de finale d&rsquo;un tournoi de ce niveau contre un autre cador du tennis mondial, le Danois Holger Rune (22 ans, 9e), apr\u00e8s son tout premier succ\u00e8s contre un membre du Top 20.<\/p>\n<p class=\"fig-paragraph\">Autre surprise du jour, la d\u00e9faite de Jessica Pegula au 3e tour, lors d&rsquo;une rencontre d\u00e9but\u00e9e mardi mais interrompue par la pluie, face \u00e0 la Polonaise Magda Linette (33 ans, 40e) 7-6 (7\/5), 3-6, 6-3. Les autres favoris ont assur\u00e9 mercredi, \u00e0 commencer par la N.1 mondiale et tenante du titre Aryna Sabalenka contre l&rsquo;Espagnole Jessica Bouzas Maneiro 6-1, 7-5, apr\u00e8s un tour pr\u00e9c\u00e9dent bien plus compliqu\u00e9 contre Emma Raducanu.<\/p>\n<p>Shelton toujours en course<\/p>\n<p class=\"fig-paragraph\">La Polonaise Iga Swiatek, N.3 mondiale, a, elle, domin\u00e9 la Roumaine Sorana Cirstea 6-4, 6-3. Chez les hommes, les deux cadors du circuit Jannik Sinner et Carlos Alcaraz se sont qualifi\u00e9s pour les quarts de finale, pour leur tournoi de reprise apr\u00e8s leur finale \u00e0 Wimbledon remport\u00e9e par l&rsquo;Italien.<\/p>\n<p class=\"fig-paragraph\">Sinner a vu son match contre le Fran\u00e7ais Adrian Mannarino interrompu par la pluie pendant pr\u00e8s de trois heures, pour un succ\u00e8s final 6-4, 7-6 (7\/4) et une 24e partie de suite gagn\u00e9e sur dur.<\/p>\n<p class=\"fig-paragraph\">Apr\u00e8s l&rsquo;interruption, les deux joueurs ont tenu leur mise en jeu dans le deuxi\u00e8me set jusqu&rsquo;au 10e jeu, o\u00f9 Sinner a fini par s&#8217;emparer du service du Fran\u00e7ais \u00e0 sa 4e balle de break. Servant pour le match \u00e0 6-5, Sinner a a vu le tricolore arracher un tie-break sur un magnifique retour court crois\u00e9. Mannarino a alors commis trop de fautes, et Sinner r\u00e9ussi trop d&rsquo;aces (trois dont les deux derniers points), permettant \u00e0 l&rsquo;Italien de s&rsquo;imposer en 1h51.<\/p>\n<p>                                    <a class=\"fig-a11y-skip a11y-hidden\" href=\"#fig-a11y-skip-main-inarticle_mtf\"><br \/>\n        Passer la publicit\u00e9<br \/>\n    <\/a><\/p>\n<p class=\"fig-paragraph\">Carlos Alcaraz s&rsquo;est lui facilement d\u00e9fait de l&rsquo;Italien Luca Nardi 6-1, 6-4 en soir\u00e9e. Au prochain tour, Sinner affrontera le Canadien F\u00e9lix Ager-Aliassime et Alcaraz le Russe Andrey Rublev. Vainqueur du Masters 1000 de Toronto la semaine pass\u00e9e, l&rsquo;Am\u00e9ricain Ben Shelton (6e) s&rsquo;est d\u00e9barrass\u00e9 de l&rsquo;Espagnol Bautista Agut 7-6 (7\/3), 6-3 au 3e tour, et disputera son 8e de finale jeudi contre le Tch\u00e8que Jiri Lehecka (26e).<\/p>\n<p class=\"fig-paragraph\">Apr\u00e8s avoir termin\u00e9 son 3e tour contre Brandon Nakashima plus t\u00f4t dans la journ\u00e9e, Alexander Zverev a lui profit\u00e9 de l&rsquo;abandon \u00e0 7-5, 3-0 de Karen Khachanov, qui l&rsquo;avait battu en demi-finale \u00e0 Toronto la semaine pass\u00e9e, pour franchir les 8e de finale.<\/p>\n","protected":false},"excerpt":{"rendered":"Issu des qualifications, le jeune tennisman fran\u00e7ais (23 ans) a \u00e9limin\u00e9 le 4e mondial Taylor Fritz ce mercredi&hellip;\n","protected":false},"author":2,"featured_media":318021,"comment_status":"","ping_status":"","sticky":false,"template":"","format":"standard","meta":{"footnotes":""},"categories":[1415],"tags":[4169,1011,27,60,1467],"class_list":{"0":"post-318020","1":"post","2":"type-post","3":"status-publish","4":"format-standard","5":"has-post-thumbnail","7":"category-tennis","8":"tag-atp","9":"tag-fr","10":"tag-france","11":"tag-sports","12":"tag-tennis"},"share_on_mastodon":{"url":"https:\/\/pubeurope.com\/@fr\/115025801548168352","error":""},"_links":{"self":[{"href":"https:\/\/www.europesays.com\/fr\/wp-json\/wp\/v2\/posts\/318020","targetHints":{"allow":["GET"]}}],"collection":[{"href":"https:\/\/www.europesays.com\/fr\/wp-json\/wp\/v2\/posts"}],"about":[{"href":"https:\/\/www.europesays.com\/fr\/wp-json\/wp\/v2\/types\/post"}],"author":[{"embeddable":true,"href":"https:\/\/www.europesays.com\/fr\/wp-json\/wp\/v2\/users\/2"}],"replies":[{"embeddable":true,"href":"https:\/\/www.europesays.com\/fr\/wp-json\/wp\/v2\/comments?post=318020"}],"version-history":[{"count":0,"href":"https:\/\/www.europesays.com\/fr\/wp-json\/wp\/v2\/posts\/318020\/revisions"}],"wp:featuredmedia":[{"embeddable":true,"href":"https:\/\/www.europesays.com\/fr\/wp-json\/wp\/v2\/media\/318021"}],"wp:attachment":[{"href":"https:\/\/www.europesays.com\/fr\/wp-json\/wp\/v2\/media?parent=318020"}],"wp:term":[{"taxonomy":"category","embeddable":true,"href":"https:\/\/www.europesays.com\/fr\/wp-json\/wp\/v2\/categories?post=318020"},{"taxonomy":"post_tag","embeddable":true,"href":"https:\/\/www.europesays.com\/fr\/wp-json\/wp\/v2\/tags?post=318020"}],"curies":[{"name":"wp","href":"https:\/\/api.w.org\/{rel}","templated":true}]}}