{"id":318028,"date":"2025-08-14T06:57:11","date_gmt":"2025-08-14T06:57:11","guid":{"rendered":"https:\/\/www.europesays.com\/fr\/318028\/"},"modified":"2025-08-14T06:57:11","modified_gmt":"2025-08-14T06:57:11","slug":"psg-tottenham-les-notes-des-joueurs-parisiens","status":"publish","type":"post","link":"https:\/\/www.europesays.com\/fr\/318028\/","title":{"rendered":"PSG \/ Tottenham \u2013 Les notes des joueurs parisiens &#8211;"},"content":{"rendered":"<p>Apr\u00e8s avoir \u00e9t\u00e9 men\u00e9 2-0, le PSG a r\u00e9ussi \u00e0 renverser la<br \/>\nfinale de la Supercoupe d\u2019Europe pour finalement s\u2019imposer lors de<br \/>\nla s\u00e9ance de tirs au but contre Tottenham (2-2, 4 t.a.b \u00e0<br \/>\n3).<\/p>\n<p>Pour son premier match de la saison 2025-2026, le<br \/>\n<strong>PSG<\/strong> a offert une rencontre \u00e0 rebondissements \u00e0 ses<br \/>\nsupporters. Apr\u00e8s avoir \u00e9t\u00e9 men\u00e9s 2-0, les joueurs de<br \/>\n<strong><a href=\"https:\/\/canal-supporters.com\/enrique-on-est-content-pour-nos-supporters\/\" title=\"\" target=\"_blank\" rel=\"noopener\">Luis Enrique<\/a><\/strong> ont r\u00e9ussi \u00e0 marquer deux buts<br \/>\ndans les dix derni\u00e8res minutes de la rencontre gr\u00e2ce \u00e0 deux<br \/>\nentrants, <strong>Lee Kang-in<\/strong> (85e) et <strong>Gon\u00e7alo<br \/>\nRamos<\/strong> (94e). Lors de la s\u00e9ance de tirs au but, malgr\u00e9 le<br \/>\nrat\u00e9 de <strong>Vitinha<\/strong>, le <strong>PSG<\/strong> s\u2019est<br \/>\nimpos\u00e9 gr\u00e2ce notamment \u00e0 un arr\u00eat de <strong>Lucas<br \/>\nChevalier<\/strong>. Pour son premier match avec les Rouge &amp; Bleu,<br \/>\nle portier a r\u00e9alis\u00e9 une bonne prestation, r\u00e9ussissant plusieurs<br \/>\nbelles parades dans le match, m\u00eame s\u2019il aurait pu \u00eatre plus d\u00e9cisif<br \/>\nsur le deuxi\u00e8me but des <strong>Spurs.<\/strong> En d\u00e9fense, la<br \/>\npaire <strong>Marquinhos-Willian Pacho<\/strong> s\u2019est encore<br \/>\nmontr\u00e9e solide, r\u00e9ussissant \u00e0 repousser le danger quand il le<br \/>\nfallait.\u00a0<\/p>\n<p>A voir aussi : <a href=\"https:\/\/canal-supporters.com\/dans-un-match-renversant-le-psg-remporte-la-supercoupe-deurope-face-a-tottenham\/\" title=\"\" target=\"_blank\" rel=\"noopener\">Dans un match renversant, le PSG remporte la Supercoupe<br \/>\nd\u2019Europe face \u00e0 Tottenham !!!!<\/a><\/p>\n<p><a href=\"https:\/\/x.com\/CanalSupporters\" target=\"_blank\" rel=\"noopener\" title=\"\">canalsupporters.com<\/a><\/p>\n<p>Bradley Barcola<br \/>\nomnipr\u00e9sent<\/p>\n<p>Apr\u00e8s seulement une semaine d\u2019entra\u00eenement,\u00a0<strong>Bradley<br \/>\nBarcola<\/strong>\u00a0semblait le joueur du <strong>PSG<\/strong> le<br \/>\nplus en jambe lors de cette finale de la <strong><a href=\"https:\/\/fr.uefa.com\/uefasupercup\/\" target=\"_blank\" rel=\"noopener\" title=\"\">Supercoupe d\u2019Europe<\/a><\/strong>. L\u2019international fran\u00e7ais<br \/>\na \u00e9t\u00e9 le plus dangereux avec ses d\u00e9bordements sur les c\u00f4t\u00e9s et ses<br \/>\ndribbles qui ont d\u00e9stabilis\u00e9 les d\u00e9fenseurs anglais. Il aurait pu<br \/>\nsonner la r\u00e9volte parisienne, mais son but a \u00e9t\u00e9 refus\u00e9 pour un<br \/>\nhors-jeu. Autre joueur en forme en attaque,\u00a0<strong><a href=\"https:\/\/canal-supporters.com\/dembele-souligne-limportance-des-entrants-lors-de-la-victoire-en-supercoupe\/\" target=\"_blank\" rel=\"noopener\">Ousmane<br \/>\nDemb\u00e9l\u00e9<\/a><\/strong>. Comme \u00e0 son habitude, le num\u00e9ro 10 du<br \/>\n<strong>PSG<\/strong> a fait des diff\u00e9rences, m\u00eame s\u2019il a p\u00e9ch\u00e9 dans<br \/>\nle dernier geste. Il est tout de m\u00eame d\u00e9cisif avec un magnifique<br \/>\ncentre pour <strong>Gon\u00e7alo Ramos<\/strong>, qui \u00e9galise en toute<br \/>\nfin de match. Leur comp\u00e8re de l\u2019attaque, <strong>Khvicha<br \/>\nKvaratskhelia<\/strong>, a \u00e9t\u00e9 beaucoup plus en difficult\u00e9,<br \/>\nn\u2019arrivant \u00e0 faire aucune diff\u00e9rence sur son c\u00f4t\u00e9. Replac\u00e9 au<br \/>\nmilieu de terrain, <strong>D\u00e9sir\u00e9 Dou\u00e9<\/strong> a, lui aussi, eu du<br \/>\nmal. Il ne savait pas trop o\u00f9 se placer et ses tentatives de<br \/>\ndribbles ont souvent \u00e9t\u00e9 stopp\u00e9es par la d\u00e9fense de<br \/>\n<strong>Tottenham<\/strong>. Titulaire en lieu et place de<br \/>\n<strong>Joao Neves<\/strong>, suspendu, <strong>Warren<br \/>\nZa\u00efre-Emery<\/strong> a v\u00e9cu un match difficile. Le titi parisien<br \/>\nn\u2019a certainement pas marqu\u00e9 de point aupr\u00e8s de <strong>Luis<br \/>\nEnrique<\/strong> pour un chamboulement du milieu <strong>Ruiz,<br \/>\nVitinha, Neves<\/strong>. Enfin, <strong>Achraf Hakimi<\/strong> a<br \/>\nsembl\u00e9 par encore en forme. L\u2019international marocain a perdu un<br \/>\nballon d\u00e8s le d\u00e9but du match qui aurait pu \u00eatre dangereux pour le<br \/>\n<strong>PSG<\/strong>. Il a \u00e9t\u00e9 brouillon dans son jeu, perdu<br \/>\nquelques ballons et n\u2019a pas apport\u00e9 son talent sur les phases<br \/>\noffensives parisiennes.\u00a0<\/p>\n<ul class=\"wp-block-list\">\n<li>Les notes des joueurs du <strong>PSG<\/strong> : Chevalier (6,5) \u2013 Hakimi (4), Marquinhos (6), Pacho (6), Mendes (5,5) \u2013 Za\u00efre-Emery (3), Vitinha (6), Dou\u00e9 (3,5) \u2013 Barcola (7), Demb\u00e9l\u00e9 (7), Kvaratskhelia (3)<\/li>\n<\/ul>\n","protected":false},"excerpt":{"rendered":"Apr\u00e8s avoir \u00e9t\u00e9 men\u00e9 2-0, le PSG a r\u00e9ussi \u00e0 renverser la finale de la Supercoupe d\u2019Europe pour&hellip;\n","protected":false},"author":2,"featured_media":318029,"comment_status":"","ping_status":"","sticky":false,"template":"","format":"standard","meta":{"footnotes":""},"categories":[1410],"tags":[14568,12460,9707,81,38756,787,12732,1640,1643,63,1011,27,17476,13297,26782,4668,791,28862,45629,45630,2782,13196,626,91,92,93,45027,39213,45028,60,44994,42411,39214,96,1620,13197,1621],"class_list":{"0":"post-318028","1":"post","2":"type-post","3":"status-publish","4":"format-standard","5":"has-post-thumbnail","7":"category-football","8":"tag-achraf-hakimi","9":"tag-barcola","10":"tag-bradley-barcola","11":"tag-canal-supporters","12":"tag-chevalier","13":"tag-cs","14":"tag-dembele","15":"tag-desire-doue","16":"tag-doue","17":"tag-football","18":"tag-fr","19":"tag-france","20":"tag-hakimi","21":"tag-khvicha-kvaratskhelia","22":"tag-kvaratskhelia","23":"tag-lucas-chevalier","24":"tag-marquinhos","25":"tag-notes","26":"tag-notes-des-joueurs-du-psg","27":"tag-notes-des-joueurs-parisiens","28":"tag-ousmane-dembele","29":"tag-pacho","30":"tag-paris","31":"tag-paris-saint-germain","32":"tag-paris-sg","33":"tag-psg","34":"tag-psg-tot","35":"tag-psg-tottenham","36":"tag-psgtot","37":"tag-sports","38":"tag-supercoupe","39":"tag-supercoupe-deurope","40":"tag-supercoupe-de-luefa","41":"tag-une","42":"tag-warren-zaire-emery","43":"tag-willian-pacho","44":"tag-zaire-emery"},"share_on_mastodon":{"url":"","error":"Validation failed: Text character limit of 500 exceeded"},"_links":{"self":[{"href":"https:\/\/www.europesays.com\/fr\/wp-json\/wp\/v2\/posts\/318028","targetHints":{"allow":["GET"]}}],"collection":[{"href":"https:\/\/www.europesays.com\/fr\/wp-json\/wp\/v2\/posts"}],"about":[{"href":"https:\/\/www.europesays.com\/fr\/wp-json\/wp\/v2\/types\/post"}],"author":[{"embeddable":true,"href":"https:\/\/www.europesays.com\/fr\/wp-json\/wp\/v2\/users\/2"}],"replies":[{"embeddable":true,"href":"https:\/\/www.europesays.com\/fr\/wp-json\/wp\/v2\/comments?post=318028"}],"version-history":[{"count":0,"href":"https:\/\/www.europesays.com\/fr\/wp-json\/wp\/v2\/posts\/318028\/revisions"}],"wp:featuredmedia":[{"embeddable":true,"href":"https:\/\/www.europesays.com\/fr\/wp-json\/wp\/v2\/media\/318029"}],"wp:attachment":[{"href":"https:\/\/www.europesays.com\/fr\/wp-json\/wp\/v2\/media?parent=318028"}],"wp:term":[{"taxonomy":"category","embeddable":true,"href":"https:\/\/www.europesays.com\/fr\/wp-json\/wp\/v2\/categories?post=318028"},{"taxonomy":"post_tag","embeddable":true,"href":"https:\/\/www.europesays.com\/fr\/wp-json\/wp\/v2\/tags?post=318028"}],"curies":[{"name":"wp","href":"https:\/\/api.w.org\/{rel}","templated":true}]}}